{"id":67807,"date":"2026-02-24T13:26:00","date_gmt":"2026-02-24T12:26:00","guid":{"rendered":"https:\/\/www.greenpeace.org\/denmark\/?p=67807"},"modified":"2026-02-24T21:54:22","modified_gmt":"2026-02-24T20:54:22","slug":"doedvande","status":"publish","type":"post","link":"https:\/\/www.greenpeace.org\/denmark\/nyhed\/landbrug\/doedvande\/","title":{"rendered":"D\u00f8dvande"},"content":{"rendered":"\n<p><strong>Christian Fromberg, der er kampagneleder hos Greenpeace, konfronterer i \u201cD\u00f8dvande\u201d den sn\u00e6vre magt, der \u00f8del\u00e6gger det f\u00e6lles bedste <\/strong><strong><em>\u2014 <\/em><\/strong><strong>ikke mindst for den gr\u00f8nne omstilling. Og bogen viser ogs\u00e5 vej ud af det politiske d\u00f8dvande. L\u00e6s mere om den h\u00f8jaktuelle bog fra Christian og medforfatterne.<\/strong><\/p>\n\n<figure class=\"wp-block-image size-large  caption-alignment-left\"><img loading=\"lazy\" decoding=\"async\" width=\"1024\" height=\"683\" src=\"https:\/\/www.greenpeace.org\/static\/planet4-denmark-stateless\/2025\/03\/4e6609c6-christian-fromberg-1h-\u00a9-henrik-hertz-_-greenpeace-1024x683.jpg\" title=\"Christian Fromberg, kampagneleder for landbrug, natur og skov, Greenpeace\" alt=\"Christian Fromberg, kampagneleder for landbrug, natur og skov, Greenpeace\" class=\"wp-image-63878\" srcset=\"https:\/\/www.greenpeace.org\/static\/planet4-denmark-stateless\/2025\/03\/4e6609c6-christian-fromberg-1h-\u00a9-henrik-hertz-_-greenpeace-1024x683.jpg 1024w, https:\/\/www.greenpeace.org\/static\/planet4-denmark-stateless\/2025\/03\/4e6609c6-christian-fromberg-1h-\u00a9-henrik-hertz-_-greenpeace-300x200.jpg 300w, https:\/\/www.greenpeace.org\/static\/planet4-denmark-stateless\/2025\/03\/4e6609c6-christian-fromberg-1h-\u00a9-henrik-hertz-_-greenpeace-768x512.jpg 768w, https:\/\/www.greenpeace.org\/static\/planet4-denmark-stateless\/2025\/03\/4e6609c6-christian-fromberg-1h-\u00a9-henrik-hertz-_-greenpeace-1536x1024.jpg 1536w, https:\/\/www.greenpeace.org\/static\/planet4-denmark-stateless\/2025\/03\/4e6609c6-christian-fromberg-1h-\u00a9-henrik-hertz-_-greenpeace-2048x1366.jpg 2048w, https:\/\/www.greenpeace.org\/static\/planet4-denmark-stateless\/2025\/03\/4e6609c6-christian-fromberg-1h-\u00a9-henrik-hertz-_-greenpeace-510x340.jpg 510w\" sizes=\"auto, (max-width: 1024px) 100vw, 1024px\" \/><figcaption class=\"wp-element-caption\">Kampagneleder Christian Fromberg er en travl herre, der ikke alene k\u00e6mper for et gr\u00f8nt og levedygtigt landbrug hos Greenpeace. Nu kan ogs\u00e5 kalde sig forfatter til &#8220;D\u00f8dvande&#8221;, der skarpt og levende spidder magten, der bringer naturen og klimaet i ubalance.<div class=\"credit icon-left\"> \u00a9 Henrik Hertz \/ Greenpeace<\/div><\/figcaption><\/figure>\n\n<p>En januarmorgen i 2025 breaker DR nyheden: Fiskeauktionerne i Nordjylland st\u00e5r halvtomme. Den nye CO\u2082-afgift har tvunget fiskerne v\u00e6k. To dage senere annoncerede ministeren, at afgiften udskydes i fem \u00e5r.<\/p>\n\n<p>Der var bare \u00e9t problem: Historien som DR bragte, var ikke sand. Fiskerne var ikke flygtet. Men da faktatjekkene kom, var skaden sket.<\/p>\n\n<p>M\u00e5ske har du ogs\u00e5 fornemmelsen af, at det ikke er en unik historie. At oplagte beslutninger aldrig tr\u00e6ffes. At milliarder ryger til m\u00e6rkelige projekter. At dem, der forurener, slipper af sted med det.&nbsp;<\/p>\n\n<p>Det er det, som bogen D\u00f8dvande handler om.&nbsp;<\/p>\n\n<blockquote class=\"wp-block-quote is-layout-flow wp-block-quote-is-layout-flow\">\n<p>Bogen f\u00f8lger pengene, forbindelserne og de lukkede d\u00f8re. Bogen fort\u00e6ller historien om, hvordan borgere har mistet magt, mens magtfulde s\u00e6rinteresser har tilranet sig stadig mere magt. Resultatet er, at vores samfund har mistet evnen til at forandre sig selv, netop som vi har mest brug for forandring.&nbsp; Men det er ogs\u00e5 en bog, der viser en vej ud af d\u00f8dvandet.<\/p>\n<\/blockquote>\n\n<h2 class=\"wp-block-heading\"><strong>Hvorfor forandring udebliver<\/strong><\/h2>\n\n<p>Der er nok af eksempler at tage af: Vores drikkevand bliver forurenet med spr\u00f8jtegifte. Vores fjorde er s\u00e5 godt som d\u00f8de. Et areal st\u00f8rre end Jylland bliver bundtrawlet i danske farvande.&nbsp;<\/p>\n\n<p>Det er problemer, som er velkendte, men som vi alligevel ikke form\u00e5r at l\u00f8se. Og det bliver tilbudt mange forklaringer p\u00e5 hvorfor: At problemerne er komplekse og sv\u00e6re. At det er \u00f8konomisk dyrt. At der er mangel p\u00e5 folkelig opbakning. At informationssystemet i dag er for flygtigt og for polariseret. Intet af det er forkert.&nbsp;<\/p>\n\n<p>Men tit &#8211; alt for tit &#8211; er svaret meget mere enkelt: At det er sn\u00e6vre, men magtfulde s\u00e6rinteresser, oftest erhvervsinteresser, der st\u00e5r i vejen for at l\u00f8se de problemer, vi st\u00e5r over for.&nbsp;<\/p>\n\n<p>Kernen i bogen er den simple p\u00e5stand, at sn\u00e6vre interessers uforholdsm\u00e6ssigt store magt er blevet den st\u00f8rste begr\u00e6nsning for, at vi skaber et bedre samfund.&nbsp;<\/p>\n\n<p>Se bare p\u00e5 fiskerne. Industrifiskeriet er i gang med at undergrave sig selv gennem overfiskeri og \u00f8del\u00e6ggelse af havbunden fra bundtrawl. Vi kender l\u00f8sningerne. Vi ved, hvorfor fiskene forsvinder. Vi ved, hvordan vi kunne f\u00e5 et levende hav tilbage. Det ville v\u00e6re langt billigere for os som samfund at omstille fiskeriet end fortsat at st\u00f8tte status quo, og det er ikke ligefrem, fordi der findes et folkeligt krav om at forts\u00e6tte bundtrawling af vores farvande. Alligevel f\u00e5r de fra politisk side lov at forts\u00e6tte.<\/p>\n\n<blockquote class=\"wp-block-quote is-layout-flow wp-block-quote-is-layout-flow\">\n<p>Magtfulde akt\u00f8rer og lobbygrupper s\u00f8ger at fremme deres egne kortsigtede \u00f8konomiske interesser, og n\u00e5r de ikke bliver holdt i skak, betaler resten af os prisen: Ren luft, rent drikkevand og et stabilt klima.&nbsp;<\/p>\n<\/blockquote>\n\n<p>Dem, der trives i og tjener en masse penge p\u00e5 status quo, n\u00e6sten per definition har en interesse i at bevare status quo. N\u00e5r industriens, landbrugets og resten af erhvervslivets etablerede \u00f8konomiske interesser har stor politisk indflydelse, s\u00e5 ender vi alts\u00e5 med politik, som i store tr\u00e6k bevarer det eksisterende. Tilbage st\u00e5r et samfund i d\u00f8dvande.&nbsp;<\/p>\n\n<p>Det harmonerer d\u00e5rligt med at h\u00e5ndtere udfordringer som eksempelvis klimakrisen, der kr\u00e6ver store samfundsforandrende beslutninger, herunder at nogle industrier uundg\u00e5eligt skal v\u00e6re mindre eller fundamentalt omstilles. Vi kan ikke lade tobaksindustrien v\u00e6kste, hvis vi vil have en bedre folkesundhed. Vi kan ikke bruge flere fossile br\u00e6ndsler, hvis vi \u00f8nsker et stabilt klima. Vi kan ikke bundtrawle vores farvande med k\u00e6mpe, dieselslugende skibe, hvis vi \u00f8nsker et levende hav.<\/p>\n\n<p>I bogen stiller vi skarpt p\u00e5 den magt som sn\u00e6vre \u00f8konomiske s\u00e6rinteresser har i dansk politik, og hvad den magt medf\u00f8rer. Vi viser, hvordan deres stigende magt over dansk politik, sp\u00e6nder ben for at lave politik for det f\u00e6lles bedste, ikke mindst i den gr\u00f8nne omstilling.&nbsp;<\/p>\n\n<p>Vi viser ogs\u00e5 en vej ud af d\u00f8dvandet. For hvis vi vil l\u00f8se de store samfundsudfordringer er vi n\u00f8dt til at h\u00e5ndtere s\u00e6rinteressernes stigende magt og genopbygge befolkningens forbindelser til det politiske system.<\/p>\n\n<p>&#8220;<em>D\u00f8dvande \u2014 Hvordan erhvervsinteresser overtog magten, og hvordan vi tager den tilbage<\/em>&#8221; <em>er udgivet af <\/em> <em>\u00d8kotopia og kan k\u00f8bes <a href=\"https:\/\/www.broeglitteraturbar.dk\/products\/dodvande-hvordan-erhvervsinteresser-overtog-magten-og-hvordan-vi-tager-den-tilbage\" target=\"_blank\" rel=\"noreferrer noopener\">HER<\/a><\/em><\/p>\n","protected":false},"excerpt":{"rendered":"<p>Kampagneleder Christian Fromberg konfronterer i \u201cD\u00f8dvande\u201d den sn\u00e6vre magt, der \u00f8del\u00e6gger det f\u00e6lles bedste \u2014 ikke mindst for den gr\u00f8nne omstilling. Og bogen viser ogs\u00e5 vej ud af det politiske d\u00f8dvande. L\u00e6s mere om den h\u00f8jaktuelle bog.<\/p>\n","protected":false},"author":21,"featured_media":62738,"comment_status":"open","ping_status":"closed","sticky":false,"template":"","format":"standard","meta":{"ep_exclude_from_search":false,"p4_og_title":"D\u00f8dvande","p4_og_description":"Kampagneleder Christian Fromberg konfronterer i \u201cD\u00f8dvande\u201d den sn\u00e6vre magt, der \u00f8del\u00e6gger det f\u00e6lles bedste \u2014 ikke mindst for den gr\u00f8nne omstilling. Og bogen viser ogs\u00e5 vej ud af det politiske d\u00f8dvande. L\u00e6s mere om den h\u00f8jaktuelle bog.","p4_og_image":"https:\/\/www.greenpeace.org\/static\/planet4-denmark-stateless\/2024\/10\/7b6df2c6-christian-fromberg-greenpeace-scaled.jpg","p4_og_image_id":"62738","p4_seo_canonical_url":"","p4_campaign_name":"","p4_local_project":"","p4_basket_name":"","p4_department":"","footnotes":""},"categories":[3,18],"tags":[23,51,62],"p4-page-type":[16],"class_list":["post-67807","post","type-post","status-publish","format-standard","has-post-thumbnail","hentry","category-landbrug","category-natur","tag-redhavet","tag-okosystem","tag-fremtidenslandbrug","p4-page-type-nyhed"],"_links":{"self":[{"href":"https:\/\/www.greenpeace.org\/denmark\/wp-json\/wp\/v2\/posts\/67807","targetHints":{"allow":["GET"]}}],"collection":[{"href":"https:\/\/www.greenpeace.org\/denmark\/wp-json\/wp\/v2\/posts"}],"about":[{"href":"https:\/\/www.greenpeace.org\/denmark\/wp-json\/wp\/v2\/types\/post"}],"author":[{"embeddable":true,"href":"https:\/\/www.greenpeace.org\/denmark\/wp-json\/wp\/v2\/users\/21"}],"replies":[{"embeddable":true,"href":"https:\/\/www.greenpeace.org\/denmark\/wp-json\/wp\/v2\/comments?post=67807"}],"version-history":[{"count":1,"href":"https:\/\/www.greenpeace.org\/denmark\/wp-json\/wp\/v2\/posts\/67807\/revisions"}],"predecessor-version":[{"id":67808,"href":"https:\/\/www.greenpeace.org\/denmark\/wp-json\/wp\/v2\/posts\/67807\/revisions\/67808"}],"wp:featuredmedia":[{"embeddable":true,"href":"https:\/\/www.greenpeace.org\/denmark\/wp-json\/wp\/v2\/media\/62738"}],"wp:attachment":[{"href":"https:\/\/www.greenpeace.org\/denmark\/wp-json\/wp\/v2\/media?parent=67807"}],"wp:term":[{"taxonomy":"category","embeddable":true,"href":"https:\/\/www.greenpeace.org\/denmark\/wp-json\/wp\/v2\/categories?post=67807"},{"taxonomy":"post_tag","embeddable":true,"href":"https:\/\/www.greenpeace.org\/denmark\/wp-json\/wp\/v2\/tags?post=67807"},{"taxonomy":"p4-page-type","embeddable":true,"href":"https:\/\/www.greenpeace.org\/denmark\/wp-json\/wp\/v2\/p4-page-type?post=67807"}],"curies":[{"name":"wp","href":"https:\/\/api.w.org\/{rel}","templated":true}]}}