{"id":82999,"date":"2026-09-01T04:00:00","date_gmt":"2026-09-01T02:00:00","guid":{"rendered":"https:\/\/www.greenpeace.org\/denmark\/?p=82999"},"modified":"2026-08-31T19:42:49","modified_gmt":"2026-08-31T17:42:49","slug":"det-reelle-klimaaftryk-af-licensforlaengelser-i-nordsoeen","status":"publish","type":"post","link":"https:\/\/www.greenpeace.org\/denmark\/udgivelse\/klimaforandringer\/det-reelle-klimaaftryk-af-licensforlaengelser-i-nordsoeen\/","title":{"rendered":"Det reelle klimaaftryk af licensforl\u00e6ngelser i Nords\u00f8en\u00a0"},"content":{"rendered":"\n<p class=\"wp-block-paragraph\"><strong><strong>Dette Greenpeace-notat estimerer for f\u00f8rste gang, hvad den samlede klimaregning bliver for den foresl\u00e5ede forl\u00e6ngelse af olie- og gasproduktionen i Nords\u00f8en. Ingen af de tal, der indtil nu har v\u00e6ret fremlagt fra regeringen og olieindustrien, har medregnet selve afbr\u00e6ndingen af den \u00f8gede produktion, selvom den udg\u00f8r langt hovedparten af udledningerne i det globale klimaregnskab.<\/strong><\/strong><\/p>\n\n<figure class=\"wp-block-image size-large\"><img loading=\"lazy\" decoding=\"async\" width=\"1024\" height=\"576\" title=\"Olie p\u00e5 b\u00e5let - bred\" src=\"https:\/\/www.greenpeace.org\/static\/planet4-denmark-stateless\/2026\/08\/b308c93f-design-uden-navn-8-1024x576.png\" alt=\"\" class=\"wp-image-83008\" srcset=\"https:\/\/www.greenpeace.org\/static\/planet4-denmark-stateless\/2026\/08\/b308c93f-design-uden-navn-8-1024x576.png 1024w, https:\/\/www.greenpeace.org\/static\/planet4-denmark-stateless\/2026\/08\/b308c93f-design-uden-navn-8-300x169.png 300w, https:\/\/www.greenpeace.org\/static\/planet4-denmark-stateless\/2026\/08\/b308c93f-design-uden-navn-8-768x432.png 768w, https:\/\/www.greenpeace.org\/static\/planet4-denmark-stateless\/2026\/08\/b308c93f-design-uden-navn-8-1536x864.png 1536w, https:\/\/www.greenpeace.org\/static\/planet4-denmark-stateless\/2026\/08\/b308c93f-design-uden-navn-8-510x287.png 510w, https:\/\/www.greenpeace.org\/static\/planet4-denmark-stateless\/2026\/08\/b308c93f-design-uden-navn-8.png 1920w\" sizes=\"auto, (max-width: 1024px) 100vw, 1024px\" \/><figcaption aria-hidden=\"true\" class=\"wp-element-caption\">Greenpeace freml\u00e6gger i notatet &#8220;Olie p\u00e5 b\u00e5let&#8221; for f\u00f8rste gang et estimat af de samlede drivhusgasudledninger, som vil f\u00f8lge af en licensforl\u00e6ngelse for olie- og gasfelterne i Nords\u00f8en.<div class=\"credit icon-left\"> \u00a9 Greenpeace<\/div><\/figcaption><\/figure>\n\n<p class=\"wp-block-paragraph\">Regeringen overvejer lige nu at forl\u00e6nge de danske olie- og gaslicenser i Nords\u00f8en fra 2042 til 2050 og samtidig tillade, at der \u00e5bnes et helt nyt gasfelt &#8211; Adda-feltet\/Tyra Nord. Hvis det g\u00e5r igennem, vil det give mellem 34-43 gange flere drivhusgasudledninger end hvad regeringen og olieselskabet TotalEnergies samt Dansk Undergrunds Consortium (DUC) hidtil har fremlagt. De officielle tal mangler nemlig udledningerne fra selve <em>afbr\u00e6ndingen<\/em> af olien og gassen (de s\u00e5kaldte Scope 3-udledninger).<\/p>\n\n<p class=\"wp-block-paragraph\">Disse udledninger skal if\u00f8lge<a href=\"https:\/\/ekn.naevneneshus.dk\/afgoerelse\/5be61299-785c-4e78-96ab-c7a14a1bb03f\"> Energiklagen\u00e6vnet<\/a>, EFTA-domstolen (E-18\/24), Den Internationale Domstols vejledende udtalelse af 23. juli 2025 og Den Europ\u00e6iske Menneskerettighedsdomstols dom i Greenpeace Nordic-sagen, ogs\u00e5 freml\u00e6gges f\u00f8r der tages stilling til et projekt.<\/p>\n\n<h2 class=\"wp-block-heading\"><strong>De to scenarier for forl\u00e6ngelse<\/strong><\/h2>\n\n<p class=\"wp-block-paragraph\">Notatet tager udgangspunkt i TotalEnergis og Dansk Undergrunds Consortiums (DUC) egne indvindingsscenarier frem mod 2050 og sammenligner dem med grundscenariet (hvor licenserne udl\u00f8ber i 2042):<\/p>\n\n<ul class=\"wp-block-list\">\n<li><strong>Scenarie A:<\/strong> Licensforl\u00e6ngelse til 2050 + udbygning af Tyra Nord\/Adda-feltet.\n<ul class=\"wp-block-list\">\n<li><em>Ekstra produktion:<\/em> +131 mio. t\u00f8nder olie\u00e6kvivalenter.<\/li>\n<\/ul>\n<\/li>\n\n\n\n<li><strong>Scenarie B:<\/strong> Scenarie A + udnyttelse af resten af DUC&#8217;s identificerede ressourcer.\n<ul class=\"wp-block-list\">\n<li><em>Ekstra produktion:<\/em> +247 mio. t\u00f8nder olie\u00e6kvivalenter.<\/li>\n<\/ul>\n<\/li>\n<\/ul>\n\n<p class=\"wp-block-paragraph\">N\u00e5r man medregner b\u00e5de indvinding og den efterf\u00f8lgende afbr\u00e6nding af olien og gassen, ser regnestykket s\u00e5ledes ud:<\/p>\n\n<figure class=\"wp-block-table\"><table class=\"has-blue-background-color has-background has-fixed-layout\"><tbody><tr><td><strong>Scenarie<\/strong><\/td><td><strong>DUC&#8217;s fremlagte tal (kun udvinding)<\/strong><\/td><td><strong>Det samlede klimaaftryk (udvinding + afbr\u00e6nding)<\/strong><\/td><td><strong>Forskelsfaktor<\/strong><\/td><\/tr><tr><td><strong>Scenarie A<\/strong><\/td><td>1,4 mio. ton CO\u2082e<\/td><td><strong>47,7 mio. ton CO\u2082e<\/strong><\/td><td><strong>34 gange h\u00f8jere<\/strong><\/td><\/tr><tr><td><strong>Scenarie B<\/strong><\/td><td>2,1 mio. ton CO\u2082e<\/td><td><strong>90,0 mio. ton CO\u2082e<\/strong><\/td><td><strong>43 gange h\u00f8jere<\/strong><\/td><\/tr><\/tbody><\/table><\/figure>\n\n<p class=\"wp-block-paragraph\"><em>Bem\u00e6rk: En betydelig del af disse udledninger vil ske allerede inden 2042, fordi nye felter (som Adda\/Tyra Nord) s\u00e6ttes i produktion tidligere (fra 2029).<\/em><\/p>\n\n<div data-wp-interactive=\"core\/file\" class=\"wp-block-file\"><object data-wp-bind--hidden=\"!state.hasPdfPreview\" hidden class=\"wp-block-file__embed\" data=\"https:\/\/www.greenpeace.org\/static\/planet4-denmark-stateless\/2026\/08\/eb050dd1-olie-paa-baalet.pdf\" type=\"application\/pdf\" style=\"width:100%;height:600px\" aria-label=\"Embed Olie pa\u030a ba\u030alet: Klimaaftrykket fra forl\u00e6ngelse af&lt;br&gt;olie- og gaslicenser i Nords\u00f8en.\"><\/object><a id=\"wp-block-file--media-0dde9f4a-114e-4ff7-a2a0-18106316e21f\" href=\"https:\/\/www.greenpeace.org\/static\/planet4-denmark-stateless\/2026\/08\/eb050dd1-olie-paa-baalet.pdf\">Olie pa\u030a ba\u030alet: Klimaaftrykket fra forl\u00e6ngelse af<br>olie- og gaslicenser i Nords\u00f8en<\/a><\/div>\n","protected":false},"excerpt":{"rendered":"<p>Dette Greenpeace-notat estimerer for f\u00f8rste gang, hvad den samlede klimaregning bliver for den foresl\u00e5ede forl\u00e6ngelse af olie- og gasproduktionen i Nords\u00f8en. <\/p>\n","protected":false},"author":35,"featured_media":83001,"comment_status":"closed","ping_status":"closed","sticky":false,"template":"","format":"standard","meta":{"_acf_changed":false,"ep_exclude_from_search":false,"p4_og_title":"Det reelle klimaaftryk af licensforl\u00e6ngelser i Nords\u00f8en","p4_og_description":"Dette Greenpeace-notat estimerer for f\u00f8rste gang, hvad den samlede klimaregning bliver for den foresl\u00e5ede forl\u00e6ngelse af olie- og gasproduktionen i Nords\u00f8en. Ingen af de tal, der indtil nu har v\u00e6ret fremlagt fra regeringen og olieindustrien, har medregnet selve afbr\u00e6ndingen af den \u00f8gede produktion, selvom den udg\u00f8r langt hovedparten af udledningerne i det globale klimaregnskab.","p4_og_image":"","p4_og_image_id":"","p4_seo_canonical_url":"","p4_campaign_name":"Climate Accountability","p4_local_project":"","p4_basket_name":"Climate &amp; Energy","p4_department":"","footnotes":""},"categories":[1],"tags":[19,24],"p4-page-type":[15],"class_list":["post-82999","post","type-post","status-publish","format-standard","has-post-thumbnail","hentry","category-klimaforandringer","tag-fossilenergi","tag-klima","p4-page-type-udgivelse"],"acf":[],"_links":{"self":[{"href":"https:\/\/www.greenpeace.org\/denmark\/wp-json\/wp\/v2\/posts\/82999","targetHints":{"allow":["GET"]}}],"collection":[{"href":"https:\/\/www.greenpeace.org\/denmark\/wp-json\/wp\/v2\/posts"}],"about":[{"href":"https:\/\/www.greenpeace.org\/denmark\/wp-json\/wp\/v2\/types\/post"}],"author":[{"embeddable":true,"href":"https:\/\/www.greenpeace.org\/denmark\/wp-json\/wp\/v2\/users\/35"}],"replies":[{"embeddable":true,"href":"https:\/\/www.greenpeace.org\/denmark\/wp-json\/wp\/v2\/comments?post=82999"}],"version-history":[{"count":5,"href":"https:\/\/www.greenpeace.org\/denmark\/wp-json\/wp\/v2\/posts\/82999\/revisions"}],"predecessor-version":[{"id":83011,"href":"https:\/\/www.greenpeace.org\/denmark\/wp-json\/wp\/v2\/posts\/82999\/revisions\/83011"}],"wp:featuredmedia":[{"embeddable":true,"href":"https:\/\/www.greenpeace.org\/denmark\/wp-json\/wp\/v2\/media\/83001"}],"wp:attachment":[{"href":"https:\/\/www.greenpeace.org\/denmark\/wp-json\/wp\/v2\/media?parent=82999"}],"wp:term":[{"taxonomy":"category","embeddable":true,"href":"https:\/\/www.greenpeace.org\/denmark\/wp-json\/wp\/v2\/categories?post=82999"},{"taxonomy":"post_tag","embeddable":true,"href":"https:\/\/www.greenpeace.org\/denmark\/wp-json\/wp\/v2\/tags?post=82999"},{"taxonomy":"p4-page-type","embeddable":true,"href":"https:\/\/www.greenpeace.org\/denmark\/wp-json\/wp\/v2\/p4-page-type?post=82999"}],"curies":[{"name":"wp","href":"https:\/\/api.w.org\/{rel}","templated":true}]}}