{"id":925,"date":"2010-11-10T15:37:00","date_gmt":"2010-11-10T14:37:00","guid":{"rendered":"https:\/\/www.greenpeace.org\/denmark\/div\/dong-lukker-2-blokke-paa-enstedvaerket-og-stigsnaesvaerket-men-fyrer-mere-kul-paa-avedoerevaerket\/"},"modified":"2023-01-20T10:58:28","modified_gmt":"2023-01-20T09:58:28","slug":"dong-lukker-2-blokke-paa-enstedvaerket-og-stigsnaesvaerket-men-fyrer-mere-kul-paa-avedoerevaerket","status":"publish","type":"post","link":"https:\/\/www.greenpeace.org\/denmark\/nyhed\/klimaforandringer\/dong-lukker-2-blokke-paa-enstedvaerket-og-stigsnaesvaerket-men-fyrer-mere-kul-paa-avedoerevaerket\/","title":{"rendered":"DONG lukker 2 blokke p\u00e5 Enstedv\u00e6rket og Stigsn\u00e6sv\u00e6rket \u2013 men fyrer mere kul p\u00e5 Aved\u00f8rev\u00e6rket"},"content":{"rendered":"<p>Greenpeace har dokumenteret, at der i mange \u00e5r har v\u00e6ret en stor overkapacitet til elproduktion i Danmark. Der var over 2000 MW un\u00f8dvendig kapacitet allerede inden den \u00f8konomiske nedtur, som har f\u00f8rt til et mindsket el- og energiforbrug de sidste 2 \u00e5r.<\/p>\n<p>For at f\u00e5 startet udfasningen af de kulfyrede kraftv\u00e6rker, der leverer halvdelen af Danmark elproduktion \u2013 gennemf\u00f8rte Greenpeace i 2004 og 2008 to store aktioner p\u00e5 netop Stigsn\u00e6sv\u00e6rket og Enstedv\u00e6rket med opfordring til DONG om at skrotte de to kraftv\u00e6rksblokke p\u00e5 henholdsvis 260 MW og 633 MW. Dengang var de begge kulfyrede, men i 2009 var elproduktionen s\u00e5 lille p\u00e5 Stigsn\u00e6sv\u00e6rket, at man her valgte at bruge fuelolie i stedet for kul.<\/p>\n<p>Nu har DONG s\u00e5 endelig besluttet at smide de to blokke i m\u00f8lpose fra 1. januar 2013, og det er b\u00e5de et forst\u00e5eligt og godt skridt i den rigtige retning. Man skal dog ikke glemme, at der ikke er tale om en egentlig skrotning. De er \u201dlagt i m\u00f8lpose\u201d og DONG kan derfor s\u00e6tte dem i drift igen, hvis de sk\u00f8nner det rentabelt. Lukningen vil ikke n\u00f8dvendigvis f\u00f8re til, at kulforbruget til elproduktion vil falde \u2013 DONG kan og vil for\u00f8ge elproduktionen p\u00e5 andre kulfyrede kraftv\u00e6rksblokke.<\/p>\n<p>I det lys skal det derfor ses, at DONG fortsat planl\u00e6gger at ombygge den i dag kulfri blok 2 p\u00e5 Aved\u00f8rev\u00e6rket til at fyre med kul.&nbsp;Endda med Milj\u00f8ministerens endelige VVM-godkendelse i oktober, til trods af, at denne br\u00e6ndselsoml\u00e6gning vil kunne f\u00f8re til et markant for\u00f8get kulforbrug p\u00e5 Aved\u00f8rev\u00e6rket \u2013 og et tilsvarende markant for\u00f8get udslip af kviks\u00f8lv og andre tungmetaller. Det burde milj\u00f8ministeren have sagt nej til.<\/p>\n<p>Hun har ansvaret for, at Danmark kan leve op til kravene om at tilvejebringe god \u00f8kologisk tilstand i Natura 2000-omr\u00e5derne, hvoraf et af dem er \u201dVestamager og havet syd for\u201d beliggende klods op af Aved\u00f8rev\u00e6rket. I dette omr\u00e5de har bl\u00e5muslinger en kviks\u00f8lv-koncentration, der i dag er 2,5 til 10 h\u00f8jere end milj\u00f8kvalitetskravet for kviks\u00f8lv i biota!<\/p>\n<p>Denne nu tilladte ombygning af Aved\u00f8re 2 til kul viser, at klima- og energiminister Lykke Friis\u2019s \u00e6rinde med til Jyllands-Posten \u2013 dagen efter milj\u00f8ministerens tilladelse \u2013 at proklamere, at nu skal <a href=\"http:\/\/www.information.dk\/248515\">kullene ud af kraftv\u00e6rkerne i de store byer og erstattes af biomasse<\/a>, var et pinligt fors\u00f8g p\u00e5 at skjule, at regeringen som sin f\u00f8rste handling efter klimakommissionen offentliggjorde sin rapport nu har givet tilladelse til, at DONG kan \u00f8ge kulforbruget p\u00e5 Aved\u00f8rev\u00e6rket med helt op til en faktor 2,8.<\/p>\n<div class=\"EmptyMessage\">Block content is empty. Check the block&#8217;s settings or remove it.<\/div>","protected":false},"excerpt":{"rendered":"<p>Greenpeace har dokumenteret, at der i mange \u00e5r har v\u00e6ret en stor overkapacitet til elproduktion i Danmark. Der var over 2000 MW un\u00f8dvendig kapacitet allerede inden den \u00f8konomiske nedtur, som har f\u00f8rt til et mindsket el- og energiforbrug de sidste 2 \u00e5r.<\/p>\n","protected":false},"author":25,"featured_media":843,"comment_status":"open","ping_status":"open","sticky":false,"template":"","format":"standard","meta":{"ep_exclude_from_search":false,"p4_og_title":"","p4_og_description":"","p4_og_image":"","p4_og_image_id":"","p4_seo_canonical_url":"","p4_campaign_name":"not set","p4_local_project":"not set","p4_basket_name":"not set","p4_department":"","footnotes":""},"categories":[1],"tags":[19,25],"p4-page-type":[16],"class_list":["post-925","post","type-post","status-publish","format-standard","has-post-thumbnail","hentry","category-klimaforandringer","tag-fossilenergi","tag-klimalosninger","p4-page-type-nyhed"],"_links":{"self":[{"href":"https:\/\/www.greenpeace.org\/denmark\/wp-json\/wp\/v2\/posts\/925","targetHints":{"allow":["GET"]}}],"collection":[{"href":"https:\/\/www.greenpeace.org\/denmark\/wp-json\/wp\/v2\/posts"}],"about":[{"href":"https:\/\/www.greenpeace.org\/denmark\/wp-json\/wp\/v2\/types\/post"}],"author":[{"embeddable":true,"href":"https:\/\/www.greenpeace.org\/denmark\/wp-json\/wp\/v2\/users\/25"}],"replies":[{"embeddable":true,"href":"https:\/\/www.greenpeace.org\/denmark\/wp-json\/wp\/v2\/comments?post=925"}],"version-history":[{"count":6,"href":"https:\/\/www.greenpeace.org\/denmark\/wp-json\/wp\/v2\/posts\/925\/revisions"}],"predecessor-version":[{"id":55089,"href":"https:\/\/www.greenpeace.org\/denmark\/wp-json\/wp\/v2\/posts\/925\/revisions\/55089"}],"wp:featuredmedia":[{"embeddable":true,"href":"https:\/\/www.greenpeace.org\/denmark\/wp-json\/wp\/v2\/media\/843"}],"wp:attachment":[{"href":"https:\/\/www.greenpeace.org\/denmark\/wp-json\/wp\/v2\/media?parent=925"}],"wp:term":[{"taxonomy":"category","embeddable":true,"href":"https:\/\/www.greenpeace.org\/denmark\/wp-json\/wp\/v2\/categories?post=925"},{"taxonomy":"post_tag","embeddable":true,"href":"https:\/\/www.greenpeace.org\/denmark\/wp-json\/wp\/v2\/tags?post=925"},{"taxonomy":"p4-page-type","embeddable":true,"href":"https:\/\/www.greenpeace.org\/denmark\/wp-json\/wp\/v2\/p4-page-type?post=925"}],"curies":[{"name":"wp","href":"https:\/\/api.w.org\/{rel}","templated":true}]}}