{"id":21,"count":126,"description":"Herunder har vi samlet vores indhold, der handler om forbrug. Det er f\u00f8rst og fremmest virksomheder og politikere, der har ansvaret for den gr\u00f8nne omstilling, men det er vigtigt, at vi hver is\u00e6r bidrager, hvor vi kan. Savner du inspiration, s\u00e5 kan du finde tips og tricks til, hvad du selv kan g\u00f8re.","link":"https:\/\/www.greenpeace.org\/denmark\/tag\/forbrug\/","name":"forbrug","slug":"forbrug","taxonomy":"post_tag","meta":[],"_links":{"self":[{"href":"https:\/\/www.greenpeace.org\/denmark\/wp-json\/wp\/v2\/tags\/21","targetHints":{"allow":["GET"]}}],"collection":[{"href":"https:\/\/www.greenpeace.org\/denmark\/wp-json\/wp\/v2\/tags"}],"about":[{"href":"https:\/\/www.greenpeace.org\/denmark\/wp-json\/wp\/v2\/taxonomies\/post_tag"}],"wp:post_type":[{"href":"https:\/\/www.greenpeace.org\/denmark\/wp-json\/wp\/v2\/posts?tags=21"},{"href":"https:\/\/www.greenpeace.org\/denmark\/wp-json\/wp\/v2\/pages?tags=21"},{"href":"https:\/\/www.greenpeace.org\/denmark\/wp-json\/wp\/v2\/p4_action?tags=21"}],"curies":[{"name":"wp","href":"https:\/\/api.w.org\/{rel}","templated":true}]}}