{"id":27,"name":"Sune Scheller","url":"","description":"Sune er ansvarlig for og driver kampagnerne p\u00e5 det danske kontor, b\u00e5de \u201chands on\u201d i det daglige arbejde og p\u00e5 st\u00f8rre strategisk niveau. Tidligere har Sune i en \u00e5rr\u00e6kke arbejdet som international projektleder for st\u00f8rre kampagner og politisk arbejde.","link":"https:\/\/www.greenpeace.org\/denmark\/author\/sschelle\/","slug":"sschelle","avatar_urls":{"24":"https:\/\/secure.gravatar.com\/avatar\/2a1e18728003baa41de55105cd70523aa8c522cfbfb4d75047c897be7c896a89?s=24&d=mm&r=g","48":"https:\/\/secure.gravatar.com\/avatar\/2a1e18728003baa41de55105cd70523aa8c522cfbfb4d75047c897be7c896a89?s=48&d=mm&r=g","96":"https:\/\/secure.gravatar.com\/avatar\/2a1e18728003baa41de55105cd70523aa8c522cfbfb4d75047c897be7c896a89?s=96&d=mm&r=g"},"meta":[],"_links":{"self":[{"href":"https:\/\/www.greenpeace.org\/denmark\/wp-json\/wp\/v2\/users\/27","targetHints":{"allow":["GET"]}}],"collection":[{"href":"https:\/\/www.greenpeace.org\/denmark\/wp-json\/wp\/v2\/users"}]}}