{"id":2194,"date":"2019-01-22T11:18:27","date_gmt":"2019-01-22T10:18:27","guid":{"rendered":"https:\/\/www.greenpeace.org\/eu-unit\/?p=2194"},"modified":"2019-11-06T09:33:43","modified_gmt":"2019-11-06T08:33:43","slug":"letter-juncker-bees-exposed-dangerous-pesticides","status":"publish","type":"post","link":"https:\/\/www.greenpeace.org\/eu-unit\/issues\/nature-food\/2194\/letter-juncker-bees-exposed-dangerous-pesticides\/","title":{"rendered":"Bees still exposed to dangerous pesticides"},"content":{"rendered":"<p><strong>Despite EU ban of three neonicotinoids, bees are still at risk<\/strong><\/p>\n<p>Greenpeace and over 50 other organisations <a href=\"https:\/\/www.greenpeace.org\/static\/planet4-eu-unit-stateless\/2019\/09\/4a01a86a-20190122-letter-juncker-bees-dangerous-pesticides.pdf\">wrote to European Commission president Jean-Claude Juncker<\/a> calling on him to ensure EU countries apply the EU ban of three neonicotinoids, and that all bee-harming pesticides are similarly banned without further delay, in line with EU regulations.<\/p>\n<p>European Commissioner for health and food safety Vytenis Andriukaitis <a href=\"https:\/\/www.greenpeace.org\/static\/planet4-eu-unit-stateless\/2019\/09\/2fabc0ba-20190219-response-andriukaitis-bees-pesticides.pdf\">responded<\/a>.<\/p>\n<p><img loading=\"lazy\" decoding=\"async\" class=\"alignnone size-full wp-image-1355\" src=\"https:\/\/www.greenpeace.org\/static\/planet4-eu-unit-stateless\/2018\/08\/df88f093-df88f093-bumble-bee-on-flower_web_size_with_credit_line.jpg\" alt=\"\" width=\"800\" height=\"533\" srcset=\"https:\/\/www.greenpeace.org\/static\/planet4-eu-unit-stateless\/2018\/08\/df88f093-df88f093-bumble-bee-on-flower_web_size_with_credit_line.jpg 800w, https:\/\/www.greenpeace.org\/static\/planet4-eu-unit-stateless\/2018\/08\/df88f093-df88f093-bumble-bee-on-flower_web_size_with_credit_line-300x200.jpg 300w, https:\/\/www.greenpeace.org\/static\/planet4-eu-unit-stateless\/2018\/08\/df88f093-df88f093-bumble-bee-on-flower_web_size_with_credit_line-768x512.jpg 768w, https:\/\/www.greenpeace.org\/static\/planet4-eu-unit-stateless\/2018\/08\/df88f093-df88f093-bumble-bee-on-flower_web_size_with_credit_line-510x340.jpg 510w\" sizes=\"auto, (max-width: 800px) 100vw, 800px\" \/><\/p>\n<p><strong>The list of organisations co-signing the letter:<\/strong><\/p>\n<p><strong>International organisations<\/strong><br \/>\nAvaaz<br \/>\nBeeLife &#8211; European Beekeeping Coordination<br \/>\nEuropean Professional Beekeeping Association (EPBA)<br \/>\nFriends of the Earth Europe<br \/>\nInternational Federation of Beekeepers&#8217; Associations (APIMONDIA), WG on Adverse effects of Agrochemicals and Bee medicines on bees<br \/>\nSlow Food Europe<br \/>\nSumOfUs<br \/>\nPesticide Action Network Europe<br \/>\nWomen Engage for a Common Future (WECF)<\/p>\n<p><strong>National, regional and local organisations<\/strong><br \/>\nApiculture Research Educational Center, Greece<br \/>\nApiservices, France<br \/>\nArchev\u00each\u00e9 de Luxembourg<br \/>\nAsociaci\u00f3n Espa\u00f1ola de Apicultores, Spain<br \/>\nAttac Luxembourg<br \/>\nBee Garden, Spain<br \/>\nBijenstichting, Netherlands<br \/>\nBio-L\u00ebtzebuerg Vereenegung fir Bio-Landwirtschaft, Luxembourg<br \/>\nBuglife, UK<br \/>\nBUND, Germany<br \/>\nECOCITY, Greece<br \/>\nEcological Council, Denmark<br \/>\nEcologistas en acci\u00f3n, Spain<br \/>\nEmweltberodung L\u00ebtzebuerg (EBL), Luxembourg<br \/>\nEarth Thrive, Serbia<br \/>\netika Luxembourg<br \/>\nEurope and we, Bulgaria<br \/>\nFederation of Greek Beekeepers\u2019 Associations (OMSE). Greece<br \/>\nFederation of Irish Beekeepers\u2019 Associations (FIBKA), Ireland<br \/>\nFederation of Romanian Beekeepers\u2019 Associations (ROMAPIS), Romania<br \/>\nFederation SEPANSO, France<br \/>\nFriends of the Earth Cyprus<br \/>\nFriends of the Earth England Wales and Northern Ireland<br \/>\nGlobal 2000, Austria<br \/>\nItalian Foundation for Research in Organic and Biodynamic Agriculture (FIRAB), Italy<br \/>\nLatvian Fund for Nature, Latvia<br \/>\nMellifera e. V., Germany<br \/>\nMouvement \u00e9cologique, Luxembourg<br \/>\nnatur&amp;\u00ebmwelt, Luxembourg<br \/>\nPesticide Action Network UK<br \/>\nPestizid Aktions-Netzwerk, Germany<br \/>\nPollinis, France<br \/>\nRedMonta\u00f1as, Spain<br \/>\nSEO\/Birdlife, Spain<br \/>\nSlovak Beekeepers Association, Slovakia<br \/>\nSlow Food L\u00ebtzebuerg Som fir d&#8217;Erhalen an d&#8217; Entw\u00e9cklung vun der Diversit\u00e9it (SEED), Luxembourg SOS Faim Luxembourg<br \/>\nSyndicat national d&#8217;apiculture, France<br \/>\nThe Pollinators, Netherlands<br \/>\nUmweltinstitut M\u00fcnchen, Germany<br \/>\nUnion Nationale de l\u2019Apiculture Fran\u00e7aise (UNAF), France Veginfo Luxembourg<br \/>\nVia Pontica Foundation, Bulgaria<br \/>\nVilde bier, Denmark<br \/>\nWild Bee, Switzerland<\/p>\n","protected":false},"excerpt":{"rendered":"<p>Despite EU ban of three neonicotinoids, bees are still at risk Greenpeace and over 50 other organisations wrote to European Commission president Jean-Claude Juncker calling on him to ensure EU&hellip;<\/p>\n","protected":false},"author":7,"featured_media":1355,"comment_status":"closed","ping_status":"open","sticky":false,"template":"","format":"standard","meta":{"ep_exclude_from_search":false,"p4_og_title":"","p4_og_description":"","p4_og_image":"","p4_og_image_id":"","p4_seo_canonical_url":"","p4_campaign_name":"","p4_local_project":"","p4_basket_name":"","p4_department":"","footnotes":""},"categories":[3],"tags":[26,36],"p4-page-type":[19],"class_list":["post-2194","post","type-post","status-publish","format-standard","has-post-thumbnail","hentry","category-nature-food","tag-farming","tag-pesticides","p4-page-type-letter"],"_links":{"self":[{"href":"https:\/\/www.greenpeace.org\/eu-unit\/wp-json\/wp\/v2\/posts\/2194","targetHints":{"allow":["GET"]}}],"collection":[{"href":"https:\/\/www.greenpeace.org\/eu-unit\/wp-json\/wp\/v2\/posts"}],"about":[{"href":"https:\/\/www.greenpeace.org\/eu-unit\/wp-json\/wp\/v2\/types\/post"}],"author":[{"embeddable":true,"href":"https:\/\/www.greenpeace.org\/eu-unit\/wp-json\/wp\/v2\/users\/7"}],"replies":[{"embeddable":true,"href":"https:\/\/www.greenpeace.org\/eu-unit\/wp-json\/wp\/v2\/comments?post=2194"}],"version-history":[{"count":2,"href":"https:\/\/www.greenpeace.org\/eu-unit\/wp-json\/wp\/v2\/posts\/2194\/revisions"}],"predecessor-version":[{"id":2198,"href":"https:\/\/www.greenpeace.org\/eu-unit\/wp-json\/wp\/v2\/posts\/2194\/revisions\/2198"}],"wp:featuredmedia":[{"embeddable":true,"href":"https:\/\/www.greenpeace.org\/eu-unit\/wp-json\/wp\/v2\/media\/1355"}],"wp:attachment":[{"href":"https:\/\/www.greenpeace.org\/eu-unit\/wp-json\/wp\/v2\/media?parent=2194"}],"wp:term":[{"taxonomy":"category","embeddable":true,"href":"https:\/\/www.greenpeace.org\/eu-unit\/wp-json\/wp\/v2\/categories?post=2194"},{"taxonomy":"post_tag","embeddable":true,"href":"https:\/\/www.greenpeace.org\/eu-unit\/wp-json\/wp\/v2\/tags?post=2194"},{"taxonomy":"p4-page-type","embeddable":true,"href":"https:\/\/www.greenpeace.org\/eu-unit\/wp-json\/wp\/v2\/p4-page-type?post=2194"}],"curies":[{"name":"wp","href":"https:\/\/api.w.org\/{rel}","templated":true}]}}