{"id":45625,"date":"2021-05-24T15:14:11","date_gmt":"2021-05-24T13:14:11","guid":{"rendered":"https:\/\/www.greenpeace.org\/eu-unit\/?p=45625"},"modified":"2021-05-24T15:14:14","modified_gmt":"2021-05-24T13:14:14","slug":"why-is-eu-farm-policy-so-hard-to-change","status":"publish","type":"post","link":"https:\/\/www.greenpeace.org\/eu-unit\/issues\/nature-food\/45625\/why-is-eu-farm-policy-so-hard-to-change\/","title":{"rendered":"Why is EU farm policy so hard to change?"},"content":{"rendered":"\n<p>Since the latest update to the EU\u2019s common agricultural policy was proposed in 2018, it has dragged through the EU\u2019s institutions, and has harvested some serious criticism. But how, in the face of near-universal bad reviews, has the CAP trundled along practically unchanged?<\/p>\n\n<p>The <a href=\"https:\/\/www.euractiv.com\/section\/agriculture-food\/news\/european-court-of-auditors-criticise-plans-to-reform-cap\/\">Court of Auditors<\/a>, the EU\u2019s financial watchdog, called the new EU farming policy ineffective and insufficient. <a href=\"https:\/\/www.idiv.de\/en\/cap-scientists-statement.html\">Over 3,600 scientists<\/a> explained how the current proposal is an environmental disaster, and the <a href=\"https:\/\/www.europarl.europa.eu\/thinktank\/en\/document.html?reference=IPOL_STU(2020)629214\">European Parliament\u2019s own studies<\/a> concluded the CAP was completely out of line with the EU&#8217;s green agenda. When it became apparent that all efforts had failed to build an EU farm policy that would work with nature, environmentalists called on the European Commission to <a href=\"https:\/\/twitter.com\/GretaThunberg\/status\/1375436415987777544?s=20\">#WithdrawTheCAP<\/a> and start from scratch.<\/p>\n\n<figure class=\"wp-block-image size-large\"><img loading=\"lazy\" decoding=\"async\" width=\"1024\" height=\"683\" src=\"https:\/\/www.greenpeace.org\/static\/planet4-eu-unit-stateless\/2021\/05\/c5f7597f-gp0stu857_medium_res_with_credit_line-1024x683.jpg\" alt=\"\" class=\"wp-image-45626\" srcset=\"https:\/\/www.greenpeace.org\/static\/planet4-eu-unit-stateless\/2021\/05\/c5f7597f-gp0stu857_medium_res_with_credit_line-1024x683.jpg 1024w, https:\/\/www.greenpeace.org\/static\/planet4-eu-unit-stateless\/2021\/05\/c5f7597f-gp0stu857_medium_res_with_credit_line-300x200.jpg 300w, https:\/\/www.greenpeace.org\/static\/planet4-eu-unit-stateless\/2021\/05\/c5f7597f-gp0stu857_medium_res_with_credit_line-768x512.jpg 768w, https:\/\/www.greenpeace.org\/static\/planet4-eu-unit-stateless\/2021\/05\/c5f7597f-gp0stu857_medium_res_with_credit_line-510x340.jpg 510w, https:\/\/www.greenpeace.org\/static\/planet4-eu-unit-stateless\/2021\/05\/c5f7597f-gp0stu857_medium_res_with_credit_line.jpg 1200w\" sizes=\"auto, (max-width: 1024px) 100vw, 1024px\" \/><\/figure>\n\n<p>The negotiations between the EU Commission, EU Parliament and national governments are expected to finally draw to a close this month, with the CAP fundamentally unreformed. How, when we face twin ecological and climate crises, can the EU continue to spend tens of billions of euro on such a destructive model of farming?<\/p>\n\n<p>The EU\u2019s common agricultural policy is huge, accounting for <a href=\"https:\/\/ec.europa.eu\/info\/food-farming-fisheries\/key-policies\/common-agricultural-policy\/cap-glance_en\">a third of the EU\u2019s budget<\/a> every year. Roughly two thirds of the CAP money is allocated as \u201cdirect payments\u201d solely based on the area of land farmed. The payments have become a way for those who are already big landowners to accumulate public funds, regardless of what they farm or how they do it. This has led to a situation where roughly 80% of all CAP direct payments goes to <a href=\"https:\/\/www.eca.europa.eu\/en\/Pages\/DocItem.aspx?did=53900\">only 20% of farmers<\/a>.&nbsp;<\/p>\n\n<p>The value of farmland as a way to collect subsidies has become especially evident in the way many Eastern European states have started to divide up previously state-owned land. The <a href=\"https:\/\/www.nytimes.com\/2019\/11\/03\/world\/europe\/eu-farm-subsidy-hungary.html?action=click&amp;module=Top%20Stories&amp;pgtype=Homepage\">New York Times exposed<\/a> in 2018 how 75% of the CAP direct payments in Bulgaria ended up in the hands of only about 100 entities, and how in Hungary the prime minister Viktor Orban ensured farm land holdings for his close circles, constructing \u201ca type of modern feudalism\u201d.&nbsp;<\/p>\n\n<p>In Italy, <a href=\"https:\/\/www.politico.eu\/article\/italian-mafia-arrests-lay-bare-the-scale-of-eu-farm-fund-subsidies-abuse\/\">the mafia has moved<\/a> some of its business from drug trafficking to collecting CAP subsidies for land \u2013 much of which is farmed on paper only. Even if the Italian mafia is <a href=\"https:\/\/www.politico.eu\/article\/italian-mafia-trial-could-expose-underbelly-of-massive-eu-fraud\/\">now on trial<\/a> and the Czech prime minister Andrej Babi\u0161, whose companies have received annual agricultural <a href=\"https:\/\/www.nytimes.com\/2019\/11\/03\/world\/europe\/eu-farm-subsidy-hungary.html?action=click&amp;module=Top%20Stories&amp;pgtype=Homepage\">subsidies of tens of million euro<\/a>, has been found <a href=\"https:\/\/www.euractiv.com\/section\/politics\/short_news\/commision-to-probe-czechias-distribution-of-eu-funds-examine-conflict-of-interest\/\">guilty of conflicts of interest<\/a>, further evidence of misuse of EU farm funds <a href=\"https:\/\/www.arc2020.eu\/damning-report-on-cap-cash-in-central-and-eastern-europe-released\/\">keeps on piling up<\/a>.&nbsp;<\/p>\n\n<p>While it&#8217;s well known that agricultural ministers and national governments seem to have little interest in reforming these policies, it\u2019s maybe even more surprising that also the democratically elected European parliamentarians seem to be captured by similar vested interests. Several news reports, for example in <a href=\"https:\/\/www.spiegel.de\/politik\/ausland\/abstimmung-ueber-eu-agrarpolitik-der-387-milliarden-euro-deal-a-746bdeb7-20ef-4388-a674-c0b6561ba5d1\">Germany<\/a> or in the <a href=\"https:\/\/www.ftm.nl\/artikelen\/de-brusselse-vleeslobby-rare-medium-of-well-done?share=PrdMRL05MZGPm9eQxfW0vFM+ECWmh6bAGI6KstYIkEnlcPpLngirakisIp\/oGQ==&amp;utm_medium=social&amp;utm_campaign=Lise-Witteman&amp;utm_source=twitter\">Netherlands<\/a>, have highlighted how many MEPs, especially in the Parliament\u2019s powerful AGRI committee, are farmers themselves and&nbsp; beneficiaries of the same subsidy system, the rules of which they negotiate. A clear conflict of interest.&nbsp;<\/p>\n\n<p>The most known farmer\u2019s voice in Brussels is undoubtedly Copa-Cogeca that claims to represent 22 million farmers and their families and numerous cooperatives. However, as exposed for example by the investigations of <a href=\"https:\/\/corporateeurope.org\/en\/2020\/10\/cap-vs-farm-fork\">Corporate European Observatory<\/a>, their standing is more closely aligned with big agri-food and agro-chemical corporations than small-scale farmers.<\/p>\n\n<p>These farmer representatives <a href=\"https:\/\/unearthed.greenpeace.org\/2020\/10\/12\/eu-european-green-deal-pesticide-lobbying\/\">have been opposing<\/a> new EU targets for pesticide reduction together with chemical giants Bayer-Monsanto and Syngenta, <a href=\"https:\/\/corporateeurope.org\/sites\/default\/files\/2020-09\/Ares(2019)7032957__2_Redacted.pdf\">advocated against<\/a> any limits to subsidies to the wealthiest and biggest landowners and <a href=\"https:\/\/www.copa-cogeca.eu\/Data\/Files\/Press%20Release%20on%20NGTs%2029-04-2021.pdf\">welcomed new GMO<\/a> techniques, that are in the hands of a handful of multinationals like Bayer or Syngenta, to become part of European farming.&nbsp;<\/p>\n\n<p>No wonder that some land owners and farmers have already started to organise themselves in alternative groups like <a href=\"https:\/\/www.eurovia.org\/\">European Via Campesina<\/a> or European <a href=\"https:\/\/www.ifoam.bio\/\">organic farmers<\/a>. Or that recently the main farmer\u2019s organisation in the Czech Republic left the organisation as it is failing to defend family farmers and thus the \u201c<a href=\"https:\/\/www.arc2020.eu\/czech-republic-copa-no-longer-defends-interests-of-majority-of-czech-farmers\/\">interests of the majority of Czech farmers<\/a>\u201d.&nbsp;<\/p>\n\n<p>With the power over European agricultural policies firmly in hands of those with vested interests, it becomes less of a surprise that the soon-to-be-concluded CAP \u201creform\u201d won\u2019t challenge the status quo. Big land owners will keep on receiving the biggest chunks of the public funds. Agriculture will keep on driving biodiversity loss and air pollution. We will see no push from the EU to transition European farming away from industrial animal and feed production, towards more ecological and diverse farming.<\/p>\n\n<p>For a new kind of EU food and farming policy we need more voices of different kinds of farmers to be heard, and decision-making power also in the hands of consumers and health and environmental experts. The farming sector itself is a valid stakeholder, but in the same way that vehicle regulations shouldn\u2019t be left only in the hands of car manufacturers, the agricultural industry shouldn\u2019t be left to regulate itself.<\/p>\n\n<p>***<\/p>\n\n<p><a href=\"https:\/\/twitter.com\/SiniErajaa\"><em>Sini Er\u00e4j\u00e4\u00e4<\/em><\/a><em> is Greenpeace EU agriculture and forest campaigner<\/em><\/p>\n","protected":false},"excerpt":{"rendered":"<p>Since the latest update to the EU\u2019s common agricultural policy was proposed in 2018, it has dragged through the EU\u2019s institutions, and has harvested some serious criticism. <\/p>\n","protected":false},"author":7,"featured_media":45626,"comment_status":"closed","ping_status":"open","sticky":false,"template":"","format":"standard","meta":{"ep_exclude_from_search":false,"p4_og_title":"","p4_og_description":"","p4_og_image":"","p4_og_image_id":"","p4_seo_canonical_url":"","p4_campaign_name":"not set","p4_local_project":"not set","p4_basket_name":"not set","p4_department":"","footnotes":""},"categories":[3],"tags":[26],"p4-page-type":[54],"class_list":["post-45625","post","type-post","status-publish","format-standard","has-post-thumbnail","hentry","category-nature-food","tag-farming","p4-page-type-blog"],"_links":{"self":[{"href":"https:\/\/www.greenpeace.org\/eu-unit\/wp-json\/wp\/v2\/posts\/45625","targetHints":{"allow":["GET"]}}],"collection":[{"href":"https:\/\/www.greenpeace.org\/eu-unit\/wp-json\/wp\/v2\/posts"}],"about":[{"href":"https:\/\/www.greenpeace.org\/eu-unit\/wp-json\/wp\/v2\/types\/post"}],"author":[{"embeddable":true,"href":"https:\/\/www.greenpeace.org\/eu-unit\/wp-json\/wp\/v2\/users\/7"}],"replies":[{"embeddable":true,"href":"https:\/\/www.greenpeace.org\/eu-unit\/wp-json\/wp\/v2\/comments?post=45625"}],"version-history":[{"count":1,"href":"https:\/\/www.greenpeace.org\/eu-unit\/wp-json\/wp\/v2\/posts\/45625\/revisions"}],"predecessor-version":[{"id":45627,"href":"https:\/\/www.greenpeace.org\/eu-unit\/wp-json\/wp\/v2\/posts\/45625\/revisions\/45627"}],"wp:featuredmedia":[{"embeddable":true,"href":"https:\/\/www.greenpeace.org\/eu-unit\/wp-json\/wp\/v2\/media\/45626"}],"wp:attachment":[{"href":"https:\/\/www.greenpeace.org\/eu-unit\/wp-json\/wp\/v2\/media?parent=45625"}],"wp:term":[{"taxonomy":"category","embeddable":true,"href":"https:\/\/www.greenpeace.org\/eu-unit\/wp-json\/wp\/v2\/categories?post=45625"},{"taxonomy":"post_tag","embeddable":true,"href":"https:\/\/www.greenpeace.org\/eu-unit\/wp-json\/wp\/v2\/tags?post=45625"},{"taxonomy":"p4-page-type","embeddable":true,"href":"https:\/\/www.greenpeace.org\/eu-unit\/wp-json\/wp\/v2\/p4-page-type?post=45625"}],"curies":[{"name":"wp","href":"https:\/\/api.w.org\/{rel}","templated":true}]}}