{"id":1633,"date":"2019-11-13T09:22:00","date_gmt":"2019-11-13T06:22:00","guid":{"rendered":"https:\/\/www.greenpeace.org\/finland\/?p=1633"},"modified":"2022-11-24T16:41:36","modified_gmt":"2022-11-24T13:41:36","slug":"tiesitko-nama-5-merten-ihmeellista-elainta","status":"publish","type":"post","link":"https:\/\/www.greenpeace.org\/finland\/blogit\/meret\/tiesitko-nama-5-merten-ihmeellista-elainta\/","title":{"rendered":"Tiesitk\u00f6 n\u00e4m\u00e4 5 merten ihmeellist\u00e4 el\u00e4int\u00e4?"},"content":{"rendered":"<p><img loading=\"lazy\" decoding=\"async\" class=\"alignnone wp-image-1632 size-large\" src=\"https:\/\/www.greenpeace.org\/static\/planet4-finland-stateless\/2019\/03\/4c07c946-sadm1_email-banner-fi-v.-2-1024x341.png\" alt=\"\" width=\"1024\" height=\"341\" srcset=\"https:\/\/www.greenpeace.org\/static\/planet4-finland-stateless\/2019\/03\/4c07c946-sadm1_email-banner-fi-v.-2-1024x341.png 1024w, https:\/\/www.greenpeace.org\/static\/planet4-finland-stateless\/2019\/03\/4c07c946-sadm1_email-banner-fi-v.-2-300x100.png 300w, https:\/\/www.greenpeace.org\/static\/planet4-finland-stateless\/2019\/03\/4c07c946-sadm1_email-banner-fi-v.-2-768x256.png 768w, https:\/\/www.greenpeace.org\/static\/planet4-finland-stateless\/2019\/03\/4c07c946-sadm1_email-banner-fi-v.-2-510x170.png 510w, https:\/\/www.greenpeace.org\/static\/planet4-finland-stateless\/2019\/03\/4c07c946-sadm1_email-banner-fi-v.-2.png 1200w\" sizes=\"auto, (max-width: 1024px) 100vw, 1024px\" \/><\/p>\n<p><span style=\"font-weight: 400;\">Syv\u00e4 sininen meremme k\u00e4tkee sis\u00e4\u00e4ns\u00e4 erikoista el\u00e4m\u00e4\u00e4, josta tied\u00e4mme hyvin v\u00e4h\u00e4n. Itse asiassa tied\u00e4mme enemm\u00e4n kuun pinnasta kuin niist\u00e4 ihmeellisist\u00e4 otuksista, jotka el\u00e4v\u00e4t merenpinnan alla. My\u00f6s tutut el\u00e4imet yll\u00e4tt\u00e4v\u00e4t \u00e4lykkyydell\u00e4\u00e4n ja taidoillaan, mit\u00e4 enemm\u00e4n opimme niit\u00e4 tuntemaan. Listasin t\u00e4h\u00e4n viisi uskomatonta el\u00e4int\u00e4, jotka juuri nyt syk\u00e4hdytt\u00e4v\u00e4t. Tunnetko sin\u00e4 ne?<\/span><\/p>\n<h2><b>1. J\u00e4\u00e4hai &#8211; kylmien vesien nestori<\/b><\/h2>\n<div id=\"attachment_1628\" style=\"width: 1034px\" class=\"wp-caption alignnone\"><img loading=\"lazy\" decoding=\"async\" aria-describedby=\"caption-attachment-1628\" class=\"wp-image-1628 size-large\" src=\"https:\/\/www.greenpeace.org\/static\/planet4-finland-stateless\/2019\/03\/851318b6-shutterstock_1203635584-1024x576.jpg\" alt=\"\" width=\"1024\" height=\"576\" srcset=\"https:\/\/www.greenpeace.org\/static\/planet4-finland-stateless\/2019\/03\/851318b6-shutterstock_1203635584-1024x576.jpg 1024w, https:\/\/www.greenpeace.org\/static\/planet4-finland-stateless\/2019\/03\/851318b6-shutterstock_1203635584-300x169.jpg 300w, https:\/\/www.greenpeace.org\/static\/planet4-finland-stateless\/2019\/03\/851318b6-shutterstock_1203635584-768x432.jpg 768w, https:\/\/www.greenpeace.org\/static\/planet4-finland-stateless\/2019\/03\/851318b6-shutterstock_1203635584-2048x1152.jpg 2048w, https:\/\/www.greenpeace.org\/static\/planet4-finland-stateless\/2019\/03\/851318b6-shutterstock_1203635584-510x287.jpg 510w\" sizes=\"auto, (max-width: 1024px) 100vw, 1024px\" \/><p id=\"caption-attachment-1628\" class=\"wp-caption-text\">J\u00e4\u00e4hai ui syviss\u00e4 arktisissa vesiss\u00e4.<\/p><\/div>\n<p><span style=\"font-weight: 400;\">Jopa kuusimetriseksi kasvava j\u00e4\u00e4hai on vaikuttava ilmestys &#8211; jos sen onnistuu n\u00e4kem\u00e4\u00e4n. Mystisen ja l\u00e4hes sokean j\u00e4\u00e4hain el\u00e4m\u00e4 on hidasta ja piilottelevaa. Se saatiin vangittua filmille ensimm\u00e4isen kerran vasta vuonna 1995. V\u00e4h\u00e4n yll\u00e4tt\u00e4v\u00e4\u00e4 ottaen huomioon, ett\u00e4 j\u00e4\u00e4hai liikkuu tyypillisesti laiskiaismaista vauhtia, vain 0,3 metri\u00e4 sekunnissa. <\/span><\/p>\n<p><span style=\"font-weight: 400;\">Mik\u00e4 tekee t\u00e4st\u00e4 l\u00e4hes sokeasta j\u00e4ttil\u00e4isest\u00e4 viel\u00e4 uskomattomamman on sen pitk\u00e4ik\u00e4isyys &#8211; <\/span><b>j\u00e4\u00e4hai voi el\u00e4\u00e4 300-500-vuotiaaksi.<\/b><span style=\"font-weight: 400;\"> Se on maailman pitk\u00e4ik\u00e4isin selk\u00e4rankainen el\u00e4in.<\/span><\/p>\n<h2><b>2 . Takakiduskotilo &#8211; merten lumoava enkeli<\/b><\/h2>\n<div id=\"attachment_1630\" style=\"width: 1034px\" class=\"wp-caption alignnone\"><img loading=\"lazy\" decoding=\"async\" aria-describedby=\"caption-attachment-1630\" class=\"wp-image-1630 size-large\" src=\"https:\/\/www.greenpeace.org\/static\/planet4-finland-stateless\/2019\/03\/076286cd-gp0stpmcl_medium_res_with_credit_line-1024x684.jpg\" alt=\"\" width=\"1024\" height=\"684\" srcset=\"https:\/\/www.greenpeace.org\/static\/planet4-finland-stateless\/2019\/03\/076286cd-gp0stpmcl_medium_res_with_credit_line-1024x684.jpg 1024w, https:\/\/www.greenpeace.org\/static\/planet4-finland-stateless\/2019\/03\/076286cd-gp0stpmcl_medium_res_with_credit_line-300x200.jpg 300w, https:\/\/www.greenpeace.org\/static\/planet4-finland-stateless\/2019\/03\/076286cd-gp0stpmcl_medium_res_with_credit_line-510x340.jpg 510w, https:\/\/www.greenpeace.org\/static\/planet4-finland-stateless\/2019\/03\/076286cd-gp0stpmcl_medium_res_with_credit_line.jpg 1200w\" sizes=\"auto, (max-width: 1024px) 100vw, 1024px\" \/><p id=\"caption-attachment-1630\" class=\"wp-caption-text\">Takakiduskotilo ui kuin perhonen.<\/p><\/div>\n<p><span style=\"font-weight: 400;\">H\u00e4ik\u00e4isev\u00e4n kaunis <\/span><b>takakiduskotilo <\/b><b>liikkuu syvyydess\u00e4 kuin perhonen ilmassa.<\/b><span style=\"font-weight: 400;\"> Lajin englanninkielinen kutsumanimi on \u201csea angel\u201d ja se on lumonnut pohjoisten merten tutkijoita aina 1600-luvulta asti, jolloin saksalainen Friderich Martens l\u00f6ysi ja kuvasi sen ensimm\u00e4isen kerran. <\/span><\/p>\n<p><span style=\"font-weight: 400;\">Mutta takakiduskotilon kauneuden ei kannata antaa h\u00e4m\u00e4t\u00e4, ainakaan jos on kuuluu <\/span><i><span style=\"font-weight: 400;\">Spirella-<\/span><\/i><span style=\"font-weight: 400;\">suvun kotiloihin.<\/span><b> N\u00e4lk\u00e4isen\u00e4 se yll\u00e4tt\u00e4\u00e4 kotilon nappaamalla t\u00e4m\u00e4n ulokkeilla ja koukuilla, jotka ty\u00f6ntyv\u00e4t sen pehme\u00e4st\u00e4 p\u00e4\u00e4st\u00e4 aivan yht\u00e4kki\u00e4.<\/b><\/p>\n<h2><b>\u00a03. Ryh\u00e4valas &#8211; vaeltava akrobaatti<\/b><\/h2>\n<div id=\"attachment_1625\" style=\"width: 1034px\" class=\"wp-caption alignnone\"><img loading=\"lazy\" decoding=\"async\" aria-describedby=\"caption-attachment-1625\" class=\"wp-image-1625 size-large\" src=\"https:\/\/www.greenpeace.org\/static\/planet4-finland-stateless\/2019\/03\/bee15d81-gp014jk_high_res-1024x683.jpg\" alt=\"\" width=\"1024\" height=\"683\" srcset=\"https:\/\/www.greenpeace.org\/static\/planet4-finland-stateless\/2019\/03\/bee15d81-gp014jk_high_res-1024x683.jpg 1024w, https:\/\/www.greenpeace.org\/static\/planet4-finland-stateless\/2019\/03\/bee15d81-gp014jk_high_res-300x200.jpg 300w, https:\/\/www.greenpeace.org\/static\/planet4-finland-stateless\/2019\/03\/bee15d81-gp014jk_high_res-768x512.jpg 768w, https:\/\/www.greenpeace.org\/static\/planet4-finland-stateless\/2019\/03\/bee15d81-gp014jk_high_res-2048x1366.jpg 2048w, https:\/\/www.greenpeace.org\/static\/planet4-finland-stateless\/2019\/03\/bee15d81-gp014jk_high_res-510x340.jpg 510w\" sizes=\"auto, (max-width: 1024px) 100vw, 1024px\" \/><p id=\"caption-attachment-1625\" class=\"wp-caption-text\">Ryh\u00e4valas heitt\u00e4ytyy ilmaan.<\/p><\/div>\n<p><span style=\"font-weight: 400;\">Reppureissaajat voivat vain kateellisina seurata ryh\u00e4valaan matkoja.<\/span><b> Maailman pisimpi\u00e4 matkoja taittava valas voi uida s\u00e4\u00e4nn\u00f6llisesti 5000 kilometri\u00e4 ruokailu- ja lis\u00e4\u00e4ntymisaluiden v\u00e4lill\u00e4.<\/b><\/p>\n<p><span style=\"font-weight: 400;\">Ryh\u00e4valas on helppo bongata, sill\u00e4 se nauttii akrobaattisista tempuista. Se voi nostaa koko bussin kokoisen ruumiinsa pinnan p\u00e4\u00e4lle. Ryh\u00e4valaat h\u00e4mm\u00e4stytt\u00e4v\u00e4t \u00e4lykkyydell\u00e4\u00e4n ja sosiaalisuudellaan. Ne voivat oppia toisiltaan useita eri lauluja ja niit\u00e4 tavataan my\u00f6s muiden merinis\u00e4kk\u00e4iden seurasta.<\/span><\/p>\n<p>\u00a0<\/p>\n<h2><b>4. Antennikrotti &#8211; pohjamutien vaappuva naamioituja<\/b><\/h2>\n<div id=\"attachment_1627\" style=\"width: 1034px\" class=\"wp-caption alignnone\"><img loading=\"lazy\" decoding=\"async\" aria-describedby=\"caption-attachment-1627\" class=\"wp-image-1627 size-large\" src=\"https:\/\/www.greenpeace.org\/static\/planet4-finland-stateless\/2019\/03\/03504a97-shutterstock_68798779-1024x768.jpg\" alt=\"\" width=\"1024\" height=\"768\" srcset=\"https:\/\/www.greenpeace.org\/static\/planet4-finland-stateless\/2019\/03\/03504a97-shutterstock_68798779-1024x768.jpg 1024w, https:\/\/www.greenpeace.org\/static\/planet4-finland-stateless\/2019\/03\/03504a97-shutterstock_68798779-300x225.jpg 300w, https:\/\/www.greenpeace.org\/static\/planet4-finland-stateless\/2019\/03\/03504a97-shutterstock_68798779-768x576.jpg 768w, https:\/\/www.greenpeace.org\/static\/planet4-finland-stateless\/2019\/03\/03504a97-shutterstock_68798779-1821x1366.jpg 1821w, https:\/\/www.greenpeace.org\/static\/planet4-finland-stateless\/2019\/03\/03504a97-shutterstock_68798779-453x340.jpg 453w\" sizes=\"auto, (max-width: 1024px) 100vw, 1024px\" \/><p id=\"caption-attachment-1627\" class=\"wp-caption-text\">Antennikrotti sulautuu ymp\u00e4rist\u00f6\u00f6ns\u00e4 vaihtamalla v\u00e4ri\u00e4 ja ulkomuotoaan.<\/p><\/div>\n<p><span style=\"font-weight: 400;\">Antennikrotti on naamioitumisen mestari &#8211; paikoilla ollessaan se sulautuu kivien ja korallien joukkoon. <\/span><b>Antennikrotti voi vaihtaa v\u00e4rins\u00e4 ja ulkomuotonsa sopimaan ymp\u00e4rist\u00f6\u00f6ns\u00e4.<\/b><span style=\"font-weight: 400;\"> Siell\u00e4 se asettuu paikoilleen ja odottaa, ett\u00e4 sopiva saalis saapuu paikalle. <\/span><\/p>\n<p><span style=\"font-weight: 400;\">Houkutellakseen saaliin paikalle, antennikrotti on kehitt\u00e4nyt \u201ckalaongen\u201d; matomaisen ulokkeen, jota saalis ei voi vastustaa. <\/span><b>Kun antennikrotti jaksaa l\u00e4hte\u00e4 liikkeelle, uimisen sijaan se enemminkin vaappuu pitkin merenpohjaa.<\/b><\/p>\n<h2><b>5. Merinahkakilpikonna &#8211; muinainen syv\u00e4sukeltaja<\/b><\/h2>\n<div id=\"attachment_1629\" style=\"width: 1034px\" class=\"wp-caption alignnone\"><img loading=\"lazy\" decoding=\"async\" aria-describedby=\"caption-attachment-1629\" class=\"size-large wp-image-1629\" src=\"https:\/\/www.greenpeace.org\/static\/planet4-finland-stateless\/2019\/03\/7eca3044-shutterstock_115940047-1024x611.jpg\" alt=\"\" width=\"1024\" height=\"611\" srcset=\"https:\/\/www.greenpeace.org\/static\/planet4-finland-stateless\/2019\/03\/7eca3044-shutterstock_115940047-1024x611.jpg 1024w, https:\/\/www.greenpeace.org\/static\/planet4-finland-stateless\/2019\/03\/7eca3044-shutterstock_115940047-300x179.jpg 300w, https:\/\/www.greenpeace.org\/static\/planet4-finland-stateless\/2019\/03\/7eca3044-shutterstock_115940047-768x458.jpg 768w, https:\/\/www.greenpeace.org\/static\/planet4-finland-stateless\/2019\/03\/7eca3044-shutterstock_115940047-2048x1222.jpg 2048w, https:\/\/www.greenpeace.org\/static\/planet4-finland-stateless\/2019\/03\/7eca3044-shutterstock_115940047-510x304.jpg 510w\" sizes=\"auto, (max-width: 1024px) 100vw, 1024px\" \/><p id=\"caption-attachment-1629\" class=\"wp-caption-text\">Merinahkakilpikonna voi sukeltaa 1000 metrin syvyyteen.<\/p><\/div>\n<p><span style=\"font-weight: 400;\">Jos haluat tiet\u00e4\u00e4, milt\u00e4 meret n\u00e4yttiv\u00e4t dinosaurusten aikaan, kannattaa kysy\u00e4 merinahkakilpikonnalta<\/span><b> &#8211; ne ovat asuttaneet maailman meri\u00e4 huikeat 100 miljoonaa vuotta!<\/b><span style=\"font-weight: 400;\"> Kuten nimikin viittaa, merinahkakilpikonna poikkeaa muista kilpikonnista. <\/span><\/p>\n<p><span style=\"font-weight: 400;\">Suojakuoren sijasta sill\u00e4 on pehme\u00e4 nahkamainen kuori, jonka alla on runsaasti kylm\u00e4lt\u00e4 erist\u00e4v\u00e4\u00e4 rasvaa ja ainutlaatuinen verenkiertoj\u00e4rjestelm\u00e4. Sen ansiosta merinahkakilpikonna on maailman laajimmalle levinnyt kilpikonnalaji, joka viihtyy my\u00f6s kylmiss\u00e4 vesiss\u00e4. <\/span><\/p>\n<p><b>Merinahkakilpikonna on siksikin erikoinen, ett\u00e4 se voi sukeltaa jopa 1000 metriin. Se tiet\u00e4neekin merten syvyyksist\u00e4 paljon enemm\u00e4n kuin me. <\/b><\/p>\n<h2>Auta merenel\u00e4imi\u00e4<\/h2>\n<p><span style=\"font-weight: 400;\">Tunsitko n\u00e4m\u00e4 viisi merten kiehtovaa el\u00e4int\u00e4? Maailman meret ovat n\u00e4iden ja tuhansien muidenkin uskomattomien el\u00e4inten valtakunta. Valtakunta, jota uhkaavat muovisaasteet, ylikalastus ja ilmastonmuutos. N\u00e4it\u00e4 uhkia vastaan voimme perustaa maailmanlaajuisten suojelualueiden verkoston. <\/span><\/p>\n\n<div class=\"wp-block-button is-style-cta\"><a class=\"wp-block-button__link wp-element-button\" href=\"https:\/\/www.greenpeace.org\/finland\/toimi\/suojellaan-maailman-meria\/allekirjoita-vetoomus\/?utm_campaign=fi_oceans_fr&amp;utm_source=greenpeace.fi&amp;utm_medium=blog&amp;utm_term=fi_lg_ocean_blog_link&amp;utm_content=niina\">Allekirjoita vetoomus<\/a><\/div>\n\n<p> <br>Auta merten el\u00e4imi\u00e4. <\/p>\n\n<ol class=\"wp-block-list\">\n<li><a href=\"https:\/\/www.greenpeace.org\/finland\/toimi\/suojellaan-maailman-meria\/allekirjoita-vetoomus\/\">Allekirjoita vetoomus merten suojelemiseksi.<\/a><\/li>\n\n\n\n<li>Tee lahjoitus mertensuojeluun t\u00e4\u00e4lt\u00e4: <a href=\"https:\/\/lahjoita.greenpeace.org\/donation\/tee-kertalahjoitus-meret\">lahjoita.greenpeace.fi\/meret<\/a>&nbsp;<\/li>\n\n\n\n<li>Jaa blogi, jotta muutkin tiet\u00e4v\u00e4t, kuinka t\u00e4rke\u00e4\u00e4 merten suojelu on.<\/li>\n<\/ol>\n\n<p>Avullasi voimme j\u00e4tt\u00e4\u00e4 perinn\u00f6ksi terveet meret t\u00e4ynn\u00e4 el\u00e4m\u00e4\u00e4.<\/p>\n\n<p><\/p>\n\n<p><br>Haluatko lukea lis\u00e4\u00e4 merten ihmeellisest\u00e4 maailmasta ja miten meret auttavat ilmastokriisin ratkaisemisessa? <\/p>\n\n<ul class=\"wp-block-list\">\n<li><a href=\"https:\/\/www.greenpeace.org\/finland\/blogit\/1633\/tiesitko-nama-5-merten-ihmeellista-elainta\/\">Tiesitk\u00f6 n\u00e4m\u00e4 5 merten ihmeellist\u00e4 el\u00e4int\u00e4 <\/a><\/li>\n\n\n\n<li><a href=\"https:\/\/www.greenpeace.org\/finland\/blogit\/1884\/viisi-vinkkia-joilla-suojelet-maailman-meria\/\">Vinkit merten suojeluun <\/a><\/li>\n\n\n\n<li>Ilmastokriisi on merten kriisi &#8211; tuore raporttimme<\/li>\n<\/ul>\n\n<figure class=\"wp-block-embed is-type-wp-embed is-provider-greenpeace-suomi wp-block-embed-greenpeace-suomi\"><div class=\"wp-block-embed__wrapper\">\n<blockquote class=\"wp-embedded-content\" data-secret=\"x9uv7IaprN\"><a href=\"https:\/\/www.greenpeace.org\/finland\/tiedotteet\/meret\/ilmastokriisi-on-merten-kriisi\/\">Ilmastokriisi on merten kriisi \u2013 uusi raportti osoittaa kiireellisten mertensuojelutoimien tarpeen<\/a><\/blockquote><iframe loading=\"lazy\" class=\"wp-embedded-content\" sandbox=\"allow-scripts\" security=\"restricted\" style=\"position: absolute; clip: rect(1px, 1px, 1px, 1px);\" title=\"&#8221;Ilmastokriisi on merten kriisi \u2013 uusi raportti osoittaa kiireellisten mertensuojelutoimien tarpeen&#8221; &#8212; Greenpeace Suomi\" src=\"https:\/\/www.greenpeace.org\/finland\/tiedotteet\/meret\/ilmastokriisi-on-merten-kriisi\/embed\/#?secret=QxGFUO3QPY#?secret=x9uv7IaprN\" data-secret=\"x9uv7IaprN\" width=\"500\" height=\"282\" frameborder=\"0\" marginwidth=\"0\" marginheight=\"0\" scrolling=\"no\"><\/iframe>\n<\/div><\/figure>\n\n<p><\/p>\n\n<p><\/p>\n\n<p><\/p>\n\n<p><\/p>\n\n<p><\/p>\n\n<p><\/p>\n\t\t\t<section\n\t\t\tclass=\"boxout post-1864 \"\n\t\t\t\n\t\t>\n\t\t\t<a\n\t\t\t\tdata-ga-category=\"Take Action Boxout\"\n\t\t\t\tdata-ga-action=\"Image\"\n\t\t\t\tdata-ga-label=\"n\/a\"\n\t\t\t\tclass=\"cover-card-overlay\"\n\t\t\t\thref=\"https:\/\/www.greenpeace.org\/finland\/toimi\/suojellaan-maailman-meria\/\" \n\t\t\t><\/a>\n\t\t\t\t\t\t\t<img\n\t\t\t\t\t\tsrc=\"https:\/\/www.greenpeace.org\/static\/planet4-finland-stateless\/2022\/06\/d1813a37-gp0stoe38_web_size.jpg\"\n\t\t\t\t\t\tsrcset=\"https:\/\/www.greenpeace.org\/static\/planet4-finland-stateless\/2022\/06\/d1813a37-gp0stoe38_web_size-300x200.jpg 300w, https:\/\/www.greenpeace.org\/static\/planet4-finland-stateless\/2022\/06\/d1813a37-gp0stoe38_web_size-768x512.jpg 768w, https:\/\/www.greenpeace.org\/static\/planet4-finland-stateless\/2022\/06\/d1813a37-gp0stoe38_web_size-510x340.jpg 510w, https:\/\/www.greenpeace.org\/static\/planet4-finland-stateless\/2022\/06\/d1813a37-gp0stoe38_web_size.jpg 800w\"\n\t\t\t\t\t\tsizes=\"(min-width: 1000px) 358px, (min-width: 780px) 313px, 88px\"\n\t\t\t\t\t\talt=\"Karettikilpikonna\" title=\"Karettikilpikonna\"\n\t\t\t\t\/>\n            \t\t\t<div class=\"boxout-content\">\n\t\t\t\t\t\t\t\t\t<a\n\t\t\t\t\t\tclass=\"boxout-heading medium\"\n\t\t\t\t\t\tdata-ga-category=\"Take Action Boxout\"\n\t\t\t\t\t\tdata-ga-action=\"Title\"\n\t\t\t\t\t\tdata-ga-label=\"n\/a\"\n\t\t\t\t\t\thref=\"https:\/\/www.greenpeace.org\/finland\/toimi\/suojellaan-maailman-meria\/\"\n\t\t\t\t\t\t\n\t\t\t\t\t>\n\t\t\t\t\t\tSuojellaan maailman meri\u00e4\n\t\t\t\t\t<\/a>\n\t\t\t\t\t\t\t\t\t\t\t\t\t<p class=\"boxout-excerpt\">Merten ihmeellinen maailma tarvitsee apuamme. Pidet\u00e4\u00e4n yhdess\u00e4 huolta, ett\u00e4 merten el\u00e4m\u00e4 saa ansaitsemansa suojelun.<\/p>\n\t\t\t\t                                    <a\n                        class=\"btn btn-primary\"\n                        data-ga-category=\"Take Action Boxout\"\n                        data-ga-action=\"Call to Action\"\n                        data-ga-label=\"n\/a\"\n                        href=\"https:\/\/www.greenpeace.org\/finland\/toimi\/suojellaan-maailman-meria\/\"\n                        \n                    >\n                        Tule mukaan\n                    <\/a>\n                \t\t\t<\/div>\n\t\t\t\t\t<\/section>\n\t","protected":false},"excerpt":{"rendered":"<p>Syv\u00e4 sininen meremme k\u00e4tkee sis\u00e4\u00e4ns\u00e4 kaikkea erikoista, josta tied\u00e4mme hyvin v\u00e4h\u00e4n. Tutustu viiteen merten ihmeelliseen el\u00e4imeen blogissa.<\/p>\n","protected":false},"author":35,"featured_media":1632,"comment_status":"closed","ping_status":"open","sticky":false,"template":"","format":"standard","meta":{"_improvement_type_select":"improve_an_existing","_thumb_yes_seoaic":false,"_frame_yes_seoaic":false,"seoaic_generate_description":"","seoaic_improve_instructions_prompt":"","seoaic_rollback_content_improvement":"","seoaic_idea_thumbnail_generator":"","thumbnail_generated":false,"thumbnail_generate_prompt":"","seoaic_article_description":"","ep_exclude_from_search":false,"seoaic_article_subtitles":[],"p4_og_title":"","p4_og_description":"","p4_og_image":"","p4_og_image_id":"","p4_seo_canonical_url":"","p4_campaign_name":"not set","p4_local_project":"not set","p4_basket_name":"not set","p4_department":"","footnotes":""},"categories":[4],"tags":[73,78],"p4-page-type":[16],"class_list":["post-1633","post","type-post","status-publish","format-standard","has-post-thumbnail","hentry","category-meret","tag-maailmanmeret","tag-monimuotoisuus","p4-page-type-blogit"],"_links":{"self":[{"href":"https:\/\/www.greenpeace.org\/finland\/wp-json\/wp\/v2\/posts\/1633","targetHints":{"allow":["GET"]}}],"collection":[{"href":"https:\/\/www.greenpeace.org\/finland\/wp-json\/wp\/v2\/posts"}],"about":[{"href":"https:\/\/www.greenpeace.org\/finland\/wp-json\/wp\/v2\/types\/post"}],"author":[{"embeddable":true,"href":"https:\/\/www.greenpeace.org\/finland\/wp-json\/wp\/v2\/users\/35"}],"replies":[{"embeddable":true,"href":"https:\/\/www.greenpeace.org\/finland\/wp-json\/wp\/v2\/comments?post=1633"}],"version-history":[{"count":19,"href":"https:\/\/www.greenpeace.org\/finland\/wp-json\/wp\/v2\/posts\/1633\/revisions"}],"predecessor-version":[{"id":52261,"href":"https:\/\/www.greenpeace.org\/finland\/wp-json\/wp\/v2\/posts\/1633\/revisions\/52261"}],"wp:featuredmedia":[{"embeddable":true,"href":"https:\/\/www.greenpeace.org\/finland\/wp-json\/wp\/v2\/media\/1632"}],"wp:attachment":[{"href":"https:\/\/www.greenpeace.org\/finland\/wp-json\/wp\/v2\/media?parent=1633"}],"wp:term":[{"taxonomy":"category","embeddable":true,"href":"https:\/\/www.greenpeace.org\/finland\/wp-json\/wp\/v2\/categories?post=1633"},{"taxonomy":"post_tag","embeddable":true,"href":"https:\/\/www.greenpeace.org\/finland\/wp-json\/wp\/v2\/tags?post=1633"},{"taxonomy":"p4-page-type","embeddable":true,"href":"https:\/\/www.greenpeace.org\/finland\/wp-json\/wp\/v2\/p4-page-type?post=1633"}],"curies":[{"name":"wp","href":"https:\/\/api.w.org\/{rel}","templated":true}]}}