{"id":1856,"date":"2019-05-15T11:36:46","date_gmt":"2019-05-15T08:36:46","guid":{"rendered":"https:\/\/www.greenpeace.org\/finland\/?p=1856"},"modified":"2023-04-11T16:16:45","modified_gmt":"2023-04-11T13:16:45","slug":"tommy-matkalla-arktikselle","status":"publish","type":"post","link":"https:\/\/www.greenpeace.org\/finland\/blogit\/meret\/tommy-matkalla-arktikselle\/","title":{"rendered":"Tommy matkalla Arktikselle"},"content":{"rendered":"<div id=\"attachment_1867\" style=\"width: 1034px\" class=\"wp-caption alignnone\"><img loading=\"lazy\" decoding=\"async\" aria-describedby=\"caption-attachment-1867\" class=\"wp-image-1867 size-large\" src=\"https:\/\/www.greenpeace.org\/static\/planet4-finland-stateless\/2019\/05\/f2036d18-tommyposednocrop-1024x681.jpg\" alt=\"\" width=\"1024\" height=\"681\" srcset=\"https:\/\/www.greenpeace.org\/static\/planet4-finland-stateless\/2019\/05\/f2036d18-tommyposednocrop-1024x681.jpg 1024w, https:\/\/www.greenpeace.org\/static\/planet4-finland-stateless\/2019\/05\/f2036d18-tommyposednocrop-300x200.jpg 300w, https:\/\/www.greenpeace.org\/static\/planet4-finland-stateless\/2019\/05\/f2036d18-tommyposednocrop-768x511.jpg 768w, https:\/\/www.greenpeace.org\/static\/planet4-finland-stateless\/2019\/05\/f2036d18-tommyposednocrop-2048x1363.jpg 2048w, https:\/\/www.greenpeace.org\/static\/planet4-finland-stateless\/2019\/05\/f2036d18-tommyposednocrop-510x340.jpg 510w\" sizes=\"auto, (max-width: 1024px) 100vw, 1024px\" \/><p id=\"caption-attachment-1867\" class=\"wp-caption-text\">Tommy on toiminut Greenpeacen vapaaehtoisena useita vuosia.<\/p><\/div>\n<p><span style=\"font-weight: 400;\">Greenpeacen vapaaehtoinen Tommy n\u00e4ki ilmoituksen, jossa kerrottiin Arctic Sunrise -laivan tarvitsevan apuk\u00e4si\u00e4. Tommy p\u00e4\u00e4tti tarttua tilaisuuteen. &nbsp;Nyt seuraavat kolme kuukautta h\u00e4n toimii kansity\u00f6ntekij\u00e4n\u00e4 ainutlaatuisella matkalla Atlantin halki Arktikselle. <\/span><\/p>\n<p><span style=\"font-weight: 400;\">\u201cSain kuulla vasta viikko sitten, ett\u00e4 p\u00e4\u00e4sen matkaan mukaan. J\u00e4rjestelt\u00e4v\u00e4\u00e4 oli paljon ja minua j\u00e4nnitti hieman. Olen toiminut Greenpeacen vapaaehtoisena jo joitakin vuosia, mutta en koskaan osannut ajatella, ett\u00e4 saisin tilaisuuden toimia laivalla\u201d, Tommy sanoo ja hymyilee. <\/span><\/p>\n<p><span style=\"font-weight: 400;\">Laivalla Tommy toimii avustavana kansity\u00f6ntekij\u00e4n\u00e4. Teht\u00e4viin kuuluu maalaamista, kannen pesua, avustamista ja y\u00f6vahtina toimimista muiden laivojen ja j\u00e4\u00e4lauttojen varalta. <\/span><\/p>\n<h3><b>Mit\u00e4 toivot t\u00e4lt\u00e4 kokemukselta?<\/b><\/h3>\n<p><span style=\"font-weight: 400;\"><strong>\u201cToivon n\u00e4kev\u00e4ni j\u00e4\u00e4karhuja, keskiy\u00f6n auringon ja arktisen maailman!<\/strong> On todella j\u00e4nnitt\u00e4v\u00e4\u00e4 keskustella laivalla olevien tutkijoiden ja asiantuntijoiden kanssa ja seurata heid\u00e4n ty\u00f6ntekoaan. Olen seurannut TV-ohjelmia Arktiksesta, ja nyt p\u00e4\u00e4sen n\u00e4kem\u00e4\u00e4n sen kaiken omin silmin.\u201d Tommy jatkaa: \u201cMatka itsess\u00e4\u00e4n on j\u00e4nn\u00e4. N\u00e4in rajatussa tilassa oleminen kolmen kuukauden ajan tulee olemaan haaste. On t\u00e4rke\u00e4\u00e4 oppia rutiinit.\u201d<\/span><\/p>\n<p><span style=\"font-weight: 400;\">T\u00e4h\u00e4n menness\u00e4 el\u00e4m\u00e4 laivalla on vastannut Tommyn ajatuksia. Tommy kertoo: \u201cLaivahenkil\u00f6st\u00f6\u00f6n kuuluu 17 ihmist\u00e4 16 eri maasta. T\u00e4m\u00e4 on ainutlaatuista, enk\u00e4 tied\u00e4 mit\u00e4 odottaa tulevilta kuukausilta. Mietin, miten teen ty\u00f6ni, jos merenk\u00e4ynti on hurjaa. T\u00e4h\u00e4n asti aallot ovat olleet pieni\u00e4. Olen varma, ett\u00e4 tulen merisairaaksi. Arctic Sunrise on vanha j\u00e4\u00e4nmurtaja ja sit\u00e4 kutsutaan pesukoneeksi, koska aallokossa se heiluu ja t\u00e4risee kuin vanha pesukone.\u201d<\/span><\/p>\n<div id=\"attachment_1869\" style=\"width: 810px\" class=\"wp-caption alignnone\"><img loading=\"lazy\" decoding=\"async\" aria-describedby=\"caption-attachment-1869\" class=\"wp-image-1869 size-full\" src=\"https:\/\/www.greenpeace.org\/static\/planet4-finland-stateless\/2019\/05\/49355222-gp01rwo_web_size.jpg\" alt=\"\" width=\"800\" height=\"533\" srcset=\"https:\/\/www.greenpeace.org\/static\/planet4-finland-stateless\/2019\/05\/49355222-gp01rwo_web_size.jpg 800w, https:\/\/www.greenpeace.org\/static\/planet4-finland-stateless\/2019\/05\/49355222-gp01rwo_web_size-300x200.jpg 300w, https:\/\/www.greenpeace.org\/static\/planet4-finland-stateless\/2019\/05\/49355222-gp01rwo_web_size-768x512.jpg 768w, https:\/\/www.greenpeace.org\/static\/planet4-finland-stateless\/2019\/05\/49355222-gp01rwo_web_size-510x340.jpg 510w\" sizes=\"auto, (max-width: 800px) 100vw, 800px\" \/><p id=\"caption-attachment-1869\" class=\"wp-caption-text\">Tommy odottaa n\u00e4kev\u00e4ns\u00e4 j\u00e4\u00e4karhuja. T\u00e4m\u00e4 kaveri odottaa vesi kielell\u00e4 ihan jotain muuta.<\/p><\/div>\n<h3><b>Miten sinusta tuli Greenpeacen vapaaehtoinen?<\/b><\/h3>\n<p><span style=\"font-weight: 400;\">\u201cYmp\u00e4rist\u00f6n vuoksi toimiminen on vahvistunut vuosi vuodelta. Tuntui tyhm\u00e4lt\u00e4 istua ja valittaa, kun voi my\u00f6s toimia. Kaikkien on aika ottaa ilmastonmuutos tosissaan. Se on aivan yht\u00e4 paljon yhteiskuntaan kuin ymp\u00e4rist\u00f6\u00f6n vaikuttava asia. Kaikki asiat ovat sidoksissa toisiinsa.\u201d <\/span><\/p>\n<p><span style=\"font-weight: 400;\">Tommy jatkaa: \u201cOlen aina ollut vaikuttunut siit\u00e4, miten Greenpeace toimii, ja ymp\u00e4rist\u00f6 ja luonto ovat olleet minulle aina t\u00e4rkeit\u00e4. <strong>Vapaaehtoisena oppii paljon.<\/strong> Kaikki kokemukseni vapaaehtoisena ovat olleet mahtavia. Olen oppinut tuntemaan paljon muita vapaaehtoisia kaikista Pohjoismaista. <strong>T\u00e4m\u00e4 on aivan mielet\u00f6n yhteis\u00f6!<\/strong> Olen todella kiitollinen, ett\u00e4 saan olla osa t\u00e4t\u00e4 porukkaa.\u201d<\/span><\/p>\n<p><span style=\"font-weight: 400;\">Tutkimusmatka, jolla Tommy toimii kansity\u00f6ntekij\u00e4n\u00e4, on historiamme kunnianhimoisimpia matkoja. Laivamme kulkevat pohjoisnavalta Atlantin halki etel\u00e4navalle. Matkalla ker\u00e4\u00e4mme aineistoa, jonka luovutamme YK:lle, jotta kansainv\u00e4linen sopimus mertensuojelusta toteutuu. Tavoitteemme on suojella 30 prosenttia maailman merist\u00e4 maailmanlaajuisessa suojelualueiden verkostossa. Tommy on matkassa mukana ensimm\u00e4iset kolme kuukautta. Tommyn matka alkoi Norjan rannikolta Huippuvuorilta. H\u00e4n matkaa arktisen merij\u00e4\u00e4n reunalle ja Islannin kautta Lontooseen.<\/span><\/p>\n<h3><b>Tule vapaaehtoiseksi<\/b><\/h3>\n<p><span style=\"font-weight: 400;\">Vapaaehtoisena voit olla mukana monenlaisessa toiminnassa mielenosoituksista kampanjaty\u00f6h\u00f6n ja joskus jopa laivalla ty\u00f6skennellen. <a href=\"https:\/\/www.greenpeace.org\/finland\/vapaaehtoiset\/\">Lue lis\u00e4\u00e4 ja tule mukaan<\/a>.<\/span><\/p>\n","protected":false},"excerpt":{"rendered":"<p>Greenpeacen vapaaehtoinen Tommy n\u00e4ki ilmoituksen, jossa kerrottiin Arctic Sunrise -laivan tarvitsevan apuk\u00e4si\u00e4. Tommy p\u00e4\u00e4tti tarttua tilaisuuteen. \u00a0Nyt seuraavat kolme kuukautta h\u00e4n toimii kansity\u00f6ntekij\u00e4n\u00e4 ainutlaatuisella matkalla Atlantin halki Arktikselle. \u201cSain kuulla&hellip;<\/p>\n","protected":false},"author":35,"featured_media":1867,"comment_status":"closed","ping_status":"open","sticky":false,"template":"","format":"standard","meta":{"_improvement_type_select":"improve_an_existing","_thumb_yes_seoaic":false,"_frame_yes_seoaic":false,"seoaic_generate_description":"","seoaic_improve_instructions_prompt":"","seoaic_rollback_content_improvement":"","seoaic_idea_thumbnail_generator":"","thumbnail_generated":false,"thumbnail_generate_prompt":"","seoaic_article_description":"","ep_exclude_from_search":false,"seoaic_article_subtitles":[],"p4_og_title":"","p4_og_description":"","p4_og_image":"","p4_og_image_id":"","p4_seo_canonical_url":"","p4_campaign_name":"","p4_local_project":"","p4_basket_name":"","p4_department":"","footnotes":""},"categories":[4],"tags":[25,29],"p4-page-type":[16],"class_list":["post-1856","post","type-post","status-publish","format-standard","has-post-thumbnail","hentry","category-meret","tag-suojellaanmeret","tag-vapaaehtoiset","p4-page-type-blogit"],"_links":{"self":[{"href":"https:\/\/www.greenpeace.org\/finland\/wp-json\/wp\/v2\/posts\/1856","targetHints":{"allow":["GET"]}}],"collection":[{"href":"https:\/\/www.greenpeace.org\/finland\/wp-json\/wp\/v2\/posts"}],"about":[{"href":"https:\/\/www.greenpeace.org\/finland\/wp-json\/wp\/v2\/types\/post"}],"author":[{"embeddable":true,"href":"https:\/\/www.greenpeace.org\/finland\/wp-json\/wp\/v2\/users\/35"}],"replies":[{"embeddable":true,"href":"https:\/\/www.greenpeace.org\/finland\/wp-json\/wp\/v2\/comments?post=1856"}],"version-history":[{"count":11,"href":"https:\/\/www.greenpeace.org\/finland\/wp-json\/wp\/v2\/posts\/1856\/revisions"}],"predecessor-version":[{"id":53811,"href":"https:\/\/www.greenpeace.org\/finland\/wp-json\/wp\/v2\/posts\/1856\/revisions\/53811"}],"wp:featuredmedia":[{"embeddable":true,"href":"https:\/\/www.greenpeace.org\/finland\/wp-json\/wp\/v2\/media\/1867"}],"wp:attachment":[{"href":"https:\/\/www.greenpeace.org\/finland\/wp-json\/wp\/v2\/media?parent=1856"}],"wp:term":[{"taxonomy":"category","embeddable":true,"href":"https:\/\/www.greenpeace.org\/finland\/wp-json\/wp\/v2\/categories?post=1856"},{"taxonomy":"post_tag","embeddable":true,"href":"https:\/\/www.greenpeace.org\/finland\/wp-json\/wp\/v2\/tags?post=1856"},{"taxonomy":"p4-page-type","embeddable":true,"href":"https:\/\/www.greenpeace.org\/finland\/wp-json\/wp\/v2\/p4-page-type?post=1856"}],"curies":[{"name":"wp","href":"https:\/\/api.w.org\/{rel}","templated":true}]}}