{"id":2109,"date":"2019-06-18T22:22:00","date_gmt":"2019-06-18T19:22:00","guid":{"rendered":"https:\/\/www.greenpeace.org\/finland\/?p=2109"},"modified":"2024-09-02T10:12:47","modified_gmt":"2024-09-02T07:12:47","slug":"mielenosoitus-merella-arctic-sunrise-seuraa-bpn-oljynporauslauttaa-pohjanmerella","status":"publish","type":"post","link":"https:\/\/www.greenpeace.org\/finland\/blogit\/ilmastonmuutos\/mielenosoitus-merella-arctic-sunrise-seuraa-bpn-oljynporauslauttaa-pohjanmerella\/","title":{"rendered":"Mielenosoitus merell\u00e4: Arctic Sunrise seuraa BP:n \u00f6ljynporauslauttaa Pohjanmerell\u00e4"},"content":{"rendered":"<p>El\u00e4mme keskell\u00e4 ilmastokriisi\u00e4. Viimeisen vuoden aikana olemme n\u00e4hneet ennenn\u00e4kem\u00e4tt\u00f6m\u00e4n suuren ilmastoliikkeen synnyn ymp\u00e4ri maailman. Miljoonat ihmiset ovat vaatineet ilmastotekoja, yli 1,4 miljoonaa koululaista ymp\u00e4ri maailman osallistui koululakkoon maaliskuussa. Ison-Britannian hallitus julisti ilmastoh\u00e4t\u00e4tilan. Samoin teki <a href=\"https:\/\/www.theguardian.com\/environment\/2019\/jun\/14\/pope-francis-declares-climate-emergency-and-urges-action\" target=\"_blank\" rel=\"noopener noreferrer\">Paavi<\/a> viime perjantaina.<\/p>\n<p>Samaan aikaan brittil\u00e4inen \u00f6ljyj\u00e4tti BP (British Petroleum) on matkalla kohti Pohjanmerell\u00e4 sijaitsevaa \u00f6ljynporausaluetta aikeinaan porata 30 miljoonaa barrelia \u00f6ljy\u00e4.<\/p>\n<p>T\u00e4m\u00e4 on t\u00e4ydellist\u00e4 piittaamattomuutta maapallosta ja sen tulevaisuudesta. \u00d6ljy\u00e4 ja kaasua on jo nyt enemm\u00e4n kuin ilmasto kest\u00e4\u00e4. T\u00e4m\u00e4 ei k\u00e4y. Ilmastokriisi on otettava vakavasti, nyt on pakko toimia. Siksi olemme siell\u00e4, miss\u00e4 \u00f6ljynporauslauttakin jo kymmenett\u00e4 p\u00e4iv\u00e4\u00e4.<\/p>\n<p>Mielenosoitus alkoi sunnuntaina yhdeks\u00e4s kes\u00e4kuuta, kun joukko Greenpeacen aktivisteja nousi \u00f6ljynporauslautalle Skotlannin rannikolla, kun se oli valmistautumassa matkaansa. Kymmenen p\u00e4iv\u00e4\u00e4 my\u00f6hemmin olemme yh\u00e4 paikalla.<\/p>\n<p><strong>Katso alta, mit\u00e4 t\u00e4h\u00e4n menness\u00e4 on tapahtunut (p\u00e4ivitetty 18.6.):<\/strong><\/p>\n<div id=\"attachment_2110\" style=\"width: 2510px\" class=\"wp-caption alignnone\"><img loading=\"lazy\" decoding=\"async\" aria-describedby=\"caption-attachment-2110\" class=\"size-full wp-image-2110\" src=\"https:\/\/www.greenpeace.org\/static\/planet4-finland-stateless\/2019\/06\/8121e2ce-gp0sttfv5_pressmedia.jpg\" alt=\"\" width=\"2500\" height=\"1405\" srcset=\"https:\/\/www.greenpeace.org\/static\/planet4-finland-stateless\/2019\/06\/8121e2ce-gp0sttfv5_pressmedia.jpg 2500w, https:\/\/www.greenpeace.org\/static\/planet4-finland-stateless\/2019\/06\/8121e2ce-gp0sttfv5_pressmedia-300x169.jpg 300w, https:\/\/www.greenpeace.org\/static\/planet4-finland-stateless\/2019\/06\/8121e2ce-gp0sttfv5_pressmedia-768x432.jpg 768w, https:\/\/www.greenpeace.org\/static\/planet4-finland-stateless\/2019\/06\/8121e2ce-gp0sttfv5_pressmedia-1024x575.jpg 1024w, https:\/\/www.greenpeace.org\/static\/planet4-finland-stateless\/2019\/06\/8121e2ce-gp0sttfv5_pressmedia-2048x1151.jpg 2048w, https:\/\/www.greenpeace.org\/static\/planet4-finland-stateless\/2019\/06\/8121e2ce-gp0sttfv5_pressmedia-510x287.jpg 510w\" sizes=\"auto, (max-width: 2500px) 100vw, 2500px\" \/><p id=\"caption-attachment-2110\" class=\"wp-caption-text\">Joukko Greenpeacen aktivisteja nousi \u00f6ljynporauslautalle ja levitti ilmastoh\u00e4t\u00e4tilaa julistavan banderollin.<\/p><\/div>\n<h3>P\u00e4iv\u00e4 1 (Sunnuntai 9.6.)<\/h3>\n<p>Kello 18:30 joukko Greenpeacen aktivisteja nousi \u00f6ljynporauslautalle ja levitti ilmastoh\u00e4t\u00e4tilaa julistavan banderollin.<\/p>\n<div id=\"attachment_2111\" style=\"width: 1210px\" class=\"wp-caption alignnone\"><img loading=\"lazy\" decoding=\"async\" aria-describedby=\"caption-attachment-2111\" class=\"size-full wp-image-2111\" src=\"https:\/\/www.greenpeace.org\/static\/planet4-finland-stateless\/2019\/06\/537b342e-gp0sttfz3_medium_res.jpg\" alt=\"\" width=\"1200\" height=\"900\" srcset=\"https:\/\/www.greenpeace.org\/static\/planet4-finland-stateless\/2019\/06\/537b342e-gp0sttfz3_medium_res.jpg 1200w, https:\/\/www.greenpeace.org\/static\/planet4-finland-stateless\/2019\/06\/537b342e-gp0sttfz3_medium_res-300x225.jpg 300w, https:\/\/www.greenpeace.org\/static\/planet4-finland-stateless\/2019\/06\/537b342e-gp0sttfz3_medium_res-768x576.jpg 768w, https:\/\/www.greenpeace.org\/static\/planet4-finland-stateless\/2019\/06\/537b342e-gp0sttfz3_medium_res-1024x768.jpg 1024w, https:\/\/www.greenpeace.org\/static\/planet4-finland-stateless\/2019\/06\/537b342e-gp0sttfz3_medium_res-453x340.jpg 453w\" sizes=\"auto, (max-width: 1200px) 100vw, 1200px\" \/><p id=\"caption-attachment-2111\" class=\"wp-caption-text\">Fran ja Jo \u00f6ljynporauslautalla.<\/p><\/div>\n<h3>P\u00e4iv\u00e4 2 (maanantai 10.6.)<\/h3>\n<p>Kaksi aktivistia, Fran ja Jo, olivat lautalla iltaan asti, kunnes Pete ja Tom vaihtoivat paikkaa heid\u00e4n kanssaan.<\/p>\n<h3>P\u00e4iv\u00e4 3 (tiistai 11.6.)<\/h3>\n<p>Skotlantilainen tuomioistuin asettaa Greenpeacelle uhkasakon est\u00e4\u00e4kseen mielenosoituksen.<\/p>\n<div id=\"attachment_2112\" style=\"width: 1210px\" class=\"wp-caption alignnone\"><img loading=\"lazy\" decoding=\"async\" aria-describedby=\"caption-attachment-2112\" class=\"size-full wp-image-2112\" src=\"https:\/\/www.greenpeace.org\/static\/planet4-finland-stateless\/2019\/06\/9ffeea07-gp0sttg8e_medium_res.jpg\" alt=\"\" width=\"1200\" height=\"800\" srcset=\"https:\/\/www.greenpeace.org\/static\/planet4-finland-stateless\/2019\/06\/9ffeea07-gp0sttg8e_medium_res.jpg 1200w, https:\/\/www.greenpeace.org\/static\/planet4-finland-stateless\/2019\/06\/9ffeea07-gp0sttg8e_medium_res-300x200.jpg 300w, https:\/\/www.greenpeace.org\/static\/planet4-finland-stateless\/2019\/06\/9ffeea07-gp0sttg8e_medium_res-768x512.jpg 768w, https:\/\/www.greenpeace.org\/static\/planet4-finland-stateless\/2019\/06\/9ffeea07-gp0sttg8e_medium_res-1024x683.jpg 1024w, https:\/\/www.greenpeace.org\/static\/planet4-finland-stateless\/2019\/06\/9ffeea07-gp0sttg8e_medium_res-510x340.jpg 510w\" sizes=\"auto, (max-width: 1200px) 100vw, 1200px\" \/><p id=\"caption-attachment-2112\" class=\"wp-caption-text\">\u00d6ljynporauslautta seisoo paikallaan jo nelj\u00e4tt\u00e4 p\u00e4iv\u00e4\u00e4.<\/p><\/div>\n<h3>P\u00e4iv\u00e4 4 (keskiviikko 12.6.)<\/h3>\n<p>\u00d6ljynporauslautta on edelleen paikallaan. Samoin aktivistit lautan kyydiss\u00e4.<\/p>\n<h3>P\u00e4iv\u00e4 5 (torstai 13.6.)<\/h3>\n<p>Skotlannin poliisi aloittaa aktivistien poistamisen. Iltaan menness\u00e4 kummatkin aktivistit on poistettu lautalta. T\u00e4h\u00e4n menness\u00e4 \u00f6ljynporauslautta oli seissyt paikallaan jo 70 tuntia.<\/p>\n<h3>P\u00e4iv\u00e4 6 (perjantai 14.6.)<\/h3>\n<p>Nelj\u00e4lt\u00e4 aamuy\u00f6st\u00e4 joukko aktivisteja nousi uudestaan lautalle! Meena ja Andrew poistetaan lautalta iltaan menness\u00e4. Hieman t\u00e4m\u00e4n j\u00e4lkeen lauttaa aletaan hinaamaan kohti Pohjanmerta.<\/p>\n<div id=\"attachment_2113\" style=\"width: 1210px\" class=\"wp-caption alignnone\"><img loading=\"lazy\" decoding=\"async\" aria-describedby=\"caption-attachment-2113\" class=\"size-full wp-image-2113\" src=\"https:\/\/www.greenpeace.org\/static\/planet4-finland-stateless\/2019\/06\/3bfa3cb9-gp0sttfld_medium_res.jpg\" alt=\"\" width=\"1200\" height=\"800\" srcset=\"https:\/\/www.greenpeace.org\/static\/planet4-finland-stateless\/2019\/06\/3bfa3cb9-gp0sttfld_medium_res.jpg 1200w, https:\/\/www.greenpeace.org\/static\/planet4-finland-stateless\/2019\/06\/3bfa3cb9-gp0sttfld_medium_res-300x200.jpg 300w, https:\/\/www.greenpeace.org\/static\/planet4-finland-stateless\/2019\/06\/3bfa3cb9-gp0sttfld_medium_res-768x512.jpg 768w, https:\/\/www.greenpeace.org\/static\/planet4-finland-stateless\/2019\/06\/3bfa3cb9-gp0sttfld_medium_res-1024x683.jpg 1024w, https:\/\/www.greenpeace.org\/static\/planet4-finland-stateless\/2019\/06\/3bfa3cb9-gp0sttfld_medium_res-510x340.jpg 510w\" sizes=\"auto, (max-width: 1200px) 100vw, 1200px\" \/><p id=\"caption-attachment-2113\" class=\"wp-caption-text\">Lauttaa hinataan merelle.<\/p><\/div>\n<h3>P\u00e4iv\u00e4 7 (lauantai 15.6.)<\/h3>\n<p>Lauantaihin menness\u00e4 uhkasakko on laajennettu koskemaan my\u00f6s Greenpeacen laivoja, Arctic Sunrisea ja Esperanzaa. N\u00e4ist\u00e4 ensimm\u00e4inen on sopivasti matkalla kohti Skotlantia seilaten britteinsaarten it\u00e4rannikkoa kohden pohjoista saavuttaakseen \u00f6ljynporauslautan.<\/p>\n<p>Ymp\u00e4ri Isoa-Britanniaa j\u00e4rjestet\u00e4\u00e4n <a href=\"https:\/\/twitter.com\/GreenpeaceLeeds\/status\/1139876794482536448\" target=\"_blank\" rel=\"noopener noreferrer\">mielenosoituksia<\/a> BP:n bensa-asemilla.<\/p>\n<blockquote class=\"twitter-tweet\" data-lang=\"en-gb\">\n<p dir=\"ltr\" lang=\"en\"><a href=\"https:\/\/twitter.com\/hashtag\/BPShutdown?src=hash&amp;ref_src=twsrc%5Etfw\">#BPShutdown<\/a> to make a world free from climate change <a href=\"https:\/\/twitter.com\/hashtag\/nomoreoil?src=hash&amp;ref_src=twsrc%5Etfw\">#nomoreoil<\/a> <a href=\"https:\/\/t.co\/prx2fQULWF\">pic.twitter.com\/prx2fQULWF<\/a><\/p>\n<p>\u2014 Berkshire Greenpeace (@berksgp) <a href=\"https:\/\/twitter.com\/berksgp\/status\/1139857230231195648?ref_src=twsrc%5Etfw\">15 June 2019<\/a><\/p>\n<\/blockquote>\n<p><script async src=\"https:\/\/platform.twitter.com\/widgets.js\" charset=\"utf-8\"><\/script><\/p>\n<h3>P\u00e4iv\u00e4 8 (sunnuntai 16.6.)<\/h3>\n<p>Laivamme <a href=\"https:\/\/twitter.com\/GreenpeaceUK\/status\/1140159731530702848\" target=\"_blank\" rel=\"noopener noreferrer\">Arctic Sunrise<\/a> saavuttaa BP:n \u00f6ljynporauslautan. Yll\u00e4tt\u00e4en \u00f6ljynporauslautta tekee U-k\u00e4\u00e4nn\u00f6ksen ja ottaa suunnan takaisin kohti Skotlantia!<\/p>\n<div id=\"attachment_2118\" style=\"width: 2510px\" class=\"wp-caption alignnone\"><img loading=\"lazy\" decoding=\"async\" aria-describedby=\"caption-attachment-2118\" class=\"size-full wp-image-2118\" src=\"https:\/\/www.greenpeace.org\/static\/planet4-finland-stateless\/2019\/06\/35559d4f-gp0sttgjc_pressmedia.jpg\" alt=\"\" width=\"2500\" height=\"1617\" srcset=\"https:\/\/www.greenpeace.org\/static\/planet4-finland-stateless\/2019\/06\/35559d4f-gp0sttgjc_pressmedia.jpg 2500w, https:\/\/www.greenpeace.org\/static\/planet4-finland-stateless\/2019\/06\/35559d4f-gp0sttgjc_pressmedia-300x194.jpg 300w, https:\/\/www.greenpeace.org\/static\/planet4-finland-stateless\/2019\/06\/35559d4f-gp0sttgjc_pressmedia-768x497.jpg 768w, https:\/\/www.greenpeace.org\/static\/planet4-finland-stateless\/2019\/06\/35559d4f-gp0sttgjc_pressmedia-1024x662.jpg 1024w, https:\/\/www.greenpeace.org\/static\/planet4-finland-stateless\/2019\/06\/35559d4f-gp0sttgjc_pressmedia-2048x1325.jpg 2048w, https:\/\/www.greenpeace.org\/static\/planet4-finland-stateless\/2019\/06\/35559d4f-gp0sttgjc_pressmedia-510x330.jpg 510w\" sizes=\"auto, (max-width: 2500px) 100vw, 2500px\" \/><p id=\"caption-attachment-2118\" class=\"wp-caption-text\">Arctic Sunrise saavuttaa lautan.<\/p><\/div>\n<h3>P\u00e4iv\u00e4 9 (maanantai 17.6.)<\/h3>\n<p>Viel\u00e4k\u00e4\u00e4n ei \u00f6ljynporauslautta ole p\u00e4\u00e4ssyt porausalueelle. Arctic Sunrise seuraa lauttaa, joka tekee uusia uukkareita ja pyrkii selv\u00e4sti jatkamaan t\u00f6it\u00e4\u00e4n ilmastokriisin pahentamiseksi.<\/p>\n<div id=\"attachment_2119\" style=\"width: 2104px\" class=\"wp-caption alignnone\"><img loading=\"lazy\" decoding=\"async\" aria-describedby=\"caption-attachment-2119\" class=\"size-full wp-image-2119\" src=\"https:\/\/www.greenpeace.org\/static\/planet4-finland-stateless\/2019\/06\/56771432-gp0sttgzh_pressmedia.jpg\" alt=\"\" width=\"2094\" height=\"1464\" srcset=\"https:\/\/www.greenpeace.org\/static\/planet4-finland-stateless\/2019\/06\/56771432-gp0sttgzh_pressmedia.jpg 2094w, https:\/\/www.greenpeace.org\/static\/planet4-finland-stateless\/2019\/06\/56771432-gp0sttgzh_pressmedia-300x210.jpg 300w, https:\/\/www.greenpeace.org\/static\/planet4-finland-stateless\/2019\/06\/56771432-gp0sttgzh_pressmedia-768x537.jpg 768w, https:\/\/www.greenpeace.org\/static\/planet4-finland-stateless\/2019\/06\/56771432-gp0sttgzh_pressmedia-1024x716.jpg 1024w, https:\/\/www.greenpeace.org\/static\/planet4-finland-stateless\/2019\/06\/56771432-gp0sttgzh_pressmedia-1954x1366.jpg 1954w, https:\/\/www.greenpeace.org\/static\/planet4-finland-stateless\/2019\/06\/56771432-gp0sttgzh_pressmedia-486x340.jpg 486w\" sizes=\"auto, (max-width: 2094px) 100vw, 2094px\" \/><p id=\"caption-attachment-2119\" class=\"wp-caption-text\">BP:n \u00f6ljynporauslautta tekee U-k\u00e4\u00e4nn\u00f6ksi\u00e4 porausalueen ymp\u00e4rill\u00e4.<\/p><\/div>\n<h3>P\u00e4iv\u00e4 10 (tiistai 18.6.)<\/h3>\n<p>BP:n lautta jatkaa k\u00e4\u00e4ntyily\u00e4 edestakaisin porausalueen l\u00e4hist\u00f6ll\u00e4. \u00d6ljy-yhti\u00f6n on nyt korkea aika tehd\u00e4 lopullinen U-k\u00e4\u00e4nn\u00f6s ja hyl\u00e4tt\u00e4v\u00e4 \u00f6ljy. Kauniit puheet eiv\u00e4t riit\u00e4 &#8211; nyt on pakko toimia. Emme ole l\u00e4hd\u00f6ss\u00e4 mihink\u00e4\u00e4n. Maailmanlaajuinen liike ilmastokriisin pys\u00e4ytt\u00e4miseksi kasvaa p\u00e4iv\u00e4 p\u00e4iv\u00e4lt\u00e4 ja me olemme p\u00e4\u00e4tt\u00e4neet voittaa.<\/p>\n<div id=\"attachment_2125\" style=\"width: 1210px\" class=\"wp-caption alignnone\"><img loading=\"lazy\" decoding=\"async\" aria-describedby=\"caption-attachment-2125\" class=\"size-full wp-image-2125\" src=\"https:\/\/www.greenpeace.org\/static\/planet4-finland-stateless\/2019\/06\/fbe00c8b-gp0stthk4.jpg\" alt=\"Greenpeace activists display banner on Day 10 of the BP rig protest. \u00a9 Greenpeace\" width=\"1200\" height=\"800\" srcset=\"https:\/\/www.greenpeace.org\/static\/planet4-finland-stateless\/2019\/06\/fbe00c8b-gp0stthk4.jpg 1200w, https:\/\/www.greenpeace.org\/static\/planet4-finland-stateless\/2019\/06\/fbe00c8b-gp0stthk4-300x200.jpg 300w, https:\/\/www.greenpeace.org\/static\/planet4-finland-stateless\/2019\/06\/fbe00c8b-gp0stthk4-768x512.jpg 768w, https:\/\/www.greenpeace.org\/static\/planet4-finland-stateless\/2019\/06\/fbe00c8b-gp0stthk4-1024x683.jpg 1024w, https:\/\/www.greenpeace.org\/static\/planet4-finland-stateless\/2019\/06\/fbe00c8b-gp0stthk4-510x340.jpg 510w\" sizes=\"auto, (max-width: 1200px) 100vw, 1200px\" \/><p id=\"caption-attachment-2125\" class=\"wp-caption-text\">Aktivistit BP:n \u00f6ljynporauslautan edustalla Pohjanmerell\u00e4.<\/p><\/div>\n<h3>P\u00e4iv\u00e4 11 (keskiviikko 18.6.)<\/h3>\n<p>Luimme <a href=\"https:\/\/www.pressandjournal.co.uk\/fp\/news\/highlands\/1776959\/bp-greenpeace\/?fbclid=IwAR3pgPbGgWRpLIVBwNZMbc-NGHAchhfOAv7Ckw43Bkb4FOC-mu6X9WGjYbQ\" target=\"_blank\" rel=\"noopener noreferrer\">lehdest\u00e4,<\/a> ett\u00e4 \u00f6ljypomot aikovat pit\u00e4\u00e4 kriisipalaverin, jotta rauhanomainen mielenosoituksemme saataisiin loppumaan. \u00d6ljyteollisuus onkin kriisipalaverin tarpeessa &#8211; nimitt\u00e4in ilmastokriisipalaverin. \u00d6ljyteollisuudella, joka ruokkii ilmastokriisi\u00e4 ja asettaa meid\u00e4t kaikki vaaraan, ei ole tulevaisuutta. BP:n on teht\u00e4v\u00e4 t\u00e4ysk\u00e4\u00e4nn\u00f6s ja siirrytt\u00e4v\u00e4 t\u00e4ysin uusiutuvaan energiaan.<\/p>\n<p><strong><a href=\"https:\/\/www.greenpeace.org\/archive-finland\/fi\/kampanjat\/mertensuojelu\/bp\/\" target=\"_blank\" rel=\"noopener noreferrer\">Allekirjoita vetoomuksemme BP:n johtajalle ja vaadi todellisia ratkaisuja ilmastokriisiin.<\/a><\/strong><br \/>\n<em><br \/>\nP\u00e4ivit\u00e4mme tilannetta t\u00e4ss\u00e4 blogissa.<\/em><\/p>\n","protected":false},"excerpt":{"rendered":"<p>El\u00e4mme keskell\u00e4 ilmastokriisi\u00e4. Viimeisen vuoden aikana olemme n\u00e4hneet ennenn\u00e4kem\u00e4tt\u00f6m\u00e4n suuren ilmastoliikkeen synnyn ymp\u00e4ri maailman. Mutta \u00f6ljy-yhti\u00f6t ovat p\u00e4\u00e4tt\u00e4neet olla piittaamatta t\u00e4st\u00e4. BP:n \u00f6ljynporauslautta on juuri nyt matkalla&#8230;<\/p>\n","protected":false},"author":23,"featured_media":2110,"comment_status":"closed","ping_status":"open","sticky":false,"template":"","format":"standard","meta":{"_improvement_type_select":"improve_an_existing","_thumb_yes_seoaic":false,"_frame_yes_seoaic":false,"seoaic_generate_description":"","seoaic_improve_instructions_prompt":"","seoaic_rollback_content_improvement":"","seoaic_idea_thumbnail_generator":"","thumbnail_generated":false,"thumbnail_generate_prompt":"","seoaic_article_description":"","ep_exclude_from_search":false,"seoaic_article_subtitles":[],"p4_og_title":"","p4_og_description":"","p4_og_image":"","p4_og_image_id":"","p4_seo_canonical_url":"","p4_campaign_name":"","p4_local_project":"","p4_basket_name":"","p4_department":"","footnotes":""},"categories":[1],"tags":[61,38,58],"p4-page-type":[16],"class_list":["post-2109","post","type-post","status-publish","format-standard","has-post-thumbnail","hentry","category-ilmastonmuutos","tag-fossiiliset","tag-kansalaistottelemattomuus","tag-ilmastokriisinsyyt","p4-page-type-blogit"],"_links":{"self":[{"href":"https:\/\/www.greenpeace.org\/finland\/wp-json\/wp\/v2\/posts\/2109","targetHints":{"allow":["GET"]}}],"collection":[{"href":"https:\/\/www.greenpeace.org\/finland\/wp-json\/wp\/v2\/posts"}],"about":[{"href":"https:\/\/www.greenpeace.org\/finland\/wp-json\/wp\/v2\/types\/post"}],"author":[{"embeddable":true,"href":"https:\/\/www.greenpeace.org\/finland\/wp-json\/wp\/v2\/users\/23"}],"replies":[{"embeddable":true,"href":"https:\/\/www.greenpeace.org\/finland\/wp-json\/wp\/v2\/comments?post=2109"}],"version-history":[{"count":10,"href":"https:\/\/www.greenpeace.org\/finland\/wp-json\/wp\/v2\/posts\/2109\/revisions"}],"predecessor-version":[{"id":2129,"href":"https:\/\/www.greenpeace.org\/finland\/wp-json\/wp\/v2\/posts\/2109\/revisions\/2129"}],"wp:featuredmedia":[{"embeddable":true,"href":"https:\/\/www.greenpeace.org\/finland\/wp-json\/wp\/v2\/media\/2110"}],"wp:attachment":[{"href":"https:\/\/www.greenpeace.org\/finland\/wp-json\/wp\/v2\/media?parent=2109"}],"wp:term":[{"taxonomy":"category","embeddable":true,"href":"https:\/\/www.greenpeace.org\/finland\/wp-json\/wp\/v2\/categories?post=2109"},{"taxonomy":"post_tag","embeddable":true,"href":"https:\/\/www.greenpeace.org\/finland\/wp-json\/wp\/v2\/tags?post=2109"},{"taxonomy":"p4-page-type","embeddable":true,"href":"https:\/\/www.greenpeace.org\/finland\/wp-json\/wp\/v2\/p4-page-type?post=2109"}],"curies":[{"name":"wp","href":"https:\/\/api.w.org\/{rel}","templated":true}]}}