{"id":2252,"date":"2019-08-16T16:24:12","date_gmt":"2019-08-16T13:24:12","guid":{"rendered":"https:\/\/www.greenpeace.org\/finland\/?p=2252"},"modified":"2024-09-04T11:25:00","modified_gmt":"2024-09-04T08:25:00","slug":"ilmastolle-haitallisia-tukia-kasvatetaan","status":"publish","type":"post","link":"https:\/\/www.greenpeace.org\/finland\/tiedotteet\/ilmastonmuutos\/ilmastolle-haitallisia-tukia-kasvatetaan\/","title":{"rendered":"Ilmastolle haitallisia tukia kasvatetaan"},"content":{"rendered":"<p><img loading=\"lazy\" decoding=\"async\" class=\"alignnone wp-image-2251 size-full\" src=\"https:\/\/www.greenpeace.org\/static\/planet4-finland-stateless\/2019\/08\/3b47f648-dji_0035.jpg\" alt=\"\" width=\"3992\" height=\"2992\" srcset=\"https:\/\/www.greenpeace.org\/static\/planet4-finland-stateless\/2019\/08\/3b47f648-dji_0035.jpg 3992w, https:\/\/www.greenpeace.org\/static\/planet4-finland-stateless\/2019\/08\/3b47f648-dji_0035-300x225.jpg 300w, https:\/\/www.greenpeace.org\/static\/planet4-finland-stateless\/2019\/08\/3b47f648-dji_0035-768x576.jpg 768w, https:\/\/www.greenpeace.org\/static\/planet4-finland-stateless\/2019\/08\/3b47f648-dji_0035-1024x767.jpg 1024w, https:\/\/www.greenpeace.org\/static\/planet4-finland-stateless\/2019\/08\/3b47f648-dji_0035-1823x1366.jpg 1823w, https:\/\/www.greenpeace.org\/static\/planet4-finland-stateless\/2019\/08\/3b47f648-dji_0035-454x340.jpg 454w\" sizes=\"auto, (max-width: 3992px) 100vw, 3992px\" \/><\/p>\n<p>Greenpeace on pettynyt valtiovarainministeri\u00f6n t\u00e4n\u00e4\u00e4n julkaisemaan vuoden 2020 talousarvioesitykseen. Osaa ilmastolle haitallisista tuista jopa kasvatetaan, vaikka niit\u00e4 pit\u00e4isi nopeasti v\u00e4hent\u00e4\u00e4.<\/p>\n<p>Esimerkiksi turpeen verotuki nousee valtiovarainministeri\u00f6n esityksess\u00e4 kahdella miljoonalla eurolla per\u00e4ti 196 miljoonaan euroon. Muun muassa Valtion taloudellisen tutkimuskeskuksen sek\u00e4 ty\u00f6- ja elinkeinoministeri\u00f6n kritisoima p\u00e4\u00e4st\u00f6kauppakompensaatio yli kaksinkertaistuu 75 miljoonaan euroon.<\/p>\n<p>\u201cSuomen on osoitettava ilmastojohtajuutta. Sit\u00e4 on vaadittu ja sit\u00e4 on my\u00f6s hallitus luvannut. Haitallisten tukien kasvattaminen on t\u00e4ysin vastoin n\u00e4it\u00e4 lupauksia\u201d, sanoo <strong>Sini Harkki<\/strong>, Greenpeace Nordenin maajohtaja Suomessa.<\/p>\n<p>\u201cMiten voimme Euroopan unionin puheenjohtajana johtaa Eurooppaa pienempiin p\u00e4\u00e4st\u00f6ihin, jos itse n\u00e4yt\u00e4mme huonoa esimerkki\u00e4?\u201d Harkki kysyy.<\/p>\n<p>Lis\u00e4tietoja:<br \/>\nSini Harkki, maajohtaja Suomessa, puhelin 050 582 1107<br \/>\nOlli Tiainen, ilmasto- ja energia-asiantuntija, puhelin 040 164 8606<\/p>\n","protected":false},"excerpt":{"rendered":"<p>Greenpeace on pettynyt valtiovarainministeri\u00f6n t\u00e4n\u00e4\u00e4n julkaisemaan vuoden 2020 talousarvioesitykseen. Osaa ilmastolle haitallisista tuista jopa kasvatetaan, vaikka niit\u00e4 pit\u00e4isi nopeasti v\u00e4hent\u00e4\u00e4. Esimerkiksi turpeen verotuki nousee valtiovarainministeri\u00f6n esityksess\u00e4 kahdella miljoonalla eurolla per\u00e4ti&hellip;<\/p>\n","protected":false},"author":25,"featured_media":2251,"comment_status":"closed","ping_status":"open","sticky":false,"template":"","format":"standard","meta":{"_improvement_type_select":"improve_an_existing","_thumb_yes_seoaic":false,"_frame_yes_seoaic":false,"seoaic_generate_description":"","seoaic_improve_instructions_prompt":"","seoaic_rollback_content_improvement":"","seoaic_idea_thumbnail_generator":"","thumbnail_generated":false,"thumbnail_generate_prompt":"","seoaic_article_description":"","ep_exclude_from_search":false,"seoaic_article_subtitles":[],"p4_og_title":"","p4_og_description":"","p4_og_image":"","p4_og_image_id":"","p4_seo_canonical_url":"","p4_campaign_name":"","p4_local_project":"","p4_basket_name":"","p4_department":"","footnotes":""},"categories":[1],"tags":[64,61,60],"p4-page-type":[14],"class_list":["post-2252","post","type-post","status-publish","format-standard","has-post-thumbnail","hentry","category-ilmastonmuutos","tag-biomassa","tag-fossiiliset","tag-ilmastopolitiikka","p4-page-type-tiedotteet"],"_links":{"self":[{"href":"https:\/\/www.greenpeace.org\/finland\/wp-json\/wp\/v2\/posts\/2252","targetHints":{"allow":["GET"]}}],"collection":[{"href":"https:\/\/www.greenpeace.org\/finland\/wp-json\/wp\/v2\/posts"}],"about":[{"href":"https:\/\/www.greenpeace.org\/finland\/wp-json\/wp\/v2\/types\/post"}],"author":[{"embeddable":true,"href":"https:\/\/www.greenpeace.org\/finland\/wp-json\/wp\/v2\/users\/25"}],"replies":[{"embeddable":true,"href":"https:\/\/www.greenpeace.org\/finland\/wp-json\/wp\/v2\/comments?post=2252"}],"version-history":[{"count":2,"href":"https:\/\/www.greenpeace.org\/finland\/wp-json\/wp\/v2\/posts\/2252\/revisions"}],"predecessor-version":[{"id":2254,"href":"https:\/\/www.greenpeace.org\/finland\/wp-json\/wp\/v2\/posts\/2252\/revisions\/2254"}],"wp:featuredmedia":[{"embeddable":true,"href":"https:\/\/www.greenpeace.org\/finland\/wp-json\/wp\/v2\/media\/2251"}],"wp:attachment":[{"href":"https:\/\/www.greenpeace.org\/finland\/wp-json\/wp\/v2\/media?parent=2252"}],"wp:term":[{"taxonomy":"category","embeddable":true,"href":"https:\/\/www.greenpeace.org\/finland\/wp-json\/wp\/v2\/categories?post=2252"},{"taxonomy":"post_tag","embeddable":true,"href":"https:\/\/www.greenpeace.org\/finland\/wp-json\/wp\/v2\/tags?post=2252"},{"taxonomy":"p4-page-type","embeddable":true,"href":"https:\/\/www.greenpeace.org\/finland\/wp-json\/wp\/v2\/p4-page-type?post=2252"}],"curies":[{"name":"wp","href":"https:\/\/api.w.org\/{rel}","templated":true}]}}