{"id":2261,"date":"2019-08-24T18:02:55","date_gmt":"2019-08-24T15:02:55","guid":{"rendered":"https:\/\/www.greenpeace.org\/finland\/?p=2261"},"modified":"2023-01-04T17:35:56","modified_gmt":"2023-01-04T14:35:56","slug":"suurin-osa-metsapaloista-on-estettavissa","status":"publish","type":"post","link":"https:\/\/www.greenpeace.org\/finland\/blogit\/metsat\/suurin-osa-metsapaloista-on-estettavissa\/","title":{"rendered":"Suurin osa mets\u00e4paloista on estett\u00e4viss\u00e4"},"content":{"rendered":"\n<p><strong>H\u00e4lytt\u00e4v\u00e4t uutiset Amazonilta ovat j\u00e4rkytt\u00e4neet viime p\u00e4ivin\u00e4 \u2013 ja niin pit\u00e4isikin. Viime vuoteen verrattuna palot ovat lis\u00e4\u00e4ntyneet 145 prosenttia.&nbsp;<\/strong><\/p>\n\n<figure class=\"wp-block-image alignnone size-full wp-image-2262\"><img loading=\"lazy\" decoding=\"async\" width=\"1200\" height=\"800\" src=\"https:\/\/www.greenpeace.org\/static\/planet4-finland-stateless\/2019\/08\/ab236d4b-gp0stts39_medium_res.jpg\" alt=\"\" class=\"wp-image-2262\" srcset=\"https:\/\/www.greenpeace.org\/static\/planet4-finland-stateless\/2019\/08\/ab236d4b-gp0stts39_medium_res.jpg 1200w, https:\/\/www.greenpeace.org\/static\/planet4-finland-stateless\/2019\/08\/ab236d4b-gp0stts39_medium_res-300x200.jpg 300w, https:\/\/www.greenpeace.org\/static\/planet4-finland-stateless\/2019\/08\/ab236d4b-gp0stts39_medium_res-768x512.jpg 768w, https:\/\/www.greenpeace.org\/static\/planet4-finland-stateless\/2019\/08\/ab236d4b-gp0stts39_medium_res-1024x683.jpg 1024w, https:\/\/www.greenpeace.org\/static\/planet4-finland-stateless\/2019\/08\/ab236d4b-gp0stts39_medium_res-510x340.jpg 510w\" sizes=\"auto, (max-width: 1200px) 100vw, 1200px\" \/><figcaption class=\"wp-element-caption\">Mets\u00e4\u00e4 palaa Alta Florestassa Brasialiassa.<div class=\"credit icon-left\"> \u00a9 Victor Moriyama \/ Greenpeace<\/div><\/figcaption><\/figure>\n\n<p>Mets\u00e4\u00e4 palaa nyt eniten niill\u00e4 Amazonin alueilla, joilla mets\u00e4n raivaus on kiivainta. Mets\u00e4n polttaminen on yksi keskeinen tapa raivata mets\u00e4\u00e4 liha- ja soijatuotannon tarpeisiin. Kahdeksassa kymmenest\u00e4 kunnasta, joihin palot nyt vaikuttavat voimakkaimmin, on my\u00f6s eniten <a href=\"http:\/\/terrabrasilis.dpi.inpe.br\/app\/dashboard\/alerts\/legal\/amazon\/daily\/\" target=\"_blank\" rel=\"noopener noreferrer\">mets\u00e4katoh\u00e4lytyksi\u00e4.<\/a><\/p>\n\n<p>\u201cBolsonaron hallituksen toimet kannustavat heit\u00e4, jotka tuhoavat Amazonia ja antavat mets\u00e4tuhon jatkua hallitsemattomana. Virkaan astumisensa j\u00e4lkeen nykyinen hallitus on ajanut Brasilian ymp\u00e4rist\u00f6nsuojelua j\u00e4rjestelm\u00e4llisesti alas\u201d, sanoo Brasilian Greenpeacen <strong>Danicley Aguilar.<\/strong><\/p>\n\n<p>Brasilian hallituksen viimeaikaiset hy\u00f6kk\u00e4ykset Amazonin rahastoa vastaan ovat jo johtaneet 288 miljoonan R$ j\u00e4\u00e4dytt\u00e4miseen Norjasta ja Saksasta. T\u00e4ll\u00e4 on vakavia seurauksia sille, miten mets\u00e4tuhoa ja mets\u00e4paloja voidaan est\u00e4\u00e4. Viime vuoden lopussa monitorointi ja mets\u00e4palojen ehk\u00e4isy kattoivat 47 prosenttia ty\u00f6st\u00e4, jota rahastosta rahoitettiin &#8211; yhteens\u00e4 891 miljoonaa R$. T\u00e4st\u00e4 90 prosenttia&nbsp; k\u00e4ytettiin Brasilian julkisen hallinnon projekteissa (liittovaltio-, valtio- ja kuntatasolla).<\/p>\n\n<figure class=\"wp-block-image alignnone size-full wp-image-2263\"><img loading=\"lazy\" decoding=\"async\" width=\"1200\" height=\"800\" src=\"https:\/\/www.greenpeace.org\/static\/planet4-finland-stateless\/2019\/08\/9b2f3541-gp0stts2v_medium_res.jpg\" alt=\"\" class=\"wp-image-2263\" srcset=\"https:\/\/www.greenpeace.org\/static\/planet4-finland-stateless\/2019\/08\/9b2f3541-gp0stts2v_medium_res.jpg 1200w, https:\/\/www.greenpeace.org\/static\/planet4-finland-stateless\/2019\/08\/9b2f3541-gp0stts2v_medium_res-300x200.jpg 300w, https:\/\/www.greenpeace.org\/static\/planet4-finland-stateless\/2019\/08\/9b2f3541-gp0stts2v_medium_res-768x512.jpg 768w, https:\/\/www.greenpeace.org\/static\/planet4-finland-stateless\/2019\/08\/9b2f3541-gp0stts2v_medium_res-1024x683.jpg 1024w, https:\/\/www.greenpeace.org\/static\/planet4-finland-stateless\/2019\/08\/9b2f3541-gp0stts2v_medium_res-510x340.jpg 510w\" sizes=\"auto, (max-width: 1200px) 100vw, 1200px\" \/><figcaption class=\"wp-element-caption\">Suurin osa mets\u00e4paloista on estett\u00e4viss\u00e4. Lua Altamirasta Brasiliasta.<div class=\"credit icon-left\"> \u00a9 Victor Moriyama \/ Greenpeace<\/div><\/figcaption><\/figure>\n\n<h3 class=\"wp-block-heading\">Mets\u00e4palot ovat estett\u00e4viss\u00e4<\/h3>\n\n<p>Elokuussa julkaistu kansainv\u00e4lisen ilmastopaneelin, IPCC:n raportti maank\u00e4yt\u00f6st\u00e4 kertoi selv\u00e4sti, ett\u00e4 ilmastonmuutoksen hillint\u00e4 Pariisin sopimuksen vaatimalle tasolle edellytt\u00e4\u00e4 paitsi fossiilip\u00e4\u00e4st\u00f6jen lopettamista, mutta my\u00f6s luontaisten hiilinielujen kasvattamista. T\u00e4m\u00e4 on mahdollista vain, jos lis\u00e4\u00e4mme metsien suojelua, torjumme mets\u00e4paloja ja v\u00e4henn\u00e4mme metsien teollista hy\u00f6dynt\u00e4mist\u00e4.<\/p>\n\n<p>Raportissa my\u00f6s sanotaan, ett\u00e4 meid\u00e4n on vauhditettava siirtymist\u00e4 kasvisruokavalioon, v\u00e4hennett\u00e4v\u00e4 ruokah\u00e4vikki\u00e4 ja hyl\u00e4tt\u00e4v\u00e4 ajatukset korvata fossiilisia polttoaineita laajamittaisesti bioenergialla.<\/p>\n\n<p>Greenpeacen julkaiseman raportin (<a href=\"https:\/\/www.greenpeace.org\/static\/planet4-finland-stateless\/2019\/01\/3db49449-3db49449-22863407-greenpeace-report_lost-in-smoke_december-2018.pdf\" target=\"_blank\" rel=\"noopener noreferrer\">Lue raportti: Lost in smoke<\/a>) mukaan mets\u00e4- ja maastopalojen p\u00e4\u00e4st\u00f6t vastaavat noin nelj\u00e4nnest\u00e4 maailman fossiilisista polttoaineista aiheutuneista p\u00e4\u00e4st\u00f6ist\u00e4. Ilmastovaikutusten vakavuudesta huolimatta monet maat eiv\u00e4t tarkkaile tai raportoi paloja.<\/p>\n\n<p>\u201cIlmastonmuutos kiihdytt\u00e4\u00e4 mets\u00e4paloja, mets\u00e4palot kiihdytt\u00e4v\u00e4t ilmastonmuutosta. Kierre on katkaistava\u201d, sanoo Greenpeace Ven\u00e4j\u00e4n maasto- ja mets\u00e4paloasiantuntija Anton Beneslavski.<\/p>\n\n<p>\u201cPalot uhkaavat meit\u00e4, mutta ne ovat my\u00f6s mahdollisuus. Suurin osa paloista esimerkiksi Brasiliassa ja Ven\u00e4j\u00e4ll\u00e4 on ihmisen sytytt\u00e4mi\u00e4, joten ne ovat my\u00f6s estett\u00e4viss\u00e4. Silloin voidaan est\u00e4\u00e4 valtavat ilmastop\u00e4\u00e4st\u00f6t\u201d, h\u00e4n jatkaa.<\/p>\n\n<p><strong>Ilmastokriisin keskell\u00e4 on t\u00e4ydellist\u00e4 piittaamattomuutta jatkaa metsien tuhoamista. Sinun kanssasi:&nbsp;<\/strong><\/p>\n\n<p>\u2705 Valvomme metsi\u00e4:&nbsp; Satelliittien ja lennokkien avulla valvomme yhdess\u00e4 paikallisten alkuper\u00e4isasukkaiden ja organisaatioiden kanssa metsi\u00e4. Tallennamme todisteet laittomista hakkuista, karjan laiduntamisesta tai viljelmist\u00e4.<\/p>\n\n<p>\u200b\u2705 Paljastamme laittoman toiminnan:&nbsp; Tuomme laittomat hakkuut p\u00e4iv\u00e4nvaloon ja huolehdimme, etteiv\u00e4t maille tunkeutujat voi jatkaa toimintaansa katseilta suojassa.<\/p>\n\n<p>\u2705 Vaikutamme p\u00e4\u00e4tt\u00e4jiin:&nbsp; Kiinnit\u00e4mme ihmisten huomion ymp\u00e4ri maailmaa Amazonille. N\u00e4yt\u00e4mme Brasilian hallitukselle, ettei Amazon kuulu sit\u00e4 ry\u00f6steleville yrityksille.<\/p>\n\n<p>Pys\u00e4ytimme viime vuonna \u00f6ljyj\u00e4ttil\u00e4isten BP:n ja Totalin aikomukset porata \u00f6ljy\u00e4 harvinaisella Amazonin riutalla. Estimme my\u00f6s kolme vuotta sitten Brasilian hallitusta toteuttamasta sarjan valtavia patoja Tapajos-joelle, jotka olisivat hukuttaneet alleen Munduruku-kansan maat ja el\u00e4inten kodit.<\/p>\n\n<p>T\u00e4ll\u00e4kin hetkell\u00e4 kansainv\u00e4linen j\u00e4rjest\u00f6mme kanavoi varoja ja tukea Brasilian sademets\u00e4n kriisin ratkaisemiseksi. Paikallinen toimistomme ty\u00f6skentelee mets\u00e4palojen ja mets\u00e4kadon pys\u00e4ytt\u00e4miseksi paikan p\u00e4\u00e4ll\u00e4. Juuri nyt kohdennamme sek\u00e4 paikallista ett\u00e4 kansainv\u00e4list\u00e4 painetta Brasilian hallitukseen, jotta mets\u00e4palot saataisiin hallintaan ja sademets\u00e4n tuhoaminen loppumaan.<\/p>\n\n<p>Lahjoittajiemme tuelle tulemme tulevien p\u00e4ivien aikana muun muassa kartoittamaan palojen laajuutta ilmasta k\u00e4sin sek\u00e4 mahdollisuuksien mukaan my\u00f6s selvitt\u00e4m\u00e4\u00e4n miten ja miss\u00e4 palot ovat saaneet alkunsa. Pid\u00e4mme teid\u00e4t parhaamme mukaan ajan tasalla tilanteen kehittymisest\u00e4 sek\u00e4 siit\u00e4, mit\u00e4 me t\u00e4\u00e4ll\u00e4 Suomessa voimme tehd\u00e4 Brasilian sademetsien ja alkuper\u00e4iskansojen hyv\u00e4ksi. <strong>Allekirjoita vetoomuksemme Amazonin puolesta<\/strong>:<\/p>\n<div class=\"EmptyMessage\">Block content is empty. Check the block&#8217;s settings or remove it.<\/div>\n<p>Voit my\u00f6s tukea ty\u00f6t\u00e4mme lahjoittamalla <a href=\"https:\/\/lahjoita.greenpeace.org\/donation\/tee-kertalahjoitus-luonto\" target=\"_blank\" rel=\"noopener noreferrer\">t\u00e4\u00e4lt\u00e4<\/a>.<\/p>\n","protected":false},"excerpt":{"rendered":"<p>H\u00e4lytt\u00e4v\u00e4t uutiset Amazonilta ovat j\u00e4rkytt\u00e4neet viime p\u00e4ivin\u00e4 \u2013 ja niin pit\u00e4isikin. Viime vuoteen verrattuna palot ovat lis\u00e4\u00e4ntyneet 145 prosenttia viime vuoteen verrattuna.\u00a0<\/p>\n","protected":false},"author":23,"featured_media":2262,"comment_status":"closed","ping_status":"open","sticky":false,"template":"","format":"standard","meta":{"_improvement_type_select":"improve_an_existing","_thumb_yes_seoaic":false,"_frame_yes_seoaic":false,"seoaic_generate_description":"","seoaic_improve_instructions_prompt":"","seoaic_rollback_content_improvement":"","seoaic_idea_thumbnail_generator":"","thumbnail_generated":false,"thumbnail_generate_prompt":"","seoaic_article_description":"","ep_exclude_from_search":false,"seoaic_article_subtitles":[],"p4_og_title":"Suurin osa mets\u00e4paloista on estett\u00e4viss\u00e4","p4_og_description":"Suurin osa paloista esimerkiksi Brasiliassa ja Ven\u00e4j\u00e4ll\u00e4 on ihmisen sytytt\u00e4mi\u00e4, joten ne ovat my\u00f6s estett\u00e4viss\u00e4. Silloin voidaan est\u00e4\u00e4 valtavat ilmastop\u00e4\u00e4st\u00f6t.","p4_og_image":"","p4_og_image_id":"","p4_seo_canonical_url":"","p4_campaign_name":"not set","p4_local_project":"not set","p4_basket_name":"not set","p4_department":"","footnotes":""},"categories":[3],"tags":[23,52,67],"p4-page-type":[16],"class_list":["post-2261","post","type-post","status-publish","format-standard","has-post-thumbnail","hentry","category-metsat","tag-sademetsat","tag-amazon","tag-metsapalot","p4-page-type-blogit"],"_links":{"self":[{"href":"https:\/\/www.greenpeace.org\/finland\/wp-json\/wp\/v2\/posts\/2261","targetHints":{"allow":["GET"]}}],"collection":[{"href":"https:\/\/www.greenpeace.org\/finland\/wp-json\/wp\/v2\/posts"}],"about":[{"href":"https:\/\/www.greenpeace.org\/finland\/wp-json\/wp\/v2\/types\/post"}],"author":[{"embeddable":true,"href":"https:\/\/www.greenpeace.org\/finland\/wp-json\/wp\/v2\/users\/23"}],"replies":[{"embeddable":true,"href":"https:\/\/www.greenpeace.org\/finland\/wp-json\/wp\/v2\/comments?post=2261"}],"version-history":[{"count":11,"href":"https:\/\/www.greenpeace.org\/finland\/wp-json\/wp\/v2\/posts\/2261\/revisions"}],"predecessor-version":[{"id":52925,"href":"https:\/\/www.greenpeace.org\/finland\/wp-json\/wp\/v2\/posts\/2261\/revisions\/52925"}],"wp:featuredmedia":[{"embeddable":true,"href":"https:\/\/www.greenpeace.org\/finland\/wp-json\/wp\/v2\/media\/2262"}],"wp:attachment":[{"href":"https:\/\/www.greenpeace.org\/finland\/wp-json\/wp\/v2\/media?parent=2261"}],"wp:term":[{"taxonomy":"category","embeddable":true,"href":"https:\/\/www.greenpeace.org\/finland\/wp-json\/wp\/v2\/categories?post=2261"},{"taxonomy":"post_tag","embeddable":true,"href":"https:\/\/www.greenpeace.org\/finland\/wp-json\/wp\/v2\/tags?post=2261"},{"taxonomy":"p4-page-type","embeddable":true,"href":"https:\/\/www.greenpeace.org\/finland\/wp-json\/wp\/v2\/p4-page-type?post=2261"}],"curies":[{"name":"wp","href":"https:\/\/api.w.org\/{rel}","templated":true}]}}