{"id":2274,"date":"2019-08-25T16:00:20","date_gmt":"2019-08-25T13:00:20","guid":{"rendered":"https:\/\/www.greenpeace.org\/finland\/?p=2274"},"modified":"2024-09-04T10:56:29","modified_gmt":"2024-09-04T07:56:29","slug":"tuoreet-kuvat-amazonilta-tulipalojen-tuhot-mittavia","status":"publish","type":"post","link":"https:\/\/www.greenpeace.org\/finland\/tiedotteet\/metsat\/tuoreet-kuvat-amazonilta-tulipalojen-tuhot-mittavia\/","title":{"rendered":"Tuoreet kuvat Amazonilta \u2013 tulipalojen tuhot mittavia"},"content":{"rendered":"<p><strong>Manaus, Brasilia, 24.8.2019<\/strong> <em>\u2013 Greenpeace Brasilia on julkaissut <a href=\"https:\/\/media.greenpeace.org\/shoot\/27MZIFJ8UG5SW\">uutta kuvamateriaalia<\/a> Amazonin sademets\u00e4\u00e4 viimeiset kolme viikkoa piinanneista tulipaloista. Kuvat on otettu Rond\u00f4nian ja Par\u00e1n osavaltioissa suoritetuilla tarkkailulennoilla.<\/em><\/p>\n<p>T\u00e4m\u00e4n vuoden tammi-elokuun v\u00e4lill\u00e4 palojen m\u00e4\u00e4r\u00e4 alueella on kasvanut 145% viime vuoden samaan aikajaksoon verrattuna. Palot uhkaavat edelleen alueen ainutlaatuisen luonnon monimuotoisuutta, alkuper\u00e4iskansojen yhteis\u00f6j\u00e4 ja voimistavat ilmastonmuutosta.<\/p>\n<p>\u201cTuhojen kierteelle on saatava loppu ennen kuin on liian my\u00f6h\u00e4ist\u00e4. Viime perjantaina (23.8.) tehdyll\u00e4 tarkkailulennolla voimme n\u00e4hd\u00e4 presidentti Bolsonaron hallinnon ymp\u00e4rist\u00f6vastaisen agendan seuraukset: savujen keskell\u00e4 n\u00e4kyi mittavia mets\u00e4tuhoja ja syv\u00e4lle sademetsiin ulottuvaa teollisen luokan maataloutta. Hallituksen v\u00e4itteist\u00e4 huolimatta on t\u00e4ysin selv\u00e4\u00e4, ett\u00e4 Amazonin sademets\u00e4\u00e4 halkovat palot ovat yhteydess\u00e4 alueen mets\u00e4katoon\u201d, sanoo Danicley Aguiar, Greenpeace Brasilian mets\u00e4kampanjoija.<\/p>\n<p>Amazonin alueella tulipalot ja mets\u00e4kato ovat vahvasti yhteydess\u00e4 toisiinsa. T\u00e4m\u00e4n vuoden paloalueista 75% oli mets\u00e4\u00e4 viel\u00e4 vuonna 2017. Pelk\u00e4st\u00e4\u00e4n t\u00e4m\u00e4n vuoden elokuun 16. ja 22. p\u00e4iv\u00e4n v\u00e4lill\u00e4 havaituista paloista 19% havaittiin suojelualueilla. Metsien tuhoutumisella on suora vaikutus ilmastonmuutokseen. Mets\u00e4kadon ja tulipalojen lis\u00e4\u00e4ntyminen tuottavat lis\u00e4\u00e4 kasvihuonekaasup\u00e4\u00e4st\u00f6j\u00e4 ilmakeh\u00e4\u00e4n ja v\u00e4hent\u00e4v\u00e4t maailman hiilinieluja.<\/p>\n<p>\u201cAmazonin alueen palot ovat vahingoksi my\u00f6s Brasilian kansainv\u00e4liselle asemalle. Jopa maataloussektori my\u00f6nt\u00e4\u00e4 nyt, ett\u00e4 hallituksen ymp\u00e4rist\u00f6vastainen politiikka vaarantaa maamme talouden. T\u00e4st\u00e4 huolimatta Bolsonaro ei ole esitt\u00e4nyt ainuttakaan konkreettista toimenpidett\u00e4 mets\u00e4kadon est\u00e4miseksi. H\u00e4n on kiinnostunut enemm\u00e4n kannatuksensa, kuin metsien pelastamisesta\u201d, kommentoi M\u00e1rcio Astrini, Greenpeace Brasilian yhteiskuntapolitiikan koordinaattori.<\/p>\n<p>Greenpeace Suomen maajohtaja Sini Harkki muistuttaa, ett\u00e4 EU:n on mahdollista vaikuttaa Brasilian hallintoon esimerkiksi Mercosur-kauppasopimuksen kautta:<\/p>\n<p>\u201cSopimuksen eteneminen pit\u00e4isi pys\u00e4ytt\u00e4\u00e4 siihen asti, ett\u00e4 Amazonin alueen aktiivinen tuhoaminen loppuu ja sopimus saadaan linjaan keskeisten YK-sopimusten, esimerkiksi Pariisin ilmastosopimuksen kanssa\u201d, Harkki sanoo.<\/p>\n<p><a href=\"https:\/\/media.greenpeace.org\/shoot\/27MZIFJ8UG5SW\">Kuvia Amazonin alueen paloista.<\/a><\/p>\n<p><strong>Lis\u00e4tiedot:<\/strong><br \/>\nSini Harkki, Greenpeace Suomen maajohtaja<br \/>\n050 582 1107<br \/>\nsini.harkki@greenpeace.org<\/p>\n<p>Juuso Janhunen, tiedottaja<br \/>\n040 482 5541<br \/>\njuuso.janhune@greenpeace.org<\/p>\n<div class=\"EmptyMessage\">Block content is empty. Check the block&#8217;s settings or remove it.<\/div>","protected":false},"excerpt":{"rendered":"<p>Manaus, Brasilia, 24.8.2019 \u2013 Greenpeace Brasilia on julkaissut uutta kuvamateriaalia Amazonin sademets\u00e4\u00e4 viimeiset kolme viikkoa piinanneista tulipaloista. Kuvat on otettu Rond\u00f4nian ja Par\u00e1n osavaltioissa suoritetuilla tarkkailulennoilla. T\u00e4m\u00e4n vuoden tammi-elokuun v\u00e4lill\u00e4&hellip;<\/p>\n","protected":false},"author":30,"featured_media":2277,"comment_status":"closed","ping_status":"open","sticky":false,"template":"","format":"standard","meta":{"_improvement_type_select":"improve_an_existing","_thumb_yes_seoaic":false,"_frame_yes_seoaic":false,"seoaic_generate_description":"","seoaic_improve_instructions_prompt":"","seoaic_rollback_content_improvement":"","seoaic_idea_thumbnail_generator":"","thumbnail_generated":false,"thumbnail_generate_prompt":"","seoaic_article_description":"","ep_exclude_from_search":false,"seoaic_article_subtitles":[],"p4_og_title":"","p4_og_description":"","p4_og_image":"","p4_og_image_id":"","p4_seo_canonical_url":"","p4_campaign_name":"not set","p4_local_project":"not set","p4_basket_name":"not set","p4_department":"","footnotes":""},"categories":[3],"tags":[23,52,67],"p4-page-type":[14],"class_list":["post-2274","post","type-post","status-publish","format-standard","has-post-thumbnail","hentry","category-metsat","tag-sademetsat","tag-amazon","tag-metsapalot","p4-page-type-tiedotteet"],"_links":{"self":[{"href":"https:\/\/www.greenpeace.org\/finland\/wp-json\/wp\/v2\/posts\/2274","targetHints":{"allow":["GET"]}}],"collection":[{"href":"https:\/\/www.greenpeace.org\/finland\/wp-json\/wp\/v2\/posts"}],"about":[{"href":"https:\/\/www.greenpeace.org\/finland\/wp-json\/wp\/v2\/types\/post"}],"author":[{"embeddable":true,"href":"https:\/\/www.greenpeace.org\/finland\/wp-json\/wp\/v2\/users\/30"}],"replies":[{"embeddable":true,"href":"https:\/\/www.greenpeace.org\/finland\/wp-json\/wp\/v2\/comments?post=2274"}],"version-history":[{"count":4,"href":"https:\/\/www.greenpeace.org\/finland\/wp-json\/wp\/v2\/posts\/2274\/revisions"}],"predecessor-version":[{"id":49595,"href":"https:\/\/www.greenpeace.org\/finland\/wp-json\/wp\/v2\/posts\/2274\/revisions\/49595"}],"wp:featuredmedia":[{"embeddable":true,"href":"https:\/\/www.greenpeace.org\/finland\/wp-json\/wp\/v2\/media\/2277"}],"wp:attachment":[{"href":"https:\/\/www.greenpeace.org\/finland\/wp-json\/wp\/v2\/media?parent=2274"}],"wp:term":[{"taxonomy":"category","embeddable":true,"href":"https:\/\/www.greenpeace.org\/finland\/wp-json\/wp\/v2\/categories?post=2274"},{"taxonomy":"post_tag","embeddable":true,"href":"https:\/\/www.greenpeace.org\/finland\/wp-json\/wp\/v2\/tags?post=2274"},{"taxonomy":"p4-page-type","embeddable":true,"href":"https:\/\/www.greenpeace.org\/finland\/wp-json\/wp\/v2\/p4-page-type?post=2274"}],"curies":[{"name":"wp","href":"https:\/\/api.w.org\/{rel}","templated":true}]}}