{"id":2322,"date":"2019-08-29T14:03:18","date_gmt":"2019-08-29T11:03:18","guid":{"rendered":"https:\/\/www.greenpeace.org\/finland\/?p=2322"},"modified":"2024-09-04T11:25:54","modified_gmt":"2024-09-04T08:25:54","slug":"greenpeacen-viesti-eun-ulkoministereille-amazonin-pelastamiseksi-on-toimittava-nyt","status":"publish","type":"post","link":"https:\/\/www.greenpeace.org\/finland\/tiedotteet\/metsat\/greenpeacen-viesti-eun-ulkoministereille-amazonin-pelastamiseksi-on-toimittava-nyt\/","title":{"rendered":"Greenpeacen viesti EU:n ulkoministereille: Amazonin pelastamiseksi on toimittava nyt!"},"content":{"rendered":"<p>Greenpeacen vapaaehtoiset vaativat t\u00e4n\u00e4\u00e4n Finlandia-talolle kokoontuvilta EU:n ulkoministereilt\u00e4 pikaisia toimia Amazonin sademets\u00e4n tuhojen est\u00e4miseksi ja alueen tulevaisuuden turvaamiseksi. Rauhanomaisessa mielenilmauksessa aktivistit kantoivat kokouspaikan ulkopuolella kylttej\u00e4, joiden viesti oli selv\u00e4: Pelastakaa Amazon, toimikaa nyt!<\/p>\n<p>Mielenilmauksella Greenpeace vaatii EU:ta ryhtym\u00e4\u00e4n v\u00e4litt\u00f6m\u00e4sti toimiin mets\u00e4kadon torjumiseksi ja Amazonin sademets\u00e4n pelastamiseksi tulipaloilta ja tuhoisalta maank\u00e4yt\u00f6lt\u00e4.<\/p>\n<p>\u201cEU-alueen kulutus, kauppa ja sijoitukset ovat keskeinen syy Brasilian mets\u00e4tuhoihin ja globaaliin mets\u00e4katoon, sek\u00e4 alkuper\u00e4iskansoihin kohdistuviin ihmisoikeusrikkomuksiin. EU:n t\u00e4ytyy nyt n\u00e4ytt\u00e4\u00e4, ett\u00e4 se kykenee torjumaan mets\u00e4katoa ja mets\u00e4luonnon k\u00f6yhtymist\u00e4, mik\u00e4 on v\u00e4ltt\u00e4m\u00e4t\u00f6nt\u00e4 my\u00f6s ilmastokriisin torjumiseksi\u201d, sanoo Greenpeace Suomen maajohtaja Sini Harkki.<\/p>\n<p>Greenpeace vaatii EU-maiden johtajilta sitoutumista siihen, ett\u00e4 EU ottaisi k\u00e4ytt\u00f6\u00f6n laajan toimenpideohjelman, mukaan lukien lakimuutoksia, jotka puuttuisivat mets\u00e4kadon ja luonnontilaisten elinymp\u00e4rist\u00f6jen katoamisen aiheuttajiin ja alkuper\u00e4iskansojen oikeuksien rikkomiseen. S\u00e4\u00e4d\u00f6sten on koskettava my\u00f6s Euroopassa tapahtuvaa kulutusta. Toimenpideohjelma tulisi ottaa k\u00e4ytt\u00f6\u00f6n jo vuoden 2020 aikana.<\/p>\n<p>\u201cVastuuta maailman metsist\u00e4 ei voi ulkoistaa, vaan EU-maiden johtajilla on nyt todellinen n\u00e4yt\u00f6n paikka. EU voi tehd\u00e4 politiikkaa, jolla on maailmanlaajuiset vaikutukset niin ilmastonmuutoksen kuin lajikadonkin torjumiseksi\u201d, Sini Harkki toteaa.<\/p>\n<p>Kuvia mielenilmauksesta ladattavissa <a href=\"https:\/\/media.greenpeace.org\/shoot\/27MZIFJ84U8PI\">t\u00e4\u00e4lt\u00e4<\/a>.<\/p>\n<p><strong>Lis\u00e4tietoja<\/strong><br \/>\nSini Harkki, maajohtaja, Greenpeace Norden<br \/>\n050 582 1107<br \/>\nsini.harkki@greenpeace.org<\/p>\n<p>Juuso Janhunen, tiedottaja, Greenpeace Norden<br \/>\n040 482 5541<br \/>\njuuso.janhunen@greenpeace.org<\/p>\n<div class=\"EmptyMessage\">Block content is empty. Check the block&#8217;s settings or remove it.<\/div>","protected":false},"excerpt":{"rendered":"<p>Greenpeacen vapaaehtoiset vaativat t\u00e4n\u00e4\u00e4n Finlandia-talolle kokoontuvilta EU:n ulkoministereilt\u00e4 pikaisia toimia Amazonin sademets\u00e4n tuhojen est\u00e4miseksi ja alueen tulevaisuuden turvaamiseksi. Rauhanomaisessa mielenilmauksessa aktivistit kantoivat kokouspaikan ulkopuolella kylttej\u00e4, joiden viesti oli selv\u00e4: Pelastakaa&hellip;<\/p>\n","protected":false},"author":30,"featured_media":2323,"comment_status":"closed","ping_status":"open","sticky":false,"template":"","format":"standard","meta":{"_improvement_type_select":"improve_an_existing","_thumb_yes_seoaic":false,"_frame_yes_seoaic":false,"seoaic_generate_description":"","seoaic_improve_instructions_prompt":"","seoaic_rollback_content_improvement":"","seoaic_idea_thumbnail_generator":"","thumbnail_generated":false,"thumbnail_generate_prompt":"","seoaic_article_description":"","ep_exclude_from_search":false,"seoaic_article_subtitles":[],"p4_og_title":"","p4_og_description":"","p4_og_image":"","p4_og_image_id":"","p4_seo_canonical_url":"","p4_campaign_name":"not set","p4_local_project":"not set","p4_basket_name":"not set","p4_department":"","footnotes":""},"categories":[3],"tags":[23,52,70,29],"p4-page-type":[14],"class_list":["post-2322","post","type-post","status-publish","format-standard","has-post-thumbnail","hentry","category-metsat","tag-sademetsat","tag-amazon","tag-luontokato","tag-vapaaehtoiset","p4-page-type-tiedotteet"],"_links":{"self":[{"href":"https:\/\/www.greenpeace.org\/finland\/wp-json\/wp\/v2\/posts\/2322","targetHints":{"allow":["GET"]}}],"collection":[{"href":"https:\/\/www.greenpeace.org\/finland\/wp-json\/wp\/v2\/posts"}],"about":[{"href":"https:\/\/www.greenpeace.org\/finland\/wp-json\/wp\/v2\/types\/post"}],"author":[{"embeddable":true,"href":"https:\/\/www.greenpeace.org\/finland\/wp-json\/wp\/v2\/users\/30"}],"replies":[{"embeddable":true,"href":"https:\/\/www.greenpeace.org\/finland\/wp-json\/wp\/v2\/comments?post=2322"}],"version-history":[{"count":3,"href":"https:\/\/www.greenpeace.org\/finland\/wp-json\/wp\/v2\/posts\/2322\/revisions"}],"predecessor-version":[{"id":49594,"href":"https:\/\/www.greenpeace.org\/finland\/wp-json\/wp\/v2\/posts\/2322\/revisions\/49594"}],"wp:featuredmedia":[{"embeddable":true,"href":"https:\/\/www.greenpeace.org\/finland\/wp-json\/wp\/v2\/media\/2323"}],"wp:attachment":[{"href":"https:\/\/www.greenpeace.org\/finland\/wp-json\/wp\/v2\/media?parent=2322"}],"wp:term":[{"taxonomy":"category","embeddable":true,"href":"https:\/\/www.greenpeace.org\/finland\/wp-json\/wp\/v2\/categories?post=2322"},{"taxonomy":"post_tag","embeddable":true,"href":"https:\/\/www.greenpeace.org\/finland\/wp-json\/wp\/v2\/tags?post=2322"},{"taxonomy":"p4-page-type","embeddable":true,"href":"https:\/\/www.greenpeace.org\/finland\/wp-json\/wp\/v2\/p4-page-type?post=2322"}],"curies":[{"name":"wp","href":"https:\/\/api.w.org\/{rel}","templated":true}]}}