{"id":2386,"date":"2019-09-19T14:39:58","date_gmt":"2019-09-19T11:39:58","guid":{"rendered":"https:\/\/www.greenpeace.org\/finland\/?p=2386"},"modified":"2024-08-27T11:34:15","modified_gmt":"2024-08-27T08:34:15","slug":"ilmastokriisi-on-merten-kriisi-ipcc-raportti-merten-ja-jaisten-alueiden-tilanne","status":"publish","type":"post","link":"https:\/\/www.greenpeace.org\/finland\/tiedotteet\/meret\/ilmastokriisi-on-merten-kriisi-ipcc-raportti-merten-ja-jaisten-alueiden-tilanne\/","title":{"rendered":"Ilmastokriisi on merten kriisi \u2013 IPCC-raportilta odotetaan vakavaa varoitusta maailman merten ja j\u00e4isten alueiden tilanteesta"},"content":{"rendered":"<p>YK:n ilmastopaneeli IPCC kokoontuu huomisesta perjantaista alkaen Monacoon viimeistelem\u00e4\u00e4n raporttia ennen sen julkaisua keskiviikkona 25.9. Erikoisraportti perustuu satojen johtavien tutkijoiden ilmastonalyysiin, ja se on kattavin arvio ilmastonmuutoksen nykyisist\u00e4 ja tulevista vaikutuksista meriin ja j\u00e4isiin alueisiin.<\/p>\n<p>\u201cOdotamme IPCC-raportilta vahvistusta sille, ett\u00e4 ilmastokriisi tosiaan on merten kriisi. Ilmastonmuutoksella on jo nyt peruuttamattomia vaikutuksia meriin, ja monet uhkakuvat ovat v\u00e4ist\u00e4m\u00e4tt\u00f6mi\u00e4. Meriin p\u00e4\u00e4tyy ihmisten toimesta miljoona tonnia hiilidioksidia joka ikinen tunti\u201d, sanoo Greenpeacen meriasiantuntija Laura Meller.<\/p>\n<p>Valtameret ovat el\u00e4m\u00e4lle elint\u00e4rkeit\u00e4. Yhdess\u00e4 j\u00e4\u00e4n ja j\u00e4\u00e4tik\u00f6iden kanssa ne s\u00e4\u00e4telev\u00e4t maapallon l\u00e4mp\u00f6tilaa. Valtameriin imeytyy jopa 90 prosenttia ilmastoj\u00e4rjestelm\u00e4n ylim\u00e4\u00e4r\u00e4isest\u00e4 l\u00e4mm\u00f6st\u00e4 ja 20\u201330 prosenttia ilmakeh\u00e4n hiilest\u00e4. Ne tuottavat ja s\u00e4\u00e4telev\u00e4t sateita, s\u00e4\u00e4t\u00e4, juomavett\u00e4 ja ruoansaantia.<\/p>\n<p>Raportissa arvioidaan muutoksia napa-alueiden j\u00e4\u00e4peitteess\u00e4, j\u00e4\u00e4tik\u00f6iden tilassa, ikiroudassa ja vuoristojen lumipeitteess\u00e4. My\u00f6s merenpinnan nousu ja sen vaikutukset mataliin saariin, rannikoihin ja niiden yhteis\u00f6ihin otetaan huomioon. Raportissa tarkastellaan merten l\u00e4mpenemisen ja happamoitumisen vaikutuksia kalakantoihin ja elinkeinoihin ja esitet\u00e4\u00e4n tulevaisuuden skenaarioita: kuinka yleisi\u00e4 ja voimakkaita trooppiset myrskyt ja merten helleaallot tulevat jatkossa olemaan.<\/p>\n<p>\u201cRaportti tavaa j\u00e4lleen hallituksille, ett\u00e4 nyt on pakko toimia. Ilmastop\u00e4\u00e4st\u00f6t on maailmanlaajuisesti puolitettava seuraavan vuosikymmenen aikana ja tuotava nollaan sen j\u00e4lkeen\u201d, sanoo Greenpeacen ilmastoasiantuntija ja IPCC-vastaava Kaisa Kosonen.<\/p>\n<p>\u201cYK:ssa on saatava ensi vuonna aikaan vahva mertensuojelusopimus, jonka avulla maailman merille voidaan perustaa suojelualueita. V\u00e4hint\u00e4\u00e4n kolmannes merist\u00e4 on rauhoitettava teolliselta toiminnalta, jotta niiden el\u00e4m\u00e4 voi kukoistaa, toipua ja sopeutua muutokseen\u201d, Laura Meller sanoo.<\/p>\n<p>Greenpeace on IPCC:n tarkkailijaj\u00e4sen (Observer Organisation), jonka asiantuntijat ovat osallistuneet erityisraportin arviointiin.<\/p>\n<p><strong>Lis\u00e4tiedot ja haastattelut:<\/strong><\/p>\n<p>Kaisa Kosonen, ilmastoasiantuntija ja IPCC-vastaava<br \/>\n050 368 8488<br \/>\nkaisa.kosonen@greenpeace.org<\/p>\n<p>Laura Meller, Arktis- ja meriasiantuntija, FT<br \/>\n040 180 3322<br \/>\nlaura.meller@greenpeace.org<\/p>\n<p>Mari Vaara, tiedottaja<br \/>\n041 460 9873<br \/>\nmari.vaara@greenpeace.org<\/p>\n","protected":false},"excerpt":{"rendered":"<p>IPCC-raportilta odotetaan vakavaa varoitusta maailman merten ja j\u00e4isten alueiden tilanteesta. Lue blogista.<\/p>\n","protected":false},"author":30,"featured_media":2387,"comment_status":"closed","ping_status":"open","sticky":false,"template":"","format":"standard","meta":{"_improvement_type_select":"improve_an_existing","_thumb_yes_seoaic":false,"_frame_yes_seoaic":false,"seoaic_generate_description":"","seoaic_improve_instructions_prompt":"","seoaic_rollback_content_improvement":"","seoaic_idea_thumbnail_generator":"","thumbnail_generated":false,"thumbnail_generate_prompt":"","seoaic_article_description":"","ep_exclude_from_search":false,"seoaic_article_subtitles":[],"p4_og_title":"","p4_og_description":"","p4_og_image":"","p4_og_image_id":"","p4_seo_canonical_url":"","p4_campaign_name":"not set","p4_local_project":"","p4_basket_name":"not set","p4_department":"","footnotes":""},"categories":[4],"tags":[25,60,59],"p4-page-type":[14],"class_list":["post-2386","post","type-post","status-publish","format-standard","has-post-thumbnail","hentry","category-meret","tag-suojellaanmeret","tag-ilmastopolitiikka","tag-ilmastokriisinvaikutukset","p4-page-type-tiedotteet"],"_links":{"self":[{"href":"https:\/\/www.greenpeace.org\/finland\/wp-json\/wp\/v2\/posts\/2386","targetHints":{"allow":["GET"]}}],"collection":[{"href":"https:\/\/www.greenpeace.org\/finland\/wp-json\/wp\/v2\/posts"}],"about":[{"href":"https:\/\/www.greenpeace.org\/finland\/wp-json\/wp\/v2\/types\/post"}],"author":[{"embeddable":true,"href":"https:\/\/www.greenpeace.org\/finland\/wp-json\/wp\/v2\/users\/30"}],"replies":[{"embeddable":true,"href":"https:\/\/www.greenpeace.org\/finland\/wp-json\/wp\/v2\/comments?post=2386"}],"version-history":[{"count":3,"href":"https:\/\/www.greenpeace.org\/finland\/wp-json\/wp\/v2\/posts\/2386\/revisions"}],"predecessor-version":[{"id":3218,"href":"https:\/\/www.greenpeace.org\/finland\/wp-json\/wp\/v2\/posts\/2386\/revisions\/3218"}],"wp:featuredmedia":[{"embeddable":true,"href":"https:\/\/www.greenpeace.org\/finland\/wp-json\/wp\/v2\/media\/2387"}],"wp:attachment":[{"href":"https:\/\/www.greenpeace.org\/finland\/wp-json\/wp\/v2\/media?parent=2386"}],"wp:term":[{"taxonomy":"category","embeddable":true,"href":"https:\/\/www.greenpeace.org\/finland\/wp-json\/wp\/v2\/categories?post=2386"},{"taxonomy":"post_tag","embeddable":true,"href":"https:\/\/www.greenpeace.org\/finland\/wp-json\/wp\/v2\/tags?post=2386"},{"taxonomy":"p4-page-type","embeddable":true,"href":"https:\/\/www.greenpeace.org\/finland\/wp-json\/wp\/v2\/p4-page-type?post=2386"}],"curies":[{"name":"wp","href":"https:\/\/api.w.org\/{rel}","templated":true}]}}