{"id":2401,"date":"2019-09-21T09:22:57","date_gmt":"2019-09-21T06:22:57","guid":{"rendered":"https:\/\/www.greenpeace.org\/finland\/?p=2401"},"modified":"2024-09-04T11:26:30","modified_gmt":"2024-09-04T08:26:30","slug":"ilmaston-superviikko-kaynnistyi-historiallisen-suurilla-mielenosoituksilla-suomella-mahdollisuus-nousta-parrasvaloihin-ykn-ilmastohuippukokouksessa","status":"publish","type":"post","link":"https:\/\/www.greenpeace.org\/finland\/tiedotteet\/ilmastonmuutos\/ilmaston-superviikko-kaynnistyi-historiallisen-suurilla-mielenosoituksilla-suomella-mahdollisuus-nousta-parrasvaloihin-ykn-ilmastohuippukokouksessa\/","title":{"rendered":"Ilmaston superviikko k\u00e4ynnistyi historiallisen suurilla mielenosoituksilla \u2013 Suomella mahdollisuus nousta parrasvaloihin YK:n ilmastohuippukokouksessa"},"content":{"rendered":"<p>YK:n ilmastohuippukokous pidet\u00e4\u00e4n New Yorkissa tulevana maanantaina, vain muutama p\u00e4iv\u00e4 sen j\u00e4lkeen, kun yli 4 miljoonaa ihmist\u00e4 osallistui ilmastolakkojen ensimm\u00e4iseen p\u00e4iv\u00e4\u00e4n.<\/p>\n<p>Nuorten koolle kutsumat ilmastolakot kasvoivat perjantaina historiallisen suuriksi ilmastomielenosoituksiksi ymp\u00e4ri maailman. Yksin Saksassa ilmastolakkoon osallistui arviolta 1,4 miljoonaa ihmist\u00e4, Australiassa yli 400 000 ja Yhdysvalloissa yli 500 000. Mielenosoituksia tullaan n\u00e4kem\u00e4\u00e4n viikon sis\u00e4ll\u00e4 lis\u00e4\u00e4, my\u00f6s Suomessa. T\u00e4m\u00e4n hetkisen tiedon mukaan Global Climate Strike -tapahtumia j\u00e4rjestet\u00e4\u00e4n yhteens\u00e4 noin 5800 paikassa, 163 eri maassa.<\/p>\n<p>Ilmaston superviikko jatkuu maanantaina New Yorkissa YK:n p\u00e4\u00e4sihteeri Antonio Guterresin koolle kutsumalla ilmastohuippukokouksella, joka pyrkii vauhdittamaan maiden ilmastotoimia linjaan Pariisin sopimuksen 1,5\u00b0C tavoitteen kanssa. Presidentti Sauli Niinist\u00f6 on kutsuttu yhdeksi p\u00e4\u00e4puhujista osioon, joka k\u00e4sittelee suunnitelmia hiilineutraaliuden saavuttamiseksi. <\/p>\n<p>\u201cSuomessa k\u00e4ytiin kev\u00e4\u00e4ll\u00e4 ilmastovaalit, mink\u00e4 seurauksena maamme hiilineutraliuustavoitetta aikaistettiin kymmenell\u00e4 vuodella. T\u00e4m\u00e4 on ansaitusti her\u00e4tt\u00e4nyt kansainv\u00e4list\u00e4 huomiota ja nyt siit\u00e4 halutaan kuulla lis\u00e4\u00e4. Presidentti Niinist\u00f6ll\u00e4 on nyt ainutlaatuinen mahdollisuus ly\u00f6d\u00e4 Suomi maailmankartalle v\u00e4kev\u00e4ll\u00e4 puheella ja luvata maailman nuorille, ett\u00e4 me suomalaiset teemme oman osamme. Me n\u00e4yt\u00e4mme, miten hiilineutraliuudesta tehd\u00e4\u00e4n totta, kest\u00e4v\u00e4sti ja reilusti\u201d, sanoo Greenpeacen ilmastoasiantuntija Kaisa Kosonen.<\/p>\n<p>Suomessa ilmastolakkoja j\u00e4rjestet\u00e4\u00e4n perjantaina 27. syyskuuta. Helsingiss\u00e4 ilmastolakkotapahtumaa vietet\u00e4\u00e4n eduskuntatalolla klo 10-14. Helsingin lis\u00e4ksi t\u00e4ll\u00e4 hetkell\u00e4 mukana ovat ainakin Espoo, Turku, Tampere, Jyv\u00e4skyl\u00e4, Salo, Kuopio, Joensuu, Lahti, Oulu ja Rovaniemi. <\/p>\n<p>Helsingiss\u00e4 lakon koollekutsujina on nuorten ilmastoliikkeen ja ymp\u00e4rist\u00f6j\u00e4rjest\u00f6jen lis\u00e4ksi laaja joukko muita j\u00e4rjest\u00f6j\u00e4 Amnestysta Suomen ammattiinopiskelevien liitto Sakki ry:hyn. Tukensa nuorten ilmastolakolle ovat osoittaneet my\u00f6s monet ammattiliitot, kuten lakkoilijoille lounasta Helsingiss\u00e4 tarjoileva SAK sek\u00e4 ammattiliitot PRO ja Palvelualojen ammattiliitto PAM. My\u00f6s monet yritykset ymp\u00e4ri maan tukevat lakkoja.<\/p>\n<p>\u201cNuoret ovat lakkoilleet jo pitk\u00e4\u00e4n. Nyt on my\u00f6s aikuisten vuoro vaatia ilmastotekoja. Yhdess\u00e4 saimme aikaan sen, ett\u00e4 Suomella on historiallisen hyv\u00e4t ilmastotavoitteet. Pit\u00e4m\u00e4ll\u00e4 painetta yll\u00e4 varmistetaan, ett\u00e4 nuo tavoitteet my\u00f6s muuttuvat teoiksi\u201d, sanoo Greenpeacen ilmasto- ja energia-asiantuntija Olli Tiainen.<\/p>\n<p><strong>Lis\u00e4tiedot ja haastattelut:<\/strong><\/p>\n<p>Kaisa Kosonen, ilmasto- ja energia-asiantuntija<br \/>\n050 368 8488<br \/>\nkaisa.kosonen@greenpeace.org<\/p>\n<p>Olli Tiainen, ilmasto- ja energia-asiantuntija<br \/>\n040 164 8606<br \/>\nolli.tiainen@greenpeace.org<\/p>\n<p>Juuso Janhunen, tiedottaja<br \/>\n040 482 5541<br \/>\njuuso.janhunen@greenpeace.org<\/p>\n<div class=\"EmptyMessage\">Block content is empty. Check the block&#8217;s settings or remove it.<\/div>","protected":false},"excerpt":{"rendered":"<p>YK:n ilmastohuippukokous pidet\u00e4\u00e4n New Yorkissa tulevana maanantaina, vain muutama p\u00e4iv\u00e4 sen j\u00e4lkeen, kun yli 4 miljoonaa ihmist\u00e4 osallistui ilmastolakkojen ensimm\u00e4iseen p\u00e4iv\u00e4\u00e4n. Nuorten koolle kutsumat ilmastolakot kasvoivat perjantaina historiallisen suuriksi ilmastomielenosoituksiksi&hellip;<\/p>\n","protected":false},"author":30,"featured_media":2402,"comment_status":"closed","ping_status":"open","sticky":false,"template":"","format":"standard","meta":{"_improvement_type_select":"improve_an_existing","_thumb_yes_seoaic":false,"_frame_yes_seoaic":false,"seoaic_generate_description":"","seoaic_improve_instructions_prompt":"","seoaic_rollback_content_improvement":"","seoaic_idea_thumbnail_generator":"","thumbnail_generated":false,"thumbnail_generate_prompt":"","seoaic_article_description":"","ep_exclude_from_search":false,"seoaic_article_subtitles":[],"p4_og_title":"","p4_og_description":"","p4_og_image":"","p4_og_image_id":"","p4_seo_canonical_url":"","p4_campaign_name":"","p4_local_project":"","p4_basket_name":"","p4_department":"","footnotes":""},"categories":[1],"tags":[60,38,61],"p4-page-type":[14],"class_list":["post-2401","post","type-post","status-publish","format-standard","has-post-thumbnail","hentry","category-ilmastonmuutos","tag-ilmastopolitiikka","tag-kansalaistottelemattomuus","tag-fossiiliset","p4-page-type-tiedotteet"],"_links":{"self":[{"href":"https:\/\/www.greenpeace.org\/finland\/wp-json\/wp\/v2\/posts\/2401","targetHints":{"allow":["GET"]}}],"collection":[{"href":"https:\/\/www.greenpeace.org\/finland\/wp-json\/wp\/v2\/posts"}],"about":[{"href":"https:\/\/www.greenpeace.org\/finland\/wp-json\/wp\/v2\/types\/post"}],"author":[{"embeddable":true,"href":"https:\/\/www.greenpeace.org\/finland\/wp-json\/wp\/v2\/users\/30"}],"replies":[{"embeddable":true,"href":"https:\/\/www.greenpeace.org\/finland\/wp-json\/wp\/v2\/comments?post=2401"}],"version-history":[{"count":3,"href":"https:\/\/www.greenpeace.org\/finland\/wp-json\/wp\/v2\/posts\/2401\/revisions"}],"predecessor-version":[{"id":49591,"href":"https:\/\/www.greenpeace.org\/finland\/wp-json\/wp\/v2\/posts\/2401\/revisions\/49591"}],"wp:featuredmedia":[{"embeddable":true,"href":"https:\/\/www.greenpeace.org\/finland\/wp-json\/wp\/v2\/media\/2402"}],"wp:attachment":[{"href":"https:\/\/www.greenpeace.org\/finland\/wp-json\/wp\/v2\/media?parent=2401"}],"wp:term":[{"taxonomy":"category","embeddable":true,"href":"https:\/\/www.greenpeace.org\/finland\/wp-json\/wp\/v2\/categories?post=2401"},{"taxonomy":"post_tag","embeddable":true,"href":"https:\/\/www.greenpeace.org\/finland\/wp-json\/wp\/v2\/tags?post=2401"},{"taxonomy":"p4-page-type","embeddable":true,"href":"https:\/\/www.greenpeace.org\/finland\/wp-json\/wp\/v2\/p4-page-type?post=2401"}],"curies":[{"name":"wp","href":"https:\/\/api.w.org\/{rel}","templated":true}]}}