{"id":2468,"date":"2019-10-14T15:53:00","date_gmt":"2019-10-14T12:53:00","guid":{"rendered":"https:\/\/www.greenpeace.org\/finland\/?p=2468"},"modified":"2024-09-04T10:59:56","modified_gmt":"2024-09-04T07:59:56","slug":"mielenosoitus-kaynnissa-pohjanmerella-shell-suunnittelee-jattavansa-tonneittain-oljysaastetta-mereen","status":"publish","type":"post","link":"https:\/\/www.greenpeace.org\/finland\/tiedotteet\/meret\/mielenosoitus-kaynnissa-pohjanmerella-shell-suunnittelee-jattavansa-tonneittain-oljysaastetta-mereen\/","title":{"rendered":"Mielenosoitus k\u00e4ynniss\u00e4 Pohjanmerell\u00e4 \u2013 Shell suunnittelee j\u00e4tt\u00e4v\u00e4ns\u00e4 tonneittain \u00f6ljysaastetta mereen"},"content":{"rendered":"<p><i><span style=\"font-weight: 400;\">Viisi aktivistia on t\u00e4n\u00e4\u00e4n aamulla kiivennyt kahdelle Shellin \u00f6ljynporauslautalle Pohjanmerell\u00e4. Kyseess\u00e4 on rauhanomainen mielenosoitus Shelli\u00e4 vastaan, joka on hakenut lupaa j\u00e4tt\u00e4\u00e4 mereen vanhojen \u00f6ljynporauslauttojen osia sek\u00e4 11 000 tonnia \u00f6ljy\u00e4.<\/span><\/i><\/p>\n<p><span style=\"font-weight: 400;\">\u201dShellin toiminta on t\u00f6rke\u00e4\u00e4 ja kansainv\u00e4listen ymp\u00e4rist\u00f6nsuojelusopimusten vastaista. Shell on tienannut miljardeja poraamalla \u00f6ljy\u00e4 Pohjanmerest\u00e4 ja haluaa nyt l\u00e4hte\u00e4 paikalta siivoamatta j\u00e4lki\u00e4\u00e4n. \u00d6ljynporauslauttoihin j\u00e4tetty \u00f6ljy p\u00e4\u00e4see mereen, kun vanhat betonirakenteet v\u00e4hitellen hajoavat ja romahtavat. Shell on j\u00e4tt\u00e4m\u00e4ss\u00e4 mereen tikitt\u00e4v\u00e4n aikapommin\u201d, sanoo Greenpeacen ohjelmap\u00e4\u00e4llikk\u00f6 <strong>Jehki H\u00e4rk\u00f6nen<\/strong>.<\/span><\/p>\n<p><span style=\"font-weight: 400;\">Shell suunnittelee j\u00e4tt\u00e4v\u00e4ns\u00e4 mereen nelj\u00e4n \u00f6ljynporauslautan osia. Osat sis\u00e4lt\u00e4v\u00e4t noin 640 000 kuutiometri\u00e4 \u00f6ljyist\u00e4 vett\u00e4 sek\u00e4 40 000 kuutiometri\u00e4 \u00f6ljyist\u00e4 mutaa, joka sis\u00e4lt\u00e4\u00e4 yli 11 000 tonnia \u00f6ljy\u00e4. \u00d6ljynporausrakennelmien ja -lauttojen j\u00e4tt\u00e4minen Pohjanmereen kiellettiin vuonna 1998 solmitussa Koillis-Atlantin mertensuojelusopimuksessa, eli OSPAR-yleissopimuksessa. Sen allekirjoittivat Iso-Britannia, Suomi, Ruotsi, Norja, Tanska, Islanti, <\/span><span style=\"font-weight: 400;\">Alankomaat, Saksa, Irlanti, Belgia, Ranska, Espanja, Portugali, Sveitsi, Luxemburg ja EU.<\/span><\/p>\n<p><span style=\"font-weight: 400;\">Shell on hakenut Britannian hallitukselta sopimuksen vastaista poikkeuslupaa, jotta yritys voisi j\u00e4tt\u00e4\u00e4 \u00f6ljyn mereen. Shellin hakemusta k\u00e4sitell\u00e4\u00e4n OSPAR:in kokouksessa Lontoossa perjantaina 18.10. Britannian hallitus on ilmoittanut olevansa halukas taipumaan Shellin pyynt\u00f6\u00f6n. Saksa on esitt\u00e4nyt virallisen vastalauseen. My\u00f6s Hollanti aikoo vastustaa hanketta, ja Euroopan komissio on esitt\u00e4nyt huolensa aiheesta.<\/span><\/p>\n<p><span style=\"font-weight: 400;\">\u201dVaadimme, ett\u00e4 OSPAR-sopimukseen sitoutuneet maat todella toimivat Pohjanmeren suojelun puolesta, eiv\u00e4tk\u00e4 taivu yritysten vaatimuksiin. Suomen ja muiden OSPAR-sopimuksen j\u00e4senmaiden tulee nostaa asiaa esiin ja vaatia Shelli\u00e4 poistamaan \u00f6ljynporauslautat ja \u00f6ljyj\u00e4tteet turvallisesti\u201d, Jehki H\u00e4rk\u00f6nen sanoo.<\/span><\/p>\n<p><span style=\"font-weight: 400;\">Greenpeacen mielenosoituksessa on mukana aktivisteja Tanskasta, Hollannista ja Saksasta. Greenpeace on kampanjoinut alueella jo pitk\u00e4\u00e4n. Vuonna 1995 Shell korjasi alueelta \u00f6ljytankin ja lastausv\u00e4lineist\u00f6n mm. Greenpeacen kampanjan aikaansaaman painostuksen my\u00f6t\u00e4. Kampanja johti my\u00f6s OSPAR-yleissopimuksen laatimiseen. Greenpeace on OSPAR:in tarkkailijaj\u00e4sen.<\/span><\/p>\n<p><a href=\"https:\/\/media.greenpeace.org\/shoot\/27MZIFJ8F4RST#\/SearchResult&amp;STID=27MZIFJ8F4RST&amp;VBID=27MZVNF67NWH\"><span style=\"font-weight: 400;\">Kuvia ja videoita t\u00e4\u00e4ll\u00e4.<\/span><\/a><\/p>\n<p><b>Lis\u00e4tiedot ja haastattelut:<\/b><\/p>\n<p><span style=\"font-weight: 400;\">Jehki H\u00e4rk\u00f6nen, ohjelmap\u00e4\u00e4llikk\u00f6<\/span><span style=\"font-weight: 400;\"><br \/><\/span><span style=\"font-weight: 400;\">040 197 2620<\/span><span style=\"font-weight: 400;\"><br \/><\/span><span style=\"font-weight: 400;\">jehki.harkonen@greenpeace.org<\/span><\/p>\n<p><span style=\"font-weight: 400;\">Mari Vaara, tiedottaja<\/span><span style=\"font-weight: 400;\"><br \/><\/span><span style=\"font-weight: 400;\">041 460 9873<\/span><span style=\"font-weight: 400;\"><br \/><\/span><span style=\"font-weight: 400;\">mari.vaara@greenpeace.org<\/span><\/p>\n<p>\u00a0<\/p>\n<div data-hydrate=\"planet4-blocks\/gallery\" data-attributes=\"{&quot;attributes&quot;:{&quot;multiple_image&quot;:&quot;2469,2471,2472,2473,2478,2470&quot;,&quot;image_data&quot;:[{&quot;url&quot;:&quot;https:\\\/\\\/www.greenpeace.org\\\/static\\\/planet4-finland-stateless\\\/2019\\\/10\\\/054ef1ab-gp0stu2iy_medium_res.jpg&quot;,&quot;focalPoint&quot;:{&quot;x&quot;:0.5,&quot;y&quot;:0.5},&quot;id&quot;:2469},{&quot;url&quot;:&quot;https:\\\/\\\/www.greenpeace.org\\\/static\\\/planet4-finland-stateless\\\/2019\\\/10\\\/2fb904d6-gp0stu2fw_medium_res.jpg&quot;,&quot;focalPoint&quot;:{&quot;x&quot;:0.5,&quot;y&quot;:0.5},&quot;id&quot;:2471},{&quot;url&quot;:&quot;https:\\\/\\\/www.greenpeace.org\\\/static\\\/planet4-finland-stateless\\\/2019\\\/10\\\/784d54ad-gp0stu2fy_medium_res.jpg&quot;,&quot;focalPoint&quot;:{&quot;x&quot;:0.5,&quot;y&quot;:0.5},&quot;id&quot;:2472},{&quot;url&quot;:&quot;https:\\\/\\\/www.greenpeace.org\\\/static\\\/planet4-finland-stateless\\\/2019\\\/10\\\/b2dd0765-gp0stu2eg_medium_res.jpg&quot;,&quot;focalPoint&quot;:{&quot;x&quot;:0.5,&quot;y&quot;:0.5},&quot;id&quot;:2473},{&quot;url&quot;:&quot;https:\\\/\\\/www.greenpeace.org\\\/static\\\/planet4-finland-stateless\\\/2019\\\/10\\\/cbb27b06-gp0stu2g3_medium_res.jpg&quot;,&quot;focalPoint&quot;:{&quot;x&quot;:0.5,&quot;y&quot;:0.5},&quot;id&quot;:2478},{&quot;url&quot;:&quot;https:\\\/\\\/www.greenpeace.org\\\/static\\\/planet4-finland-stateless\\\/2019\\\/10\\\/e2eeeaf6-gp0stu2g1_medium_res.jpg&quot;,&quot;focalPoint&quot;:{&quot;x&quot;:0.5,&quot;y&quot;:0.5},&quot;id&quot;:2470}],&quot;gallery_block_style&quot;:0,&quot;gallery_block_title&quot;:&quot;&quot;,&quot;gallery_block_description&quot;:&quot;&quot;,&quot;gallery_block_focus_points&quot;:&quot;&quot;,&quot;images&quot;:[{&quot;image_src&quot;:&quot;https:\\\/\\\/www.greenpeace.org\\\/static\\\/planet4-finland-stateless\\\/2019\\\/10\\\/054ef1ab-gp0stu2iy_medium_res.jpg&quot;,&quot;image_srcset&quot;:&quot;https:\\\/\\\/www.greenpeace.org\\\/static\\\/planet4-finland-stateless\\\/2019\\\/10\\\/054ef1ab-gp0stu2iy_medium_res.jpg 1199w, https:\\\/\\\/www.greenpeace.org\\\/static\\\/planet4-finland-stateless\\\/2019\\\/10\\\/054ef1ab-gp0stu2iy_medium_res-300x204.jpg 300w, https:\\\/\\\/www.greenpeace.org\\\/static\\\/planet4-finland-stateless\\\/2019\\\/10\\\/054ef1ab-gp0stu2iy_medium_res-768x523.jpg 768w, https:\\\/\\\/www.greenpeace.org\\\/static\\\/planet4-finland-stateless\\\/2019\\\/10\\\/054ef1ab-gp0stu2iy_medium_res-1024x698.jpg 1024w, https:\\\/\\\/www.greenpeace.org\\\/static\\\/planet4-finland-stateless\\\/2019\\\/10\\\/054ef1ab-gp0stu2iy_medium_res-499x340.jpg 499w&quot;,&quot;image_sizes&quot;:false,&quot;alt_text&quot;:&quot;&quot;,&quot;caption&quot;:&quot;&quot;,&quot;focus_image&quot;:&quot;&quot;,&quot;credits&quot;:&quot;&quot;},{&quot;image_src&quot;:&quot;https:\\\/\\\/www.greenpeace.org\\\/static\\\/planet4-finland-stateless\\\/2019\\\/10\\\/2fb904d6-gp0stu2fw_medium_res.jpg&quot;,&quot;image_srcset&quot;:&quot;https:\\\/\\\/www.greenpeace.org\\\/static\\\/planet4-finland-stateless\\\/2019\\\/10\\\/2fb904d6-gp0stu2fw_medium_res.jpg 1200w, https:\\\/\\\/www.greenpeace.org\\\/static\\\/planet4-finland-stateless\\\/2019\\\/10\\\/2fb904d6-gp0stu2fw_medium_res-300x194.jpg 300w, https:\\\/\\\/www.greenpeace.org\\\/static\\\/planet4-finland-stateless\\\/2019\\\/10\\\/2fb904d6-gp0stu2fw_medium_res-768x497.jpg 768w, https:\\\/\\\/www.greenpeace.org\\\/static\\\/planet4-finland-stateless\\\/2019\\\/10\\\/2fb904d6-gp0stu2fw_medium_res-1024x663.jpg 1024w, https:\\\/\\\/www.greenpeace.org\\\/static\\\/planet4-finland-stateless\\\/2019\\\/10\\\/2fb904d6-gp0stu2fw_medium_res-510x330.jpg 510w&quot;,&quot;image_sizes&quot;:false,&quot;alt_text&quot;:&quot;&quot;,&quot;caption&quot;:&quot;&quot;,&quot;focus_image&quot;:&quot;&quot;,&quot;credits&quot;:&quot;\\u00a9 Marten van Dijl \\\/ Greenpeace&quot;},{&quot;image_src&quot;:&quot;https:\\\/\\\/www.greenpeace.org\\\/static\\\/planet4-finland-stateless\\\/2019\\\/10\\\/784d54ad-gp0stu2fy_medium_res.jpg&quot;,&quot;image_srcset&quot;:&quot;https:\\\/\\\/www.greenpeace.org\\\/static\\\/planet4-finland-stateless\\\/2019\\\/10\\\/784d54ad-gp0stu2fy_medium_res.jpg 1200w, https:\\\/\\\/www.greenpeace.org\\\/static\\\/planet4-finland-stateless\\\/2019\\\/10\\\/784d54ad-gp0stu2fy_medium_res-300x197.jpg 300w, https:\\\/\\\/www.greenpeace.org\\\/static\\\/planet4-finland-stateless\\\/2019\\\/10\\\/784d54ad-gp0stu2fy_medium_res-768x505.jpg 768w, https:\\\/\\\/www.greenpeace.org\\\/static\\\/planet4-finland-stateless\\\/2019\\\/10\\\/784d54ad-gp0stu2fy_medium_res-1024x673.jpg 1024w, https:\\\/\\\/www.greenpeace.org\\\/static\\\/planet4-finland-stateless\\\/2019\\\/10\\\/784d54ad-gp0stu2fy_medium_res-510x335.jpg 510w&quot;,&quot;image_sizes&quot;:false,&quot;alt_text&quot;:&quot;&quot;,&quot;caption&quot;:&quot;&quot;,&quot;focus_image&quot;:&quot;&quot;,&quot;credits&quot;:&quot;\\u00a9 Marten van Dijl \\\/ Greenpeace&quot;},{&quot;image_src&quot;:&quot;https:\\\/\\\/www.greenpeace.org\\\/static\\\/planet4-finland-stateless\\\/2019\\\/10\\\/b2dd0765-gp0stu2eg_medium_res.jpg&quot;,&quot;image_srcset&quot;:&quot;https:\\\/\\\/www.greenpeace.org\\\/static\\\/planet4-finland-stateless\\\/2019\\\/10\\\/b2dd0765-gp0stu2eg_medium_res.jpg 1200w, https:\\\/\\\/www.greenpeace.org\\\/static\\\/planet4-finland-stateless\\\/2019\\\/10\\\/b2dd0765-gp0stu2eg_medium_res-300x197.jpg 300w, https:\\\/\\\/www.greenpeace.org\\\/static\\\/planet4-finland-stateless\\\/2019\\\/10\\\/b2dd0765-gp0stu2eg_medium_res-768x505.jpg 768w, https:\\\/\\\/www.greenpeace.org\\\/static\\\/planet4-finland-stateless\\\/2019\\\/10\\\/b2dd0765-gp0stu2eg_medium_res-1024x673.jpg 1024w, https:\\\/\\\/www.greenpeace.org\\\/static\\\/planet4-finland-stateless\\\/2019\\\/10\\\/b2dd0765-gp0stu2eg_medium_res-510x335.jpg 510w&quot;,&quot;image_sizes&quot;:false,&quot;alt_text&quot;:&quot;&quot;,&quot;caption&quot;:&quot;&quot;,&quot;focus_image&quot;:&quot;&quot;,&quot;credits&quot;:&quot;\\u00a9 Marten van Dijl \\\/ Greenpeace&quot;},{&quot;image_src&quot;:&quot;https:\\\/\\\/www.greenpeace.org\\\/static\\\/planet4-finland-stateless\\\/2019\\\/10\\\/cbb27b06-gp0stu2g3_medium_res.jpg&quot;,&quot;image_srcset&quot;:&quot;https:\\\/\\\/www.greenpeace.org\\\/static\\\/planet4-finland-stateless\\\/2019\\\/10\\\/cbb27b06-gp0stu2g3_medium_res.jpg 1200w, https:\\\/\\\/www.greenpeace.org\\\/static\\\/planet4-finland-stateless\\\/2019\\\/10\\\/cbb27b06-gp0stu2g3_medium_res-300x204.jpg 300w, https:\\\/\\\/www.greenpeace.org\\\/static\\\/planet4-finland-stateless\\\/2019\\\/10\\\/cbb27b06-gp0stu2g3_medium_res-768x522.jpg 768w, https:\\\/\\\/www.greenpeace.org\\\/static\\\/planet4-finland-stateless\\\/2019\\\/10\\\/cbb27b06-gp0stu2g3_medium_res-1024x696.jpg 1024w, https:\\\/\\\/www.greenpeace.org\\\/static\\\/planet4-finland-stateless\\\/2019\\\/10\\\/cbb27b06-gp0stu2g3_medium_res-500x340.jpg 500w&quot;,&quot;image_sizes&quot;:false,&quot;alt_text&quot;:&quot;&quot;,&quot;caption&quot;:&quot;&quot;,&quot;focus_image&quot;:&quot;&quot;,&quot;credits&quot;:&quot;\\u00a9 Marten van Dijl \\\/ Greenpeace&quot;},{&quot;image_src&quot;:&quot;https:\\\/\\\/www.greenpeace.org\\\/static\\\/planet4-finland-stateless\\\/2019\\\/10\\\/e2eeeaf6-gp0stu2g1_medium_res.jpg&quot;,&quot;image_srcset&quot;:&quot;https:\\\/\\\/www.greenpeace.org\\\/static\\\/planet4-finland-stateless\\\/2019\\\/10\\\/e2eeeaf6-gp0stu2g1_medium_res.jpg 1200w, https:\\\/\\\/www.greenpeace.org\\\/static\\\/planet4-finland-stateless\\\/2019\\\/10\\\/e2eeeaf6-gp0stu2g1_medium_res-300x198.jpg 300w, https:\\\/\\\/www.greenpeace.org\\\/static\\\/planet4-finland-stateless\\\/2019\\\/10\\\/e2eeeaf6-gp0stu2g1_medium_res-768x506.jpg 768w, https:\\\/\\\/www.greenpeace.org\\\/static\\\/planet4-finland-stateless\\\/2019\\\/10\\\/e2eeeaf6-gp0stu2g1_medium_res-1024x675.jpg 1024w, https:\\\/\\\/www.greenpeace.org\\\/static\\\/planet4-finland-stateless\\\/2019\\\/10\\\/e2eeeaf6-gp0stu2g1_medium_res-510x336.jpg 510w&quot;,&quot;image_sizes&quot;:false,&quot;alt_text&quot;:&quot;&quot;,&quot;caption&quot;:&quot;&quot;,&quot;focus_image&quot;:&quot;&quot;,&quot;credits&quot;:&quot;\\u00a9 Marten van Dijl \\\/ Greenpeace&quot;}]}}\"><section class=\"block carousel-wrap \"><\/section><\/div>","protected":false},"excerpt":{"rendered":"<p>Viisi aktivistia on t\u00e4n\u00e4\u00e4n aamulla kiivennyt kahdelle Shellin \u00f6ljynporauslautalle Pohjanmerell\u00e4. Kyseess\u00e4 on rauhanomainen mielenosoitus Shelli\u00e4 vastaan, joka on hakenut lupaa j\u00e4tt\u00e4\u00e4 mereen vanhojen \u00f6ljynporauslauttojen osia sek\u00e4 11 000 tonnia \u00f6ljy\u00e4.&hellip;<\/p>\n","protected":false},"author":43,"featured_media":2469,"comment_status":"closed","ping_status":"open","sticky":false,"template":"","format":"standard","meta":{"_improvement_type_select":"improve_an_existing","_thumb_yes_seoaic":false,"_frame_yes_seoaic":false,"seoaic_generate_description":"","seoaic_improve_instructions_prompt":"","seoaic_rollback_content_improvement":"","seoaic_idea_thumbnail_generator":"","thumbnail_generated":false,"thumbnail_generate_prompt":"","seoaic_article_description":"","ep_exclude_from_search":false,"seoaic_article_subtitles":[],"p4_og_title":"","p4_og_description":"","p4_og_image":"","p4_og_image_id":"","p4_seo_canonical_url":"","p4_campaign_name":"not set","p4_local_project":"","p4_basket_name":"not set","p4_department":"","footnotes":""},"categories":[4],"tags":[25,38],"p4-page-type":[14],"class_list":["post-2468","post","type-post","status-publish","format-standard","has-post-thumbnail","hentry","category-meret","tag-suojellaanmeret","tag-kansalaistottelemattomuus","p4-page-type-tiedotteet"],"_links":{"self":[{"href":"https:\/\/www.greenpeace.org\/finland\/wp-json\/wp\/v2\/posts\/2468","targetHints":{"allow":["GET"]}}],"collection":[{"href":"https:\/\/www.greenpeace.org\/finland\/wp-json\/wp\/v2\/posts"}],"about":[{"href":"https:\/\/www.greenpeace.org\/finland\/wp-json\/wp\/v2\/types\/post"}],"author":[{"embeddable":true,"href":"https:\/\/www.greenpeace.org\/finland\/wp-json\/wp\/v2\/users\/43"}],"replies":[{"embeddable":true,"href":"https:\/\/www.greenpeace.org\/finland\/wp-json\/wp\/v2\/comments?post=2468"}],"version-history":[{"count":12,"href":"https:\/\/www.greenpeace.org\/finland\/wp-json\/wp\/v2\/posts\/2468\/revisions"}],"predecessor-version":[{"id":55693,"href":"https:\/\/www.greenpeace.org\/finland\/wp-json\/wp\/v2\/posts\/2468\/revisions\/55693"}],"wp:featuredmedia":[{"embeddable":true,"href":"https:\/\/www.greenpeace.org\/finland\/wp-json\/wp\/v2\/media\/2469"}],"wp:attachment":[{"href":"https:\/\/www.greenpeace.org\/finland\/wp-json\/wp\/v2\/media?parent=2468"}],"wp:term":[{"taxonomy":"category","embeddable":true,"href":"https:\/\/www.greenpeace.org\/finland\/wp-json\/wp\/v2\/categories?post=2468"},{"taxonomy":"post_tag","embeddable":true,"href":"https:\/\/www.greenpeace.org\/finland\/wp-json\/wp\/v2\/tags?post=2468"},{"taxonomy":"p4-page-type","embeddable":true,"href":"https:\/\/www.greenpeace.org\/finland\/wp-json\/wp\/v2\/p4-page-type?post=2468"}],"curies":[{"name":"wp","href":"https:\/\/api.w.org\/{rel}","templated":true}]}}