{"id":2560,"date":"2019-10-28T10:00:58","date_gmt":"2019-10-28T07:00:58","guid":{"rendered":"https:\/\/www.greenpeace.org\/finland\/?p=2560"},"modified":"2022-11-24T16:46:17","modified_gmt":"2022-11-24T13:46:17","slug":"7-tekoa-amazonin-pelastamiseksi","status":"publish","type":"post","link":"https:\/\/www.greenpeace.org\/finland\/blogit\/metsat\/7-tekoa-amazonin-pelastamiseksi\/","title":{"rendered":"7 tekoa Amazonin pelastamiseksi"},"content":{"rendered":"<p><span style=\"font-weight: 400;\">Elokuussa maailma havahtui ennenn\u00e4kem\u00e4tt\u00f6m\u00e4n suuriin mets\u00e4paloihin Amazonilla. Lokakuun alkuun menness\u00e4 paloja oli rekister\u00f6ity l\u00e4hes 100 000 yhdeks\u00e4ss\u00e4 eri Brasilian osavaltiossa.<\/span><\/p>\n<p><span style=\"font-weight: 400;\"><a href=\"https:\/\/www.greenpeace.org\/finland\/blogit\/2339\/27-vuotta-toimintaa-amazonin-puolesta\/?utm_campaign=fi_forests_fr&amp;utm_source=greenpeace.fi&amp;utm_medium=referral&amp;utm_term=fi_fr_amazon&amp;utm_content=p%C3%A4ivi\" target=\"_blank\" rel=\"noopener noreferrer\">Greenpeace on ty\u00f6skennellyt alueella jo 27 vuoden ajan<\/a> suojellakseen sademets\u00e4n ja alkuper\u00e4iskansojen oikeuksia. T\u00e4m\u00e4n vuoden tulipalot ovat kuitenkin her\u00e4tt\u00e4neet ennenn\u00e4kem\u00e4tt\u00f6m\u00e4n paljon&nbsp; kansainv\u00e4list\u00e4 huomiota. Onkin todella t\u00e4rke\u00e4\u00e4, ett\u00e4 maailma n\u00e4kee, kuinka Amazonia kohdellaan.<\/span><\/p>\n<p><strong>On ollut upeaa seurata, kuinka ihmiset ovat osallistuneet Amazonin suojeluun lahjoittamalla. T\u00e4ss\u00e4 seitsem\u00e4n viimeisint\u00e4 tukijoidemme avulla tehty\u00e4 tekoa, jotta sademets\u00e4n tuhoaminen lakkaisi:&nbsp;<\/strong><\/p>\n<p><span style=\"font-weight: 400;\">&#8211;<\/span><span style=\"font-weight: 400;\"><a href=\"https:\/\/www.greenpeace.org\/finland\/tiedotteet\/2274\/tuoreet-kuvat-amazonilta-tulipalojen-tuhot-mittavia\/?utm_campaign=fi_forests_fr&amp;utm_source=greenpeace.fi&amp;utm_medium=referral&amp;utm_term=fi_fr_amazon&amp;utm_content=p%C3%A4ivi\" target=\"_blank\" rel=\"noopener noreferrer\">Kartoitimme kahdesti Amazonin paloja<\/a> lent\u00e4m\u00e4ll\u00e4 ja kuvaamalla. Toisella matkalla oli mukana kansainv\u00e4lisi\u00e4 journalisteja. Kartoituksilla autoimme kohdentamaan sammutust\u00f6it\u00e4 sek\u00e4 selvitt\u00e4m\u00e4\u00e4n, mist\u00e4 palot saivat alkunsa. Lis\u00e4ksi t\u00e4m\u00e4n dokumentoinnin ansiosta olemme pystyneet yll\u00e4pit\u00e4m\u00e4\u00e4n tiedotusv\u00e4lineiden kiinnostusta ja voineet taata, ett\u00e4 tulipalojen kehityst\u00e4 koskevat raportit pit\u00e4v\u00e4t paikkansa.<\/span><\/p>\n<p><span style=\"font-weight: 400;\">&#8211; Syyskuussa <a href=\"https:\/\/www.greenpeace.org\/finland\/tiedotteet\/2322\/greenpeacen-viesti-eun-ulkoministereille-amazonin-pelastamiseksi-on-toimittava-nyt\/?utm_campaign=fi_forests_fr&amp;utm_source=greenpeace.fi&amp;utm_medium=referral&amp;utm_term=fi_fr_amazon&amp;utm_content=p%C3%A4ivi\" target=\"_blank\" rel=\"noopener noreferrer\">vaadimme kahdesti Helsingiss\u00e4<\/a> EU-maiden ulkoministereit\u00e4 ja maatalousministereit\u00e4 <\/span><b>ryhtym\u00e4\u00e4n v\u00e4litt\u00f6m\u00e4sti toimiin mets\u00e4kadon torjumiseksi ja Amazonin sademets\u00e4n pelastamiseksi. <\/b><span style=\"font-weight: 400;\">Tavoitteenamme on, ett\u00e4 EU ottaisi k\u00e4ytt\u00f6\u00f6n laajan toimenpideohjelman jo ensi vuonna, sis\u00e4lt\u00e4en lakimuutoksia, jotka puuttuisivat mets\u00e4kadon ja luonnontilaisten elinymp\u00e4rist\u00f6jen katoamisen aiheuttajiin ja alkuper\u00e4iskansojen oikeuksien rikkomiseen.<\/span><b>&nbsp;<\/b><\/p>\n<p><img loading=\"lazy\" decoding=\"async\" class=\"aligncenter wp-image-2566 size-full\" src=\"https:\/\/www.greenpeace.org\/static\/planet4-finland-stateless\/2019\/11\/b04477b8-gp0sttz7g_web_size.jpg\" alt=\"\" width=\"800\" height=\"533\" srcset=\"https:\/\/www.greenpeace.org\/static\/planet4-finland-stateless\/2019\/11\/b04477b8-gp0sttz7g_web_size.jpg 800w, https:\/\/www.greenpeace.org\/static\/planet4-finland-stateless\/2019\/11\/b04477b8-gp0sttz7g_web_size-300x200.jpg 300w, https:\/\/www.greenpeace.org\/static\/planet4-finland-stateless\/2019\/11\/b04477b8-gp0sttz7g_web_size-768x512.jpg 768w, https:\/\/www.greenpeace.org\/static\/planet4-finland-stateless\/2019\/11\/b04477b8-gp0sttz7g_web_size-510x340.jpg 510w\" sizes=\"auto, (max-width: 800px) 100vw, 800px\" \/><\/p>\n<p><span style=\"font-weight: 400;\">&#8211; J\u00e4rjestimme mielenilmauksia Brasilian suurl\u00e4hetyst\u00f6ill\u00e4 ja konsulaateilla 17 eri maassa vaatien Brasilian vallanpit\u00e4jilt\u00e4 v\u00e4litt\u00f6mi\u00e4 toimia Amazonin puolesta.&nbsp;<\/span><\/p>\n<p><span style=\"font-weight: 400;\">&#8211; <\/span><span style=\"font-weight: 400;\">Olemme k\u00e4ynnist\u00e4neet kampanjan, jonka tavoitteena on saada kansainv\u00e4liset pikaruokaj\u00e4tit McDonalds, Burger King ja Kentucky Fried Chicken irtisanoutumaan tuotteista, jotka ovat yhteydess\u00e4 Amazonin sademets\u00e4n tuhoon.<\/span><\/p>\n<p><span style=\"font-weight: 400;\">&#8211; Paljastimme Brasilian presidentin Jair Bolsonaron ilmastovihamieliset aikeet YK:n yleiskokouksessa.<\/span><\/p>\n<p><span style=\"font-weight: 400;\">&#8211; Protestoimme Brasilian ymp\u00e4rist\u00f6ministerin vierailuilla Yhdysvalloissa, Iso-Britanniassa, Ranskassa ja Saksassa paljastaen Brasilian vallanpit\u00e4jien maailmalle kertomat valheet.&nbsp;<\/span><\/p>\n<p><img loading=\"lazy\" decoding=\"async\" class=\"wp-image-2561 size-full\" src=\"https:\/\/www.greenpeace.org\/static\/planet4-finland-stateless\/2019\/11\/456a11bc-amazon1.jpg\" alt=\"\" width=\"800\" height=\"533\" srcset=\"https:\/\/www.greenpeace.org\/static\/planet4-finland-stateless\/2019\/11\/456a11bc-amazon1.jpg 800w, https:\/\/www.greenpeace.org\/static\/planet4-finland-stateless\/2019\/11\/456a11bc-amazon1-300x200.jpg 300w, https:\/\/www.greenpeace.org\/static\/planet4-finland-stateless\/2019\/11\/456a11bc-amazon1-768x512.jpg 768w, https:\/\/www.greenpeace.org\/static\/planet4-finland-stateless\/2019\/11\/456a11bc-amazon1-510x340.jpg 510w\" sizes=\"auto, (max-width: 800px) 100vw, 800px\" \/><\/p>\n<p><span style=\"font-weight: 400;\">Suurten ymp\u00e4rist\u00f6katastrofien tapahtuessa ihmiset ovat hengess\u00e4 mukana, mutta tarvitaan suoria toimia, jotta muutos saadaan aikaiseksi. Olemme painostaneet Jair Bolsonaroa ja Brasilian hallitusta, tehneet selv\u00e4ksi, ett\u00e4 Amazonin h\u00e4vitt\u00e4misen on loputtava ja ett\u00e4 Brasilian tuhoisalla politiikalla on seurauksia. Vaikka Bolsonaro on yritt\u00e4nyt puhdistaa imagoaan ulkomailla usean miljoonan dollarin mainoskampanjoilla, olemme paljastaneet h\u00e4nen todelliset aikomuksensa laajentaa entisest\u00e4\u00e4n maataloutta ja kaivosteollisuutta Amazonin kustannuksella. <\/span><span style=\"font-weight: 400;\">Meid\u00e4n on teht\u00e4v\u00e4 kaikkemme, ett\u00e4 Amazonin tulevaisuus olisi turvattu t\u00e4st\u00e4kin eteenp\u00e4in.&nbsp;<\/span><\/p>\n<p><span style=\"font-weight: 400;\">Toinen t\u00e4rke\u00e4 saavutus on ollut lihantuotannon linkitt\u00e4minen Amazonin paloihin. Ihmiset alkavat ymm\u00e4rt\u00e4\u00e4 lihankulutuksen ymp\u00e4rist\u00f6vaikutukset ja tarpeen nopeille toimille ruokailutottumuksiemme muuttamiseksi ymp\u00e4rist\u00f6yst\u00e4v\u00e4lliseen suuntaan. Kampanjamme pikaruokaj\u00e4ttej\u00e4 vastaan vaatii n\u00e4it\u00e4 yrityksi\u00e4 kantamaan vastuunsa ja muuttamaan toimintaansa.&nbsp;<\/span><\/p>\n<p><img loading=\"lazy\" decoding=\"async\" class=\"aligncenter wp-image-2563 size-full\" src=\"https:\/\/www.greenpeace.org\/static\/planet4-finland-stateless\/2019\/11\/24727222-amazon4.jpg\" alt=\"\" width=\"800\" height=\"533\" srcset=\"https:\/\/www.greenpeace.org\/static\/planet4-finland-stateless\/2019\/11\/24727222-amazon4.jpg 800w, https:\/\/www.greenpeace.org\/static\/planet4-finland-stateless\/2019\/11\/24727222-amazon4-300x200.jpg 300w, https:\/\/www.greenpeace.org\/static\/planet4-finland-stateless\/2019\/11\/24727222-amazon4-768x512.jpg 768w, https:\/\/www.greenpeace.org\/static\/planet4-finland-stateless\/2019\/11\/24727222-amazon4-510x340.jpg 510w\" sizes=\"auto, (max-width: 800px) 100vw, 800px\" \/><\/p>\n<p><b>Mit\u00e4 seuraavaksi?<\/b><\/p>\n<p><span style=\"font-weight: 400;\">Seuraamme tilannetta jatkuvasti ja jaamme ajankohtaista tietoa. Saamamme tuki auttaa meit\u00e4 jatkamaan ty\u00f6t\u00e4mme jopa sen j\u00e4lkeen, kun tiedotusv\u00e4lineiden kiinnostus on siirtynyt muualle. <\/span><b>T\u00e4ss\u00e4 kuussa ryhm\u00e4 alkuper\u00e4iskansojen edustajia matkustaa Brasiliasta 12 Euroopan maahan ker\u00e4t\u00e4kseen kansainv\u00e4list\u00e4 tukea Bolsonaron hallituksen hy\u00f6kk\u00e4yksi\u00e4 vastaan ja suojellakseen heid\u00e4n yhteis\u00f6j\u00e4\u00e4n ja kotiaan, Amazonin sademets\u00e4\u00e4.&nbsp;<\/b><\/p>\n<p><span style=\"font-weight: 400;\">L\u00e4hikuukausina tulemme levitt\u00e4m\u00e4\u00e4n my\u00f6s uutta tietoa sademetsien tilanteesta Brasiliassa. Jatkamme paineen luomista monikansallisille yrityksille ja Brasilian hallitukselle, jotta sademets\u00e4 saadaan suojeltua.&nbsp;<\/span><\/p>\n<p><span style=\"font-weight: 400;\">Jatkamme t\u00f6it\u00e4 my\u00f6s Suomessa ja EU-tasolla. Amazonin tuho sai maailman avaamaan silm\u00e4ns\u00e4 ilmastokatastrofille. Yhdess\u00e4 voimme saada muutoksen aikaan ja suojella Amazonia sek\u00e4 maailman muita metsi\u00e4. Mets\u00e4t ovat elint\u00e4rkeit\u00e4 yhteisen planeettamme s\u00e4ilymiselle elinkelpoisena tuleville sukupolville.&nbsp;<\/span><\/p>\n<p>&nbsp;<\/p>\n<div class=\"EmptyMessage\">Block content is empty. Check the block&#8217;s settings or remove it.<\/div>","protected":false},"excerpt":{"rendered":"<p>Elokuussa maailma havahtui ennenn\u00e4kem\u00e4tt\u00f6m\u00e4n suuriin mets\u00e4paloihin Amazonilla.Lokakuun alkuun menness\u00e4 paloja oli rekister\u00f6ity l\u00e4hes 100 000 yhdeks\u00e4ss\u00e4 eri Brasilian osavaltiossa. Greenpeace on ty\u00f6skennellyt alueella jo 27 vuoden ajan suojellakseen sademets\u00e4n ja&hellip;<\/p>\n","protected":false},"author":39,"featured_media":2561,"comment_status":"closed","ping_status":"open","sticky":false,"template":"","format":"standard","meta":{"_improvement_type_select":"improve_an_existing","_thumb_yes_seoaic":false,"_frame_yes_seoaic":false,"seoaic_generate_description":"","seoaic_improve_instructions_prompt":"","seoaic_rollback_content_improvement":"","seoaic_idea_thumbnail_generator":"","thumbnail_generated":false,"thumbnail_generate_prompt":"","seoaic_article_description":"","ep_exclude_from_search":false,"seoaic_article_subtitles":[],"p4_og_title":"","p4_og_description":"","p4_og_image":"","p4_og_image_id":"","p4_seo_canonical_url":"","p4_campaign_name":"not set","p4_local_project":"not set","p4_basket_name":"not set","p4_department":"","footnotes":""},"categories":[3],"tags":[23,52,67,68],"p4-page-type":[16],"class_list":["post-2560","post","type-post","status-publish","format-standard","has-post-thumbnail","hentry","category-metsat","tag-sademetsat","tag-amazon","tag-metsapalot","tag-metsakato","p4-page-type-blogit"],"_links":{"self":[{"href":"https:\/\/www.greenpeace.org\/finland\/wp-json\/wp\/v2\/posts\/2560","targetHints":{"allow":["GET"]}}],"collection":[{"href":"https:\/\/www.greenpeace.org\/finland\/wp-json\/wp\/v2\/posts"}],"about":[{"href":"https:\/\/www.greenpeace.org\/finland\/wp-json\/wp\/v2\/types\/post"}],"author":[{"embeddable":true,"href":"https:\/\/www.greenpeace.org\/finland\/wp-json\/wp\/v2\/users\/39"}],"replies":[{"embeddable":true,"href":"https:\/\/www.greenpeace.org\/finland\/wp-json\/wp\/v2\/comments?post=2560"}],"version-history":[{"count":10,"href":"https:\/\/www.greenpeace.org\/finland\/wp-json\/wp\/v2\/posts\/2560\/revisions"}],"predecessor-version":[{"id":52269,"href":"https:\/\/www.greenpeace.org\/finland\/wp-json\/wp\/v2\/posts\/2560\/revisions\/52269"}],"wp:featuredmedia":[{"embeddable":true,"href":"https:\/\/www.greenpeace.org\/finland\/wp-json\/wp\/v2\/media\/2561"}],"wp:attachment":[{"href":"https:\/\/www.greenpeace.org\/finland\/wp-json\/wp\/v2\/media?parent=2560"}],"wp:term":[{"taxonomy":"category","embeddable":true,"href":"https:\/\/www.greenpeace.org\/finland\/wp-json\/wp\/v2\/categories?post=2560"},{"taxonomy":"post_tag","embeddable":true,"href":"https:\/\/www.greenpeace.org\/finland\/wp-json\/wp\/v2\/tags?post=2560"},{"taxonomy":"p4-page-type","embeddable":true,"href":"https:\/\/www.greenpeace.org\/finland\/wp-json\/wp\/v2\/p4-page-type?post=2560"}],"curies":[{"name":"wp","href":"https:\/\/api.w.org\/{rel}","templated":true}]}}