{"id":3902,"date":"2020-03-17T11:10:25","date_gmt":"2020-03-17T08:10:25","guid":{"rendered":"https:\/\/www.greenpeace.org\/finland\/?p=3902"},"modified":"2024-09-02T11:18:38","modified_gmt":"2024-09-02T08:18:38","slug":"maailman-vahvin-ilmastolaki-webinaari-ke-18-3-klo-9-11","status":"publish","type":"post","link":"https:\/\/www.greenpeace.org\/finland\/blogit\/ilmastonmuutos\/maailman-vahvin-ilmastolaki-webinaari-ke-18-3-klo-9-11\/","title":{"rendered":"Maailman vahvin ilmastolaki? (webinaari ke 18.3. klo 9-11)"},"content":{"rendered":"\n<p><em>Keskustelutilaisuus ilmastolain uudistamisesta, jonka piti olla Eduskunnan Pikkuparlamentin kansalaisinfossa, j\u00e4rjestet\u00e4\u00e4n nyt webinaarina <strong>ke 18.3. klo 9-11<\/strong>. T\u00e4m\u00e4n my\u00f6t\u00e4 mukaan mahtuu lis\u00e4\u00e4 osallistujia. Tervetuloa mukaan &#8211; mutta muista ilmoittautua, ks. alla. <\/em><br><br>Hallitusohjelman ja uusien ilmastotavoitteiden my\u00f6t\u00e4 Suomen ilmastolakia ollaan p\u00e4ivitt\u00e4m\u00e4ss\u00e4. Tavoitteena on ymp\u00e4rist\u00f6ministeri Krista Mikkosen mukaan \u2018maailman vahvin ilmastolaki\u2019. &nbsp;<br><br>Millainen siis olisi hyv\u00e4 ilmastolaki? Mit\u00e4 muiden maiden kokemuksista voidaan oppia? Ent\u00e4 prosessista, joka tuotti nykyisen ilmastolain? <br><br>Webinaari ev\u00e4st\u00e4\u00e4 ilmastolain valmistelua koostamalla k\u00e4yt\u00e4nn\u00f6n suosituksia lain uudistusty\u00f6h\u00f6n.<br><br><strong>Haluatko mukaan? Ilmoittaudu <a href=\"https:\/\/docs.google.com\/forms\/d\/e\/1FAIpQLSceVP_UN2eohekTTLdjvKLGcrEZZGyfbgQr2SZxAyp29e6z5g\/viewform\">t\u00e4\u00e4ll\u00e4<\/a><\/strong> <strong>ke 18.3. klo 07:30 menness\u00e4.<\/strong><\/p>\n\n<figure class=\"wp-block-image size-large  caption-style-medium caption-alignment-center\"><img loading=\"lazy\" decoding=\"async\" width=\"1024\" height=\"512\" src=\"https:\/\/www.greenpeace.org\/static\/planet4-finland-stateless\/2020\/03\/5f7d355a-maailmanvahvin-ilmastolaki-macro-twitter-1024x512.png\" alt=\"\" class=\"wp-image-3912\" srcset=\"https:\/\/www.greenpeace.org\/static\/planet4-finland-stateless\/2020\/03\/5f7d355a-maailmanvahvin-ilmastolaki-macro-twitter-1024x512.png 1024w, https:\/\/www.greenpeace.org\/static\/planet4-finland-stateless\/2020\/03\/5f7d355a-maailmanvahvin-ilmastolaki-macro-twitter-300x150.png 300w, https:\/\/www.greenpeace.org\/static\/planet4-finland-stateless\/2020\/03\/5f7d355a-maailmanvahvin-ilmastolaki-macro-twitter-768x384.png 768w, https:\/\/www.greenpeace.org\/static\/planet4-finland-stateless\/2020\/03\/5f7d355a-maailmanvahvin-ilmastolaki-macro-twitter-1536x768.png 1536w, https:\/\/www.greenpeace.org\/static\/planet4-finland-stateless\/2020\/03\/5f7d355a-maailmanvahvin-ilmastolaki-macro-twitter-2048x1024.png 2048w, https:\/\/www.greenpeace.org\/static\/planet4-finland-stateless\/2020\/03\/5f7d355a-maailmanvahvin-ilmastolaki-macro-twitter-510x255.png 510w\" sizes=\"auto, (max-width: 1024px) 100vw, 1024px\" \/><figcaption>Taustakuva: Polttava kysymys -kampanjaa 2009. Kuvaaja: Mikael Ahlfors.<\/figcaption><\/figure>\n\n<p><strong>Ohjelma<\/strong><\/p>\n\n<p><em>08:45    Videoyhteys aukeaa. Mahdollisuus testailuun ja chattailuun.<\/em><\/p>\n\n<p><strong>09:00    Tervetuloa<\/strong>, Kaisa Kosonen, ilmastovastaava, Greenpeace<\/p>\n\n<p><strong>09:05     Maailman vahvin ilmastolaki?<\/strong> Saara-Sofia Sir\u00e9n, kansanedustaja, kokoomus<\/p>\n\n<p><strong>09:10     Ilmastonmuutos oikeusvaltion kohtalonkysymyksen\u00e4<\/strong>, Apulaisoikeuskansleri Mikko Puumalainen<\/p>\n\n<p><strong>09:20     Ilmastolain valmistelun tavoitteet ja tila<\/strong>, Valtiosihteeri Terhi Lehtonen<br><br><strong>09:30      Millainen on hyv\u00e4 ilmastolaki? Kansainv\u00e4lisi\u00e4 ev\u00e4it\u00e4 Suomen ilmastolain uudistusty\u00f6h\u00f6n,<\/strong> Professori Kati Kulovesi, CCEEL, It\u00e4-Suomen yliopisto<\/p>\n\n<p><em>Videoinsertti: <strong>Iso-Britannian ilmastolaki<\/strong>, paronitar Bryony Worthingtonin haastattelu<\/em> <em>Videoinsertti: <strong>Tanskan ilmastolaki,<\/strong> ilmastoministeri Dan J\u00f8rgensen &amp; Kaisa Kosonen<\/em><\/p>\n\n<p><strong>09:50      Ilmastolaki ennen ja nyt &#8211; mik\u00e4 on toisin?<\/strong> Ilmastopolitiikan asiantuntija Oras Tynkkynen<\/p>\n\n<p><strong>10:00      Paneelikeskustelu<\/strong><\/p>\n\n<ul class=\"wp-block-list\"><li>Professori Jyri Sepp\u00e4l\u00e4, Suomen ymp\u00e4rist\u00f6keskus, Ilmastopaneeli<\/li><li>Asiantuntija Oras tynkkynen<\/li><li>Valtiosihteeri Terhi Lehtonen, Ymp\u00e4rist\u00f6ministeri\u00f6<\/li><li>Johtava asiantuntija Matti Kahra, Elinkeinoel\u00e4m\u00e4n keskusliitto (EK)<\/li><li>Viestint\u00e4p\u00e4\u00e4llikk\u00f6 Antti Malste, Teollisuusliitto<\/li><\/ul>\n\n<p><strong>11.00 &nbsp; &nbsp;Lopetus<\/strong><\/p>\n","protected":false},"excerpt":{"rendered":"<p>Hallitusohjelman ja uusien ilmastotavoitteiden my\u00f6t\u00e4 Suomen ilmastolakia ollaan p\u00e4ivitt\u00e4m\u00e4ss\u00e4. Tavoitteena on ymp\u00e4rist\u00f6ministeri Krista Mikkosen mukaan \u2018maailman vahvin ilmastolaki\u2019. \u00a0Millainen siis olisi hyv\u00e4 ilmastolaki? Mit\u00e4 muiden maiden kokemuksista voidaan oppia? Ent\u00e4&hellip;<\/p>\n","protected":false},"author":40,"featured_media":2856,"comment_status":"closed","ping_status":"open","sticky":false,"template":"","format":"standard","meta":{"_improvement_type_select":"improve_an_existing","_thumb_yes_seoaic":false,"_frame_yes_seoaic":false,"seoaic_generate_description":"","seoaic_improve_instructions_prompt":"","seoaic_rollback_content_improvement":"","seoaic_idea_thumbnail_generator":"","thumbnail_generated":false,"thumbnail_generate_prompt":"","seoaic_article_description":"","ep_exclude_from_search":false,"seoaic_article_subtitles":[],"p4_og_title":"","p4_og_description":"","p4_og_image":"","p4_og_image_id":"","p4_seo_canonical_url":"","p4_campaign_name":"not set","p4_local_project":"","p4_basket_name":"not set","p4_department":"","footnotes":""},"categories":[1],"tags":[79,60,29],"p4-page-type":[16],"class_list":["post-3902","post","type-post","status-publish","format-standard","has-post-thumbnail","hentry","category-ilmastonmuutos","tag-hiilinielu","tag-ilmastopolitiikka","tag-vapaaehtoiset","p4-page-type-blogit"],"_links":{"self":[{"href":"https:\/\/www.greenpeace.org\/finland\/wp-json\/wp\/v2\/posts\/3902","targetHints":{"allow":["GET"]}}],"collection":[{"href":"https:\/\/www.greenpeace.org\/finland\/wp-json\/wp\/v2\/posts"}],"about":[{"href":"https:\/\/www.greenpeace.org\/finland\/wp-json\/wp\/v2\/types\/post"}],"author":[{"embeddable":true,"href":"https:\/\/www.greenpeace.org\/finland\/wp-json\/wp\/v2\/users\/40"}],"replies":[{"embeddable":true,"href":"https:\/\/www.greenpeace.org\/finland\/wp-json\/wp\/v2\/comments?post=3902"}],"version-history":[{"count":6,"href":"https:\/\/www.greenpeace.org\/finland\/wp-json\/wp\/v2\/posts\/3902\/revisions"}],"predecessor-version":[{"id":3913,"href":"https:\/\/www.greenpeace.org\/finland\/wp-json\/wp\/v2\/posts\/3902\/revisions\/3913"}],"wp:featuredmedia":[{"embeddable":true,"href":"https:\/\/www.greenpeace.org\/finland\/wp-json\/wp\/v2\/media\/2856"}],"wp:attachment":[{"href":"https:\/\/www.greenpeace.org\/finland\/wp-json\/wp\/v2\/media?parent=3902"}],"wp:term":[{"taxonomy":"category","embeddable":true,"href":"https:\/\/www.greenpeace.org\/finland\/wp-json\/wp\/v2\/categories?post=3902"},{"taxonomy":"post_tag","embeddable":true,"href":"https:\/\/www.greenpeace.org\/finland\/wp-json\/wp\/v2\/tags?post=3902"},{"taxonomy":"p4-page-type","embeddable":true,"href":"https:\/\/www.greenpeace.org\/finland\/wp-json\/wp\/v2\/p4-page-type?post=3902"}],"curies":[{"name":"wp","href":"https:\/\/api.w.org\/{rel}","templated":true}]}}