{"id":49416,"date":"2021-10-27T08:57:39","date_gmt":"2021-10-27T05:57:39","guid":{"rendered":"https:\/\/www.greenpeace.org\/finland\/?p=49416"},"modified":"2023-04-28T12:42:36","modified_gmt":"2023-04-28T09:42:36","slug":"glasgown-ilmastokokous-same-same-but-different","status":"publish","type":"post","link":"https:\/\/www.greenpeace.org\/finland\/blogit\/ilmastonmuutos\/glasgown-ilmastokokous-same-same-but-different\/","title":{"rendered":"Glasgow&#8217;n ilmastokokous &#8211; same same but different"},"content":{"rendered":"\n<p><em>Oothan s\u00e4 Kaisa menossa Glasgow\u2019n ilmastokokoukseen?<\/em><\/p>\n\n<p>Ei, t\u00e4ll\u00e4 kertaa en mene. Lapset ovat viel\u00e4 niin pieni\u00e4 ja korona-tilannekin s\u00f6i omia haluja ilmoittautua mukaan.<br><br><strong>Mutta t\u00e4ytyy my\u00f6nt\u00e4\u00e4, ett\u00e4 juuri nyt harmittaa! <\/strong>Kuulin juuri, ett\u00e4 entinen kollegani, jonka kanssa ty\u00f6skentelimme rinta rinnan YK:n ilmastokokouksessa Montrealissa 2005, on juuri valittu Kanadan ymp\u00e4rist\u00f6ministeriksi! T\u00e4ss\u00e4 roolissaan h\u00e4n matkaa my\u00f6s Glasgow\u2019hun.<br><br>Kanadan \u00f6ljyteollisuus on ex-greenpeacelaisen <a href=\"https:\/\/financialpost.com\/commodities\/energy\/oil-gas\/oilpatch-concerned-as-former-greenpeace-activist-steven-guilbeault-named-environment-minister\">valinnasta kauhuissaan<\/a>. Siet\u00e4\u00e4 ollakin, sill\u00e4 mies on timanttia. <strong>Go Steven!<br><\/strong><br>Olispa ollut mukava tavata pitk\u00e4st\u00e4 aikaa ja onnitella liven\u00e4. Mutta seuraan kokousta ja tuen Greenpeacen poliittista tiimi\u00e4 t\u00e4ll\u00e4 kertaa et\u00e4n\u00e4.<\/p>\n\n<figure class=\"wp-block-image size-large\"><img loading=\"lazy\" decoding=\"async\" width=\"1024\" height=\"576\" src=\"https:\/\/www.greenpeace.org\/static\/planet4-finland-stateless\/2021\/10\/23716698-reclaim-cop211-1024x576.jpg\" alt=\"Pieni lapsi COP21 ilmastokokouksessa.\" class=\"wp-image-49419\" srcset=\"https:\/\/www.greenpeace.org\/static\/planet4-finland-stateless\/2021\/10\/23716698-reclaim-cop211-1024x576.jpg 1024w, https:\/\/www.greenpeace.org\/static\/planet4-finland-stateless\/2021\/10\/23716698-reclaim-cop211-300x169.jpg 300w, https:\/\/www.greenpeace.org\/static\/planet4-finland-stateless\/2021\/10\/23716698-reclaim-cop211-768x432.jpg 768w, https:\/\/www.greenpeace.org\/static\/planet4-finland-stateless\/2021\/10\/23716698-reclaim-cop211-1536x864.jpg 1536w, https:\/\/www.greenpeace.org\/static\/planet4-finland-stateless\/2021\/10\/23716698-reclaim-cop211-2048x1152.jpg 2048w, https:\/\/www.greenpeace.org\/static\/planet4-finland-stateless\/2021\/10\/23716698-reclaim-cop211-510x287.jpg 510w\" sizes=\"auto, (max-width: 1024px) 100vw, 1024px\" \/><figcaption class=\"wp-element-caption\">Pariisin ilmastokokoukseen 2015 otin lapseni ja h\u00e4nelle hoitajan mukaan. T\u00e4t\u00e4 nyky\u00e4 sek\u00e4 Pariisin ilmastosopimus ett\u00e4 esikoiseni ovat jo kuusi vuotta.<div class=\"credit icon-left\"> \u00a9 Kaisa Kosonen<\/div><\/figcaption><\/figure>\n\n<h2 class=\"has-green-500-color has-text-color wp-block-heading\">Eli mik\u00e4 kokous?<\/h2>\n\n<p>YK:n ilmastokokous Skotlannin Glasgow\u2019ssa, lyhyesti COP26, on t\u00e4rkein kansainv\u00e4linen ilmastokokous sitten Pariisin kokouksen 2015.<br><br>Ilmastokriisi pahentuessa ja toisaalta ratkaisujen edistyess\u00e4 mailta odotetaan nyt uusia, entist\u00e4 vahvempia toimia p\u00e4\u00e4st\u00f6jen leikkaamiseksi, kuten Pariisin ilmastosopimus niilt\u00e4 edellytt\u00e4\u00e4.<\/p>\n\n<p>My\u00f6s se, ett\u00e4 Trumpin kaudella ilmastosopimuksesta irtautunut Yhdysvallat tekee nyt Bidenin johdolla paluun kansainv\u00e4liseen YK:n ilmastoyhteisty\u00f6h\u00f6n on t\u00e4rke\u00e4\u00e4 &#8211; paitsi p\u00e4\u00e4st\u00f6v\u00e4hennysten my\u00f6s kehittyvien maiden ilmastotoimien rahoituksen kannalta.<\/p>\n\n<p>Kokoukseen otetaan lis\u00e4vauhtia maailman suurimpien talouksien <a href=\"https:\/\/www.wantedinrome.com\/news\/italy-g20-leaders-summit-in-rome-to-be-held-amid-tight-security.html\">G20-huippukokouksesta<\/a>, joka kokoontuu Roomassa juuri ennen Glasgow\u2019n kokousta, agendallaan my\u00f6s ilmasto.<\/p>\n\n<p>Eli COP26 on eritt\u00e4in t\u00e4rke\u00e4 kokous eritt\u00e4in t\u00e4rke\u00e4\u00e4n aikaan!<br><\/p>\n\n<h2 class=\"has-green-500-color has-text-color wp-block-heading\"><strong>Mit\u00e4 Glasgow\u2019n ilmastokokous tekee?<\/strong><\/h2>\n\n<p>Kokouksen on m\u00e4\u00e4r\u00e4 edist\u00e4\u00e4 <a href=\"https:\/\/sorsafoundation.fi\/moisio-ja-tynkkynen-mita-jokaisen-on-hyva-tietaa-pariisin-ilmastosopimuksesta\/\">Pariisin ilmastosopimuksen<\/a> toimeenpanoa:<\/p>\n\n<ol class=\"wp-block-list\">\n<li>Maiden tulee esitell\u00e4 <strong>uudet kansalliset p\u00e4\u00e4st\u00f6v\u00e4hennyssitoumuksensa<\/strong> ja -suunnitelmansa, joiden avulla maailman p\u00e4\u00e4st\u00f6t voidaan puolittaa 2030 menness\u00e4 ja nollata 2050 menness\u00e4, mit\u00e4 Pariisin sopimuksen 1,5\u00b0C l\u00e4mpenemisraja edellytt\u00e4\u00e4. K\u00e4yt\u00e4nn\u00f6ss\u00e4 puhutaan niin nopeista p\u00e4\u00e4st\u00f6v\u00e4hennyksist\u00e4, ett\u00e4 kaikista uusista investoinneista hiili-, \u00f6ljy- ja kaasuhankkeisiin<a href=\"https:\/\/thehill.com\/policy\/energy-environment\/554084-global-energy-agency-calls-for-no-new-investment-in-fossil-supply\"> tulisi luopua<\/a> ja mets\u00e4kato pys\u00e4ytt\u00e4\u00e4.<\/li>\n<\/ol>\n\n<ol class=\"wp-block-list\" start=\"2\">\n<li>Maiden tulee edist\u00e4\u00e4 <strong>yhteis\u00f6jen ja ekosysteemien<\/strong> <strong>sopeutumista<\/strong> siihen l\u00e4mpenemiseen, jota ei voida en\u00e4\u00e4 est\u00e4\u00e4. On my\u00f6s korkea aika my\u00f6nt\u00e4\u00e4 sopeutumisen rajat ja <a href=\"https:\/\/climatenetwork.org\/cop26\/cop26-must-deliver-on-loss-damage\/\">tehd\u00e4 p\u00e4\u00e4t\u00f6ksi\u00e4<\/a> pysyvist\u00e4 rakenteista ja rahoituksesta <strong>haittojen ja menetysten<\/strong> k\u00e4sittelemiseksi, jotta haavoittuvat yhteis\u00f6t saavat kansainv\u00e4liselt\u00e4 yhteis\u00f6lt\u00e4 ansaitsemansa tuen ja vastuunkannon.<\/li>\n<\/ol>\n\n<ol class=\"wp-block-list\" start=\"3\">\n<li>Rikkaiden maiden tulee vihdoin lunastaa lupauksensa <strong>100 miljardin dollarin vuotuisesta rahoituksesta <\/strong>k\u00f6yhempien maiden sopeutumis- ja p\u00e4\u00e4st\u00f6v\u00e4hennystoimiin, taata rahoituksen jatko ja kasvu vuoteen 2025 sek\u00e4 sopia tarve- ja tiedepohjaisesta prosessista uuden, pidemm\u00e4n t\u00e4ht\u00e4imen rahoitusvelvoiteen asettamiseksi. My\u00f6s menetysten ja haittojen on tultava uusien rahoitussitoumusten piiriin.<\/li>\n<\/ol>\n\n<ol class=\"wp-block-list\" start=\"4\">\n<li><strong>Maiden v\u00e4lisen yhteisty\u00f6n pelis\u00e4\u00e4nn\u00f6t<\/strong> on sovittava kest\u00e4viksi ja reiluiksi. Kokouslistalla on my\u00f6s monia teknisi\u00e4 yksityiskohtia. Pariisin sopimuksen t\u00e4yt\u00e4nt\u00f6\u00f6npanos\u00e4\u00e4nt\u00f6jen osalta auki on viel\u00e4 <strong>artikla 6<\/strong>, joka koskee kansainv\u00e4lisisi\u00e4 yhteisty\u00f6menettelyit\u00e4 maiden v\u00e4lill\u00e4. Yleisesti artiklan tulkitaan koskevan kansainv\u00e4lisi\u00e4 markkinamekanismeja, eli niin kutsuttuja kompensaatiomarkkinoita (offsets), eli p\u00e4\u00e4st\u00f6v\u00e4hennysyksik\u00f6iden siirtoa maiden ja my\u00f6s yritysten v\u00e4lill\u00e4. Greenpeace kuitenkin n\u00e4kee, ett\u00e4 koska kompensaatiomarkkinoihin liittyy tunnetusti niin paljon riskej\u00e4 ja ongelmia, aiemman CDM-mekanismin kokemustenkin pohjalta, olisi artiklan tulkinta parasta rajata kansainv\u00e4lisiin, ei-kompensaatiopohjaisiin yhteisty\u00f6menettelyihin.<\/li>\n<\/ol>\n\n<h2 class=\"has-green-500-color has-text-color wp-block-heading\">Mit\u00e4 kokoukselta voi k\u00e4yt\u00e4nn\u00f6ss\u00e4 odottaa?<\/h2>\n\n<p>Kokouksen <a href=\"https:\/\/ukcop26.org\/cop26-goals\/\" data-type=\"URL\" data-id=\"https:\/\/ukcop26.org\/cop26-goals\/\">viralliset odotukset<\/a> ovat korkealla. Monin puolin maapalloa ilmastokriisi on jo kipe\u00e4\u00e4 todellisuutta, kun katastrofaaliset maastopalot, tulvat, l\u00e4mpenemisen kiihdytt\u00e4m\u00e4 luontokato ja merenpinnan nousu nielev\u00e4t koteja, satoja ja elinkeinoja.&nbsp;<\/p>\n\n<p>Tutkijayhteis\u00f6n varoitukset ja vetoomukset nopeiden lis\u00e4toimien tarpeesta ovat niin suorasanaisia ja h\u00e4lytt\u00e4vi\u00e4, kuin vaan voivat olla. Kansalaisia ymp\u00e4ri maailman pelottaa ja p\u00e4\u00e4tt\u00e4jilt\u00e4 vaaditaan toimia. Samaan aikaan jopa aikanaan konservatiiviset instituutiot alleviivaavat, ett\u00e4 ongelmat on ratkaistavissa, jos vaan tahtoa ja poliittista rohkeutta l\u00f6ytyy. Esimerkiksi kansainv\u00e4linen energiaj\u00e4rjest\u00f6 IEA, jota vuosikaudet haastoimme tekem\u00e4\u00e4n tiekarttoja kest\u00e4v\u00e4\u00e4n energiatulevaisuuteen, on nyt julkaissut Pariisin tavoitteen toteuttamiseksi <a href=\"https:\/\/www.iea.org\/news\/pathway-to-critical-and-formidable-goal-of-net-zero-emissions-by-2050-is-narrow-but-brings-huge-benefits\" data-type=\"URL\" data-id=\"https:\/\/www.iea.org\/news\/pathway-to-critical-and-formidable-goal-of-net-zero-emissions-by-2050-is-narrow-but-brings-huge-benefits\">tiekartan<\/a>, jonka mukaan jopa 70 % maailman s\u00e4hk\u00f6ntarpeesta voidaan kattaa tuulella ja auringolla! Investoinnit uusiin fossiilihankkeisiin tulisi lopettaa heti. Ja t\u00e4m\u00e4 on polku, jonka moninaiset hy\u00f6dyt olisivat suuret, muistuttaa IEA.<br><br><strong>Voisikin olettaa, ett\u00e4 nyt, jos koskaan, edellytykset vahvoille p\u00e4\u00e4t\u00f6ksille olisivat kasassa.&nbsp;<\/strong><\/p>\n\n<p>Samalla kuitenkin tied\u00e4mme, ett\u00e4 kokouksista saadaan ulos suunnilleen se, mit\u00e4 sinne vied\u00e4\u00e4n. Ja jo nyt tiedet\u00e4\u00e4n, etteiv\u00e4t ne viemiset tule riitt\u00e4m\u00e4\u00e4n. Kansalliset p\u00e4\u00e4st\u00f6v\u00e4hennystavoitteet (Nationally Determined Contributions, NDC), jotka maiden tuli p\u00e4ivitt\u00e4\u00e4 COP26-kokoukseen menness\u00e4, eiv\u00e4t yhteenlaskettuna riit\u00e4 saamaan maailmaa l\u00e4hellek\u00e4\u00e4n sit\u00e4 p\u00e4\u00e4st\u00f6v\u00e4hennystahtia, joka l\u00e4hivuosina ja vuosikymmenin\u00e4 tarvitaan, <a href=\"https:\/\/www.unep.org\/resources\/emissions-gap-report-2021\" data-type=\"URL\" data-id=\"https:\/\/www.unep.org\/resources\/emissions-gap-report-2021\">muistutti<\/a> YK:n ymp\u00e4rist\u00f6ohjelma eilen. My\u00f6sk\u00e4\u00e4n 100 miljardin dollarin rahoituslupaus <a href=\"https:\/\/www.politico.eu\/article\/rich-countries-break-totemic-100b-annual-climate-pledge-cop26-warming-co2\/\" data-type=\"URL\" data-id=\"https:\/\/www.politico.eu\/article\/rich-countries-break-totemic-100b-annual-climate-pledge-cop26-warming-co2\/\">ei n\u00e4ill\u00e4 ev\u00e4in t\u00e4yty<\/a>.<br><br>Monilta keskeisilt\u00e4 mailta, kuten Kiinalta, Intialta ja Brasilialta uusia kansallisia kontribuutioita ei ole viel\u00e4k\u00e4\u00e4n edes virallisesti saatu, kun taas jotkut, kuten Australia ja Saudi Arabia, ovat viime p\u00e4ivin\u00e4 kyll\u00e4 ilmoittaneet omia pitk\u00e4n t\u00e4ht\u00e4imen nettonollatavoitteitaan mutta alleviivanneet samalla, ett\u00e4 fossiilibisnekset <a href=\"https:\/\/www.climatechangenews.com\/2021\/10\/25\/saudi-pledges-net-zero-2060-no-oil-exit-plan\/\" data-type=\"URL\" data-id=\"https:\/\/www.climatechangenews.com\/2021\/10\/25\/saudi-pledges-net-zero-2060-no-oil-exit-plan\/\">jatkuu<\/a> kuten ennenkin.<\/p>\n\n<p>Glasgow\u2019n kokous poikkeuksellisesti <em>alkaa<\/em> korkean tason osuudella, johon G20-johtajatkin voivat jatkaa suoraan Roomasta. Todenn\u00e4k\u00f6ist\u00e4 kuitenkin on, ett\u00e4 maailman eniten p\u00e4\u00e4st\u00f6j\u00e4 tuottavan Kiinan johtaja Xi Jingping <a href=\"https:\/\/www.reuters.com\/business\/cop\/xis-not-there-cop26-hopes-dim-chinese-leaders-likely-absence-2021-10-26\/\">skippaa t\u00e4m\u00e4n kokouksen<\/a>, kuten niin monen muunkin kansainv\u00e4lisen kokouksen sitten korona-kriisin puhkeamisen 2019.<\/p>\n\n<p>T\u00e4m\u00e4 ei suoraan kerro siit\u00e4, etteik\u00f6 Kiinaa ilmastokriisi kiinnostaisi tai koskettaisi. Kyll\u00e4h\u00e4n se koskettaa. Ja maa on vuoden sis\u00e4ll\u00e4 linjannut j\u00e4risytt\u00e4v\u00e4n isoja p\u00e4\u00e4t\u00f6ksi\u00e4 muun muassa nettonollatavoitteesta ja rahahanojen sulkemisesta rajojen ulkopuolisilta hiilihankkeilta. Samalla on kuitenkin selv\u00e4\u00e4, ett\u00e4 my\u00f6s Kiinalta tarvitaan sek\u00e4 lis\u00e4\u00e4 v\u00e4litt\u00f6mi\u00e4 p\u00e4\u00e4st\u00f6v\u00e4hennystoimia ett\u00e4 globaali johtajuutta.<\/p>\n\n<p>Samaa tarvitaan tietysti my\u00f6s maailman toiseksi suurimmalta saastuttajalta, Yhdysvalloilta. Mutta helppoa ei ole Bidenillakaan, kun presidentti ei meinaa saada edes jo lupaamiaan toimia kansallisesti vauhtiin oman puolueen (!) hiiliteollisuutta puolustavan senaattorin <a href=\"https:\/\/www.wsj.com\/podcasts\/the-journal\/biden-climate-ambitions-die-in-the-senate\/ba212f50-5e4f-407b-b3ec-99229c52981d\">heitt\u00e4ess\u00e4 kapuloita rattaisiin<\/a>.<\/p>\n\n<p><strong>Kokouksessa valtioiden johtajat joutuvat siis katsomaan toisiaan silmiin ja pohtimaan, ett\u00e4 mit\u00e4s nytten sitten.<\/strong> Teeskennell\u00e4\u00e4nk\u00f6, ett\u00e4 puutteet voidaan korjata my\u00f6hemmin (ei voida!) vai my\u00f6nnet\u00e4\u00e4nk\u00f6, ett\u00e4 nyt kasaan saadut toimet eiv\u00e4t riit\u00e4 ja ett\u00e4 tahtia on kiristett\u00e4v\u00e4 v\u00e4litt\u00f6m\u00e4sti? T\u00e4m\u00e4h\u00e4n koskee my\u00f6s EU:ta ja juuri hyv\u00e4ksyttyj\u00e4 uusia ilmastotavoitteita, jotka ovat toki aiempaa paremmat, mutta <a href=\"https:\/\/climateactiontracker.org\/countries\/eu\/\" data-type=\"URL\" data-id=\"https:\/\/climateactiontracker.org\/countries\/eu\/\">eiv\u00e4t viel\u00e4k\u00e4\u00e4n<\/a> 1,5\u00b0C l\u00e4mpenemisrajan valossa riitt\u00e4v\u00e4t.<br><br>Edess\u00e4 on siis j\u00e4lleen yksi vaikea ilmastokokous ja verrattain mahdoton yht\u00e4l\u00f6.<br><\/p>\n\n<h2 class=\"has-green-500-color has-text-color wp-block-heading\"><strong>Toivoa on &#8211; ja me pid\u00e4mme sit\u00e4 yll\u00e4<\/strong><\/h2>\n\n<p>Onneksi reaalimaailmassa mahdoton on jo alkanut muuttua mahdolliseksi. Pariisin sopimuksenkin ansiosta maailma on jo aivan eri, kuin se oli vain kuusikin vuotta sitten. Ilmastokriisin kiireys, vakavuus ja sen ratkaisut ymm\u00e4rret\u00e4\u00e4n taas jo paljon konkreettisemmin. Kest\u00e4v\u00e4 polku on l\u00e4hemp\u00e4n\u00e4 kuin aiemmin, energiamurros etenee,&nbsp; ja suuryritykset ja <a href=\"https:\/\/ieefa.org\/ieefa-global-investors-are-moving-away-from-the-massive-climate-related-risks-associated-with-fossil-fuels\/\" data-type=\"URL\" data-id=\"https:\/\/ieefa.org\/ieefa-global-investors-are-moving-away-from-the-massive-climate-related-risks-associated-with-fossil-fuels\/\">suursijoittajat<\/a> her\u00e4ilev\u00e4t v\u00e4hitellen vastuuseensa. Ja jos eiv\u00e4t her\u00e4ile, niin tuomioistuimet auttavat her\u00e4\u00e4m\u00e4\u00e4n, kun kansalaisten nostamat ilmasto-oikeudenk\u00e4ynnit lis\u00e4\u00e4ntyv\u00e4t ja pakottavat suuryrityksi\u00e4 ja valtioita toimiin tavalla, jota ei ole aiemmin n\u00e4hty. Tutustukaa vaikka <a href=\"https:\/\/www.greenpeace.org\/aotearoa\/story\/win-for-people-planet-people-vs-shell\/\" data-type=\"URL\" data-id=\"https:\/\/www.greenpeace.org\/aotearoa\/story\/win-for-people-planet-people-vs-shell\/\">Shelli\u00e4<\/a> ja <a href=\"https:\/\/www.cleanenergywire.org\/news\/landmark-ruling-german-top-court-key-climate-legislation-falls-short\" data-type=\"URL\" data-id=\"https:\/\/www.cleanenergywire.org\/news\/landmark-ruling-german-top-court-key-climate-legislation-falls-short\">Saksaa<\/a> vastaan voitettuihin keisseihin.<\/p>\n\n<p>Kaikkein t\u00e4rkeint\u00e4 juuri nyt onkin pit\u00e4\u00e4 painetta yll\u00e4 ja muistaa, ett\u00e4 rohkeita p\u00e4\u00e4t\u00f6ksi\u00e4 tehd\u00e4\u00e4n yleens\u00e4 vasta sitten, kun kansalaiset niit\u00e4 sitke\u00e4sti vaativat.<\/p>\n\n<p>Postaankin t\u00e4h\u00e4n loppuun Pariisin ilmastosopimuksen p\u00e4\u00e4arkkitehdin, Christiana Figueresin terveiset meille suomalaisille parin vuoden takaa. Kannattaa klikata auki koko twiittiketju, johon tuo alla oleva twiitti liittyy. <\/p>\n\n<figure class=\"wp-block-embed is-type-rich is-provider-twitter wp-block-embed-twitter\"><div class=\"wp-block-embed__wrapper\">\n<blockquote class=\"twitter-tweet\" data-width=\"500\" data-dnt=\"true\"><p lang=\"en\" dir=\"ltr\">&quot;But it is not until there&#39;s a mass movement of civil disobedience that we actually get over the hump and ensure that we&#39;re actually on a good path.&quot;<br><br>Siin\u00e4s kuulitte! \u2764<br><br>Figueresin haastis \ud83d\udc49 <a href=\"https:\/\/t.co\/V7qBkTzNpj\">https:\/\/t.co\/V7qBkTzNpj<\/a> <a href=\"https:\/\/twitter.com\/hashtag\/kansalaistottelemattomuus?src=hash&amp;ref_src=twsrc%5Etfw\">#kansalaistottelemattomuus<\/a> <a href=\"https:\/\/twitter.com\/hashtag\/aktivismi?src=hash&amp;ref_src=twsrc%5Etfw\">#aktivismi<\/a> <a href=\"https:\/\/twitter.com\/hashtag\/ilmastoh%C3%A4t%C3%A4tila?src=hash&amp;ref_src=twsrc%5Etfw\">#ilmastoh\u00e4t\u00e4tila<\/a><br><br>4\/4 <a href=\"https:\/\/t.co\/M4rlveGOrK\">pic.twitter.com\/M4rlveGOrK<\/a><\/p>&mdash; Kaisa Kosonen (@kaisakosonen) <a href=\"https:\/\/twitter.com\/kaisakosonen\/status\/1336954080506376192?ref_src=twsrc%5Etfw\">December 10, 2020<\/a><\/blockquote><script async src=\"https:\/\/platform.twitter.com\/widgets.js\" charset=\"utf-8\"><\/script>\n<\/div><\/figure>\n","protected":false},"excerpt":{"rendered":"<p>Oothan s\u00e4 Kaisa menossa Glasgow\u2019n ilmastokokoukseen?<\/p>\n","protected":false},"author":40,"featured_media":7444,"comment_status":"closed","ping_status":"open","sticky":false,"template":"","format":"standard","meta":{"_improvement_type_select":"improve_an_existing","_thumb_yes_seoaic":false,"_frame_yes_seoaic":false,"seoaic_generate_description":"","seoaic_improve_instructions_prompt":"","seoaic_rollback_content_improvement":"","seoaic_idea_thumbnail_generator":"","thumbnail_generated":false,"thumbnail_generate_prompt":"","seoaic_article_description":"","ep_exclude_from_search":false,"seoaic_article_subtitles":[],"p4_og_title":"","p4_og_description":"","p4_og_image":"","p4_og_image_id":"","p4_seo_canonical_url":"","p4_campaign_name":"not set","p4_local_project":"not set","p4_basket_name":"not set","p4_department":"","footnotes":""},"categories":[1],"tags":[38,60],"p4-page-type":[16],"class_list":["post-49416","post","type-post","status-publish","format-standard","has-post-thumbnail","hentry","category-ilmastonmuutos","tag-kansalaistottelemattomuus","tag-ilmastopolitiikka","p4-page-type-blogit"],"_links":{"self":[{"href":"https:\/\/www.greenpeace.org\/finland\/wp-json\/wp\/v2\/posts\/49416","targetHints":{"allow":["GET"]}}],"collection":[{"href":"https:\/\/www.greenpeace.org\/finland\/wp-json\/wp\/v2\/posts"}],"about":[{"href":"https:\/\/www.greenpeace.org\/finland\/wp-json\/wp\/v2\/types\/post"}],"author":[{"embeddable":true,"href":"https:\/\/www.greenpeace.org\/finland\/wp-json\/wp\/v2\/users\/40"}],"replies":[{"embeddable":true,"href":"https:\/\/www.greenpeace.org\/finland\/wp-json\/wp\/v2\/comments?post=49416"}],"version-history":[{"count":10,"href":"https:\/\/www.greenpeace.org\/finland\/wp-json\/wp\/v2\/posts\/49416\/revisions"}],"predecessor-version":[{"id":54184,"href":"https:\/\/www.greenpeace.org\/finland\/wp-json\/wp\/v2\/posts\/49416\/revisions\/54184"}],"wp:featuredmedia":[{"embeddable":true,"href":"https:\/\/www.greenpeace.org\/finland\/wp-json\/wp\/v2\/media\/7444"}],"wp:attachment":[{"href":"https:\/\/www.greenpeace.org\/finland\/wp-json\/wp\/v2\/media?parent=49416"}],"wp:term":[{"taxonomy":"category","embeddable":true,"href":"https:\/\/www.greenpeace.org\/finland\/wp-json\/wp\/v2\/categories?post=49416"},{"taxonomy":"post_tag","embeddable":true,"href":"https:\/\/www.greenpeace.org\/finland\/wp-json\/wp\/v2\/tags?post=49416"},{"taxonomy":"p4-page-type","embeddable":true,"href":"https:\/\/www.greenpeace.org\/finland\/wp-json\/wp\/v2\/p4-page-type?post=49416"}],"curies":[{"name":"wp","href":"https:\/\/api.w.org\/{rel}","templated":true}]}}