{"id":50196,"date":"2022-03-04T15:37:38","date_gmt":"2022-03-04T12:37:38","guid":{"rendered":"https:\/\/www.greenpeace.org\/finland\/?p=50196"},"modified":"2023-04-28T12:03:01","modified_gmt":"2023-04-28T09:03:01","slug":"tama-on-hatatila","status":"publish","type":"post","link":"https:\/\/www.greenpeace.org\/finland\/blogit\/ilmastonmuutos\/tama-on-hatatila\/","title":{"rendered":"T\u00e4m\u00e4 on h\u00e4t\u00e4tila"},"content":{"rendered":"\n<p>T\u00e4m\u00e4 on kolminkertainen h\u00e4t\u00e4tila. Ven\u00e4j\u00e4n aloittaman sodan lis\u00e4ksi meill\u00e4 on samaan aikaan k\u00e4siss\u00e4 luontokato ja ilmastokriisi.<\/p>\n\n<figure class=\"wp-block-image size-large\"><img loading=\"lazy\" decoding=\"async\" width=\"1024\" height=\"683\" src=\"https:\/\/www.greenpeace.org\/static\/planet4-finland-stateless\/2022\/03\/fc6803e4-gp0stt7g1_medium_res-1024x683.jpg\" alt=\"Mielenosoittaja huutaa jotain megafoniin mielenosoituksessa.\" class=\"wp-image-50198\" srcset=\"https:\/\/www.greenpeace.org\/static\/planet4-finland-stateless\/2022\/03\/fc6803e4-gp0stt7g1_medium_res-1024x683.jpg 1024w, https:\/\/www.greenpeace.org\/static\/planet4-finland-stateless\/2022\/03\/fc6803e4-gp0stt7g1_medium_res-300x200.jpg 300w, https:\/\/www.greenpeace.org\/static\/planet4-finland-stateless\/2022\/03\/fc6803e4-gp0stt7g1_medium_res-768x512.jpg 768w, https:\/\/www.greenpeace.org\/static\/planet4-finland-stateless\/2022\/03\/fc6803e4-gp0stt7g1_medium_res-510x340.jpg 510w, https:\/\/www.greenpeace.org\/static\/planet4-finland-stateless\/2022\/03\/fc6803e4-gp0stt7g1_medium_res.jpg 1200w\" sizes=\"auto, (max-width: 1024px) 100vw, 1024px\" \/><\/figure>\n\n<p><br>Maanantaina kansainv\u00e4linen ilmastopaneeli IPCC <a href=\"https:\/\/www.greenpeace.org\/finland\/tiedotteet\/50129\/emme-ole-varautuneet-tulevaan-toteaa-uusi-ipcc-raportti\/\">julkaisi j\u00e4lleen uuden varoituksen ihmiskunnalle<\/a>: aikaikkuna el\u00e4miskelpoisen, oikeudenmukaisen ja turvallisen tulevaisuuden varmistamiseksi on sulkeutumassa. Ilmastokriisi aiheuttaa vakavaa tuhoa jo nyt eik\u00e4 edes l\u00e4mpenemisen rajoittaminen 1,5 asteeseen riit\u00e4 est\u00e4m\u00e4\u00e4n vakavia vaikutuksia. YK:n p\u00e4\u00e4sihteeri <a href=\"https:\/\/twitter.com\/antonioguterres\/status\/1498256378506448899?s=20&amp;t=xn6v21lj4VxpwmpVFOC5Zw\">Antonio Guterres kutsuikin <\/a>tuoretta raporttia inhimillisen k\u00e4rsimyksen kartastoksi.<br><br>Ymm\u00e4rrett\u00e4v\u00e4sti raportti on j\u00e4\u00e4nyt v\u00e4h\u00e4isemm\u00e4lle huomiolle.<br><br>Samaan aikaan ukrainalaiset ilmastotutkijat ovat itse korostaneet sit\u00e4, ett\u00e4 ilmastokriisin torjuminen ei saa j\u00e4\u00e4d\u00e4 hy\u00f6kk\u00e4yssodan jalkoihin. On torjuttava molempia uhkia. Ja tunnistettava yhteiset juurisyyt: fossiiliset polttoaineet, jotka ruokkivat sek\u00e4 sotia ett\u00e4 ilmastokriisi\u00e4.<br><br>Siksi olemme eduskuntatalolla huomenna. Vaatimassa, ett\u00e4 <strong>fossiilisista on irtauduttava nyt<\/strong>.<br><br>Vapautumalla fossiilisista polttoaineista lopetamme my\u00f6s Ven\u00e4j\u00e4n sotakoneen rahoittamisen. Pelk\u00e4st\u00e4\u00e4n eilen EU toi <a href=\"https:\/\/twitter.com\/GeorgZachmann\/status\/1499365125089861634\">700 miljoonan euron edest\u00e4<\/a> ven\u00e4l\u00e4ist\u00e4 fossiilikaasua. Jos \u00f6ljyvirrat eiv\u00e4t merkitt\u00e4v\u00e4sti muutu eik\u00e4 <a href=\"https:\/\/www.transportenvironment.org\/discover\/is-europe-standing-with-ukraine-or-riding-with-putin\/?fbclid=IwAR25M-0su1GMf3uKk7PWN1wPhj0IczNY8JrsvWySy3KSLxfMEmT2bi_GcxE\">\u00f6ljynk\u00e4ytt\u00f6\u00e4 v\u00e4hennet\u00e4, kanavoi EU Putinille t\u00e4n\u00e4 vuonna 80 miljardia euroa.<br><br><\/a>T\u00e4m\u00e4 ongelma koskee yht\u00e4lailla Suomea.<br><br>L\u00e4hes kaikki Suomessa poltettu kivihiili on <a href=\"https:\/\/yle.fi\/uutiset\/3-12340753\">t\u00e4h\u00e4n asti tullut Ven\u00e4j\u00e4lt\u00e4. Sama koskee my\u00f6s raaka\u00f6ljy\u00e4. <\/a>Kaiken lis\u00e4ksi ven\u00e4l\u00e4inen <a href=\"https:\/\/suomenkuvalehti.fi\/jutut\/politiikka-ja-talous\/mustaa-lunta-lyhentyneita-elinvuosia-fortum-tuo-kivihiilta-venajalta-ymparistojarjesto-syyttaa-kaivoksia-terveyshaitoista\/\">\u00e4\u00e4rimm\u00e4isen likainen ja paikallista ymp\u00e4rist\u00f6\u00e4 saastuttava kivihiili <\/a>on kulkenut maailmalle Suomen satamien kuten <a href=\"https:\/\/yle.fi\/uutiset\/3-11720619\">Hangon Koverharin kautta<\/a>.<\/p>\n\n<p>Kest\u00e4v\u00e4 ratkaisu ei l\u00f6ydy biomassan polton lis\u00e4\u00e4misest\u00e4. Suomessa poltettavasta mets\u00e4hakkeesta <a href=\"https:\/\/yle.fi\/uutiset\/3-12338401?fbclid=IwAR2aZhPJHbgL53EdugUmoG97dh7RWn0R87sEtKaXm9RBjap9J-w6uqbTmmM\">nelj\u00e4nnes on per\u00e4isin Ven\u00e4j\u00e4lt\u00e4<\/a>. My\u00f6s <a href=\"https:\/\/yle.fi\/uutiset\/3-12340753\">l\u00e4hes kaikki Suomeen poltettavaksi tuotavat <\/a>puupelletit ovat per\u00e4isin Ven\u00e4j\u00e4lt\u00e4.&nbsp;<br><br><br><strong>H\u00e4t\u00e4tila vaatii sen mukaisia keinoja <br><br><\/strong>Huomenna, 5. maaliskuuta, <a href=\"https:\/\/www.facebook.com\/events\/268071738805743\">ymp\u00e4rist\u00f6j\u00e4rjest\u00f6t ja -liikkeet kokoontuvat eduskuntatalolle vaatimaan ilmastotoimia ja irrottautumista erityisesti ven\u00e4l\u00e4isest\u00e4 fossiilisienergiasta<\/a>. Suomen hallituksen on t\u00e4n\u00e4 kev\u00e4\u00e4n\u00e4 m\u00e4\u00e4r\u00e4 p\u00e4\u00e4tt\u00e4\u00e4 tarvittavista lis\u00e4toimista hiilineutraaliuden saavuttamiseksi vuonna 2035. Itsekin ajattelin puhuvani siit\u00e4 viel\u00e4 reilu viikko sitten. Ven\u00e4j\u00e4n aloittama sota kuitenkin paljasti karulla tavalla sen, ett\u00e4 v\u00e4\u00e4nt\u00f6 yhdest\u00e4 megatonnista sinne, t\u00e4nne tai tuonne on yhdentekev\u00e4\u00e4. Yhdentekev\u00e4\u00e4 siis siin\u00e4 mieless\u00e4, ett\u00e4 se on auttamatta liian v\u00e4h\u00e4n.<\/p>\n\n<p>T\u00e4n\u00e4 aikana, jossa historia muuttuu sekunneissa ja meill\u00e4 on kolme eri h\u00e4t\u00e4tilaa, <strong>meid\u00e4n on uskallettava vaatia ja uskallettava tehd\u00e4 enemm\u00e4n kuin koskaan ennen<\/strong>. Katkaistaksemme riippuvuuden Ven\u00e4j\u00e4n fossiilisista tarvitaan tutkija <a href=\"https:\/\/jmkorhonen.fi\/2019\/10\/03\/jos-vaikka-haluaisimme-pelastaa-maailman\/\">Janne M. Korhosen ehdottamaa sotatalouden <\/a>kaltaista toimintaa puhtaan energian lis\u00e4\u00e4miseksi Euroopassa ja maailmalla. K\u00e4ynnistet\u00e4\u00e4n ilmastoaktivisti <a href=\"https:\/\/billmckibben.substack.com\/p\/heat-pumps-for-peace-and-freedom?s=r\">Bill McKibbenin ehdottama Marshall-avun kaltainen ohjelma l\u00e4mp\u00f6pumppujen tuottamiseksi.<\/a> Suomessakin yh\u00e4 130 000 pientaloa l\u00e4mpi\u00e4\u00e4 \u00f6ljyll\u00e4 <a href=\"https:\/\/energia.fi\/files\/5650\/Kaukolampovuosi_2021_v1.4_FINAL.pdf\">ja kaukol\u00e4mm\u00f6st\u00e4 nelj\u00e4nnes tuotetaan kivihiilell\u00e4, fossiilikaasulla tai \u00f6ljyll\u00e4<\/a>. N\u00e4in ei tarvitse olla.<\/p>\n\n<p>Mit\u00e4, jos ottaisimme oppia 1970-luvun \u00f6ljykriisisist\u00e4? Lasketaan nopeusrajoituksia pysyv\u00e4sti&nbsp; ja v\u00e4hennet\u00e4\u00e4n fossiilisten kulutusta. Kiellet\u00e4\u00e4n kotimaan turhat sis\u00e4iset <a href=\"https:\/\/twitter.com\/O_Tiainen\/status\/1499131989009612808\">raskaasti tuetut hupilennot<\/a> ja v\u00e4hennet\u00e4\u00e4n fossiilisten kulutusta. Investoidaan miljardeja vihre\u00e4\u00e4n siirtym\u00e4\u00e4n ja kest\u00e4v\u00e4\u00e4n liikenteeseen. Jokainen k\u00e4ytt\u00e4m\u00e4tt\u00e4 j\u00e4\u00e4nyt \u00f6ljylitra, kaasukuutio ja hiilitonni on pois sodan rahoittamisesta ja ehk\u00e4isee ilmastokriisi\u00e4.&nbsp; <a href=\"https:\/\/www.with-ukraine.org\/\">Tuetaan ukrainalaisia, lopetetaan sodan ruokkiminen ja ratkaistaan ilmastokriisi.<\/a><\/p>\n\n<p>Mit\u00e4, jos ottaisimmekin tosissamme hallitusohjelman lupauksen siit\u00e4, ett\u00e4 Suomesta tehd\u00e4\u00e4n maailman ensimm\u00e4inen fossiilivapaa hyvinvointivaltio? N\u00e4ytt\u00e4isimme, ett\u00e4 sellainen on mahdollista saavuttaa, nopeasti, kest\u00e4v\u00e4sti ja reilusti?<\/p>\n\n<p>Nyt on pakko. &nbsp; &nbsp;<\/p>\n","protected":false},"excerpt":{"rendered":"<p>T\u00e4m\u00e4 on kolminkertainen h\u00e4t\u00e4tila. Putinin Ven\u00e4j\u00e4n aloittaman sodan lis\u00e4ksi meill\u00e4 on samaan aikaan k\u00e4siss\u00e4 luontokato ja ilmastokriisi. Maanantaina kansainv\u00e4linen ilmastopaneeli IPCC julkaisi j\u00e4lleen uuden varoituksen ihmiskunnalle: aikaikkuna el\u00e4miskelpoisen, oikeudenmukaisen ja&hellip;<\/p>\n","protected":false},"author":34,"featured_media":50198,"comment_status":"closed","ping_status":"open","sticky":false,"template":"","format":"standard","meta":{"_improvement_type_select":"improve_an_existing","_thumb_yes_seoaic":false,"_frame_yes_seoaic":false,"seoaic_generate_description":"","seoaic_improve_instructions_prompt":"","seoaic_rollback_content_improvement":"","seoaic_idea_thumbnail_generator":"","thumbnail_generated":false,"thumbnail_generate_prompt":"","seoaic_article_description":"","ep_exclude_from_search":false,"seoaic_article_subtitles":[],"p4_og_title":"","p4_og_description":"","p4_og_image":"","p4_og_image_id":"","p4_seo_canonical_url":"","p4_campaign_name":"not set","p4_local_project":"not set","p4_basket_name":"not set","p4_department":"","footnotes":""},"categories":[1],"tags":[61,60,70],"p4-page-type":[16],"class_list":["post-50196","post","type-post","status-publish","format-standard","has-post-thumbnail","hentry","category-ilmastonmuutos","tag-fossiiliset","tag-ilmastopolitiikka","tag-luontokato","p4-page-type-blogit"],"_links":{"self":[{"href":"https:\/\/www.greenpeace.org\/finland\/wp-json\/wp\/v2\/posts\/50196","targetHints":{"allow":["GET"]}}],"collection":[{"href":"https:\/\/www.greenpeace.org\/finland\/wp-json\/wp\/v2\/posts"}],"about":[{"href":"https:\/\/www.greenpeace.org\/finland\/wp-json\/wp\/v2\/types\/post"}],"author":[{"embeddable":true,"href":"https:\/\/www.greenpeace.org\/finland\/wp-json\/wp\/v2\/users\/34"}],"replies":[{"embeddable":true,"href":"https:\/\/www.greenpeace.org\/finland\/wp-json\/wp\/v2\/comments?post=50196"}],"version-history":[{"count":6,"href":"https:\/\/www.greenpeace.org\/finland\/wp-json\/wp\/v2\/posts\/50196\/revisions"}],"predecessor-version":[{"id":54148,"href":"https:\/\/www.greenpeace.org\/finland\/wp-json\/wp\/v2\/posts\/50196\/revisions\/54148"}],"wp:featuredmedia":[{"embeddable":true,"href":"https:\/\/www.greenpeace.org\/finland\/wp-json\/wp\/v2\/media\/50198"}],"wp:attachment":[{"href":"https:\/\/www.greenpeace.org\/finland\/wp-json\/wp\/v2\/media?parent=50196"}],"wp:term":[{"taxonomy":"category","embeddable":true,"href":"https:\/\/www.greenpeace.org\/finland\/wp-json\/wp\/v2\/categories?post=50196"},{"taxonomy":"post_tag","embeddable":true,"href":"https:\/\/www.greenpeace.org\/finland\/wp-json\/wp\/v2\/tags?post=50196"},{"taxonomy":"p4-page-type","embeddable":true,"href":"https:\/\/www.greenpeace.org\/finland\/wp-json\/wp\/v2\/p4-page-type?post=50196"}],"curies":[{"name":"wp","href":"https:\/\/api.w.org\/{rel}","templated":true}]}}