{"id":50235,"date":"2022-03-11T16:01:27","date_gmt":"2022-03-11T13:01:27","guid":{"rendered":"https:\/\/www.greenpeace.org\/finland\/?p=50235"},"modified":"2023-04-28T12:01:05","modified_gmt":"2023-04-28T09:01:05","slug":"raportti-jair-bolsonaro-katastrofi-ilmastolle","status":"publish","type":"post","link":"https:\/\/www.greenpeace.org\/finland\/blogit\/metsat\/raportti-jair-bolsonaro-katastrofi-ilmastolle\/","title":{"rendered":"Raportti: Jair Bolsonaro \u2013 katastrofi ilmastolle"},"content":{"rendered":"\n<figure class=\"wp-block-image size-full\"><img loading=\"lazy\" decoding=\"async\" width=\"1024\" height=\"576\" src=\"https:\/\/www.greenpeace.org\/static\/planet4-finland-stateless\/2022\/03\/0d9e7c9e-jair-bolsonaro-1024x576-1.jpeg\" title=\"Jair Bolsonaro palavan sademets\u00e4n edess\u00e4\" alt=\"Jair Bolsonaro palavan sademets\u00e4n edess\u00e4.\" class=\"wp-image-50238\" srcset=\"https:\/\/www.greenpeace.org\/static\/planet4-finland-stateless\/2022\/03\/0d9e7c9e-jair-bolsonaro-1024x576-1.jpeg 1024w, https:\/\/www.greenpeace.org\/static\/planet4-finland-stateless\/2022\/03\/0d9e7c9e-jair-bolsonaro-1024x576-1-300x169.jpeg 300w, https:\/\/www.greenpeace.org\/static\/planet4-finland-stateless\/2022\/03\/0d9e7c9e-jair-bolsonaro-1024x576-1-768x432.jpeg 768w, https:\/\/www.greenpeace.org\/static\/planet4-finland-stateless\/2022\/03\/0d9e7c9e-jair-bolsonaro-1024x576-1-510x287.jpeg 510w\" sizes=\"auto, (max-width: 1024px) 100vw, 1024px\" \/><\/figure>\n\n<p class=\"has-drop-cap\">Jair Bolsonaro on ollut Brasilian presidentti kolme vuotta. H\u00e4nen ymp\u00e4rist\u00f6vihamielinen agendansa ei ole koskaan ollut salaisuus, ja toimikautensa aikana Bolsonaro on my\u00f6s uhannut alkuper\u00e4iskansojen oikeuksia ja lis\u00e4nnyt Amazonin sademetsien riistoa.<\/p>\n\n<p>Valtavat m\u00e4\u00e4r\u00e4t h\u00e4vitetty\u00e4 ja tuhopoltettua mets\u00e4\u00e4, sek\u00e4 yli tuhannen uuden torjunta-aineen hyv\u00e4ksyminen \u2013 siin\u00e4 vain muutama Bolsonaron t\u00e4h\u00e4nastisista ymp\u00e4rist\u00f6saavutuksista.<\/p>\n\n<p><strong>Presidentti Jair Bolsonaron saavutukset tiivistettyn\u00e4:<\/strong><\/p>\n\n<ul class=\"wp-block-list\">\n<li>Amazonin sademetsien mets\u00e4kato on lis\u00e4\u00e4ntynyt kolmessa vuodessa 52,9 prosenttia<\/li>\n\n\n\n<li>Amazonin alueen palot ovat lis\u00e4nneet Brasilian kasvihuonekaasup\u00e4\u00e4st\u00f6j\u00e4 10 prosenttia<\/li>\n\n\n\n<li>My\u00f6s Cerradon savanneja ja Pantanalin kosteikkoja on muokattu h\u00e4ik\u00e4ilem\u00e4tt\u00f6m\u00e4sti maatalousk\u00e4ytt\u00f6\u00f6n<\/li>\n\n\n\n<li>Brasilian ymp\u00e4rist\u00f6politiikasta vastaavan t\u00e4rke\u00e4n viranomaisen IBAMAn ja luonnon monimuotoisuuden suojeluinstituutin budjetteja on pienennetty l\u00e4hes kolmanneksella<\/li>\n\n\n\n<li>Konfliktit Brasilian alkuper\u00e4iskansojen kanssa ovat lis\u00e4\u00e4ntyneet ja ne johtavat usein kuolemaan<\/li>\n\n\n\n<li>K\u00e4ytt\u00f6\u00f6n on otettu yli tuhat uutta torjunta-ainetta, joista osa on ollut kiellettyj\u00e4 EU:n alueella jo yli 15 vuotta<\/li>\n\n\n\n<li>Bolsonaron hallinto on osallistunut EU:n ja Mercosur-maiden v\u00e4lisen vapaakauppasopimuksen valmisteluun, joka vauhdittaisi metsien h\u00e4vi\u00e4mist\u00e4 entisest\u00e4\u00e4n<\/li>\n\n\n\n<li>Brasilia on yksi maailman vaarallisimmista maista ymp\u00e4rist\u00f6nsuojelijoille<\/li>\n<\/ul>\n<div class=\"EmptyMessage\">Block content is empty. Check the block&#8217;s settings or remove it.<\/div>\n<div style=\"height:24px\" aria-hidden=\"true\" class=\"wp-block-spacer\"><\/div>\n\n<h2 class=\"wp-block-heading\">Metsien h\u00e4vitys Amazonin ja Pantanalin kosteikoilla<\/h2>\n\n<p>Viimeisen kolmen vuoden aikana mets\u00e4kato Amazonin sademetsiss\u00e4 on lis\u00e4\u00e4ntynyt 52,9 prosenttia verrattuna kolmeen aiempaan vuoteen.<\/p>\n\n<p>Mets\u00e4koneista ja <a href=\"https:\/\/www.greenpeace.org\/finland\/blogit\/7358\/amazonin-metsapaloissa-jalleen-uusi-ennatys-myos-suomella-on-vastuu-palojen-hillitsemisessa\/\">tulipaloista Amazonin alueella<\/a> on n\u00e4hty paljon j\u00e4rkytt\u00e4vi\u00e4 kuvia.<\/p>\n\n<p>Mutta Amazonin alue ei ole ainoa, joka on k\u00e4rsinyt. My\u00f6s muita t\u00e4rkeit\u00e4 maa-alueita, kuten Cerradon savanneja ja Pantanalin kosteikkoja, on hy\u00f6dynnetty h\u00e4ik\u00e4ilem\u00e4tt\u00f6m\u00e4sti maan muokkaamiseksi karjan laiduntamis- ja maatalousk\u00e4ytt\u00f6\u00f6n.<\/p>\n\n<p><a href=\"https:\/\/www.greenpeace.org\/static\/planet4-sweden-stateless\/2021\/03\/029feab9-gpi_makingmincemeat_execsummary-designed_v9.2.pdf\">Pantanalin<\/a> ainutlaatuiset jaguaarien ja muiden uhanalaisten lajien elinalueet ovat kutistuneet kolmannekseen (!) pinta-alastaan*. T\u00e4m\u00e4 johtuu \u00e4\u00e4rimm\u00e4isen kuivuuden ja tulipalojen yhdistelm\u00e4st\u00e4, jonka maatalousteollisuus on aiheuttanut laajentuessaan.<\/p>\n\n<figure class=\"wp-block-image size-full\"><img loading=\"lazy\" decoding=\"async\" width=\"1024\" height=\"562\" src=\"https:\/\/www.greenpeace.org\/static\/planet4-finland-stateless\/2022\/03\/72e120af-1024x562-amazon-forest-fires.png\" alt=\"\" class=\"wp-image-50240\" srcset=\"https:\/\/www.greenpeace.org\/static\/planet4-finland-stateless\/2022\/03\/72e120af-1024x562-amazon-forest-fires.png 1024w, https:\/\/www.greenpeace.org\/static\/planet4-finland-stateless\/2022\/03\/72e120af-1024x562-amazon-forest-fires-300x165.png 300w, https:\/\/www.greenpeace.org\/static\/planet4-finland-stateless\/2022\/03\/72e120af-1024x562-amazon-forest-fires-768x422.png 768w, https:\/\/www.greenpeace.org\/static\/planet4-finland-stateless\/2022\/03\/72e120af-1024x562-amazon-forest-fires-510x280.png 510w\" sizes=\"auto, (max-width: 1024px) 100vw, 1024px\" \/><figcaption class=\"wp-element-caption\"><em>Tulipalojen lis\u00e4\u00e4ntyminen vuosina 2018\u20132019 verrattuna vastaavaan ajanjaksoon vuosina 2016\u20132017<\/em>.<\/figcaption><\/figure>\n\n<p>Amazonin alueen palot ovat lis\u00e4nneet my\u00f6s Brasilian kasvihuonekaasup\u00e4\u00e4st\u00f6j\u00e4 10 prosenttia. <a href=\"https:\/\/www.carbonbrief.org\/analysis-which-countries-are-historically-responsible-for-climate-change\">Carbon Briefin analyysin<\/a> mukaan Brasilia on maank\u00e4ytt\u00f6tapojensa ja mets\u00e4kadon seurauksena maailman viidenneksi suurin kasvihuonekaasup\u00e4\u00e4st\u00f6jen aiheuttaja.<\/p>\n\n<p>Mets\u00e4t ovat ratkaisevan t\u00e4rkeit\u00e4 ilmastokriisin torjunnassa. Metsien t\u00e4rkeiden ekosysteemien h\u00e4vi\u00e4minen tarkoittaa, ett\u00e4 kasvihuonekaasujen m\u00e4\u00e4r\u00e4 ilmakeh\u00e4ss\u00e4 kasvaa, ja luonnon kyky sitoa hiilidioksidip\u00e4\u00e4st\u00f6j\u00e4 heikkenee huomattavasti.<\/p>\n\n<h2 class=\"wp-block-heading\">Ymp\u00e4rist\u00f6viranomaisten alasajo<\/h2>\n\n<p>Bolsonaron hallinto on heikent\u00e4nyt valtion virastoja, jotka ovat vastuussa ymp\u00e4rist\u00f6valvonnasta ja metsi\u00e4 suojelevien lakien t\u00e4yt\u00e4nt\u00f6\u00f6npanosta. T\u00e4m\u00e4n  seurauksena ymp\u00e4rist\u00f6tuhoihin ei ole puututtu.<\/p>\n\n<p>Brasilian ymp\u00e4rist\u00f6politiikasta vastaavan t\u00e4rke\u00e4n viranomaisen IBAMAn taloudellisia resursseja leikattiin 30 prosenttia vuodesta 2019 vuoteen 2020.<\/p>\n\n<p>Samaan aikaan Chico Mendesin luonnon monimuotoisuuden suojeluinstituutin budjetti pieneni 32,7 prosenttia. Vuonna 2021 ymp\u00e4rist\u00f6ministeri\u00f6n kokonaisbudjetti oli pienin sitten vuoden 2010.<\/p>\n\n<p>Ymp\u00e4rist\u00f6viranomaisten toimintaedellytysten heikentyess\u00e4 ymp\u00e4rist\u00f6rikolliset ovat voineet jatkaa rauhassa metsien h\u00e4vityst\u00e4 yh\u00e4 vain laajemmilla alueilla.<\/p>\n\n<figure class=\"wp-block-image size-full\"><img loading=\"lazy\" decoding=\"async\" width=\"1024\" height=\"512\" src=\"https:\/\/www.greenpeace.org\/static\/planet4-finland-stateless\/2022\/03\/a7ba5b00-miljomyndigheter-amazon-budget.png\" alt=\"\" class=\"wp-image-50242\" srcset=\"https:\/\/www.greenpeace.org\/static\/planet4-finland-stateless\/2022\/03\/a7ba5b00-miljomyndigheter-amazon-budget.png 1024w, https:\/\/www.greenpeace.org\/static\/planet4-finland-stateless\/2022\/03\/a7ba5b00-miljomyndigheter-amazon-budget-300x150.png 300w, https:\/\/www.greenpeace.org\/static\/planet4-finland-stateless\/2022\/03\/a7ba5b00-miljomyndigheter-amazon-budget-768x384.png 768w, https:\/\/www.greenpeace.org\/static\/planet4-finland-stateless\/2022\/03\/a7ba5b00-miljomyndigheter-amazon-budget-510x255.png 510w\" sizes=\"auto, (max-width: 1024px) 100vw, 1024px\" \/><figcaption class=\"wp-element-caption\"><em>N\u00e4in paljon ymp\u00e4rist\u00f6viranomaisten budjetti on pienentynyt Jair Bolsonaron presidenttiyden my\u00f6t\u00e4.<\/em><\/figcaption><\/figure>\n\n<h2 class=\"wp-block-heading\">Konfliktit lis\u00e4\u00e4ntyneet<\/h2>\n\n<p>Samalla kun maanviljely, mets\u00e4yhti\u00f6t ja kaivosteollisuus valtaavat yh\u00e4 enemm\u00e4n alaa, my\u00f6s yhteenotot Brasilian alkuper\u00e4iskansojen kanssa lis\u00e4\u00e4ntyv\u00e4t ja johtavat usein kuolemaan.<\/p>\n\n<p><a href=\"https:\/\/www.globalwitness.org\/en\/press-releases\/global-witness-reports-227-land-and-environmental-activists-murdered-single-year-worst-figure-record\/\">Global Witnessin raportin<\/a> mukaan Brasilia oli yksi vaarallisimmista maista ymp\u00e4rist\u00f6aktivisteille vuonna 2021, jolloin rekister\u00f6itiin 20 aktivismiin liittynytt\u00e4 kuolemantapausta. Vuonna 2020 rekister\u00f6itiin yhteens\u00e4 1 576 maank\u00e4ytt\u00f6konfliktia. M\u00e4\u00e4r\u00e4 oli korkein sitten vuoden 1985.<\/p>\n\n<p>Eniten tilanteesta k\u00e4rsiv\u00e4t alkuper\u00e4iskansat, jotka yritt\u00e4v\u00e4t suojella oikeuksiaan: yli 41 prosenttia raportoiduista konflikteista koski alkuper\u00e4isv\u00e4est\u00f6\u00e4.<\/p>\n\n<figure class=\"wp-block-image size-full\"><img loading=\"lazy\" decoding=\"async\" width=\"1024\" height=\"512\" src=\"https:\/\/www.greenpeace.org\/static\/planet4-finland-stateless\/2022\/03\/3bf2c1b8-miljomyndigheter-amazon-budget-1.png\" alt=\"Brasilian kartta, jossa n\u00e4kyy maank\u00e4yt\u00f6n konfliktien kasvaminen Bolsonaron kaudella.\" class=\"wp-image-50244\" srcset=\"https:\/\/www.greenpeace.org\/static\/planet4-finland-stateless\/2022\/03\/3bf2c1b8-miljomyndigheter-amazon-budget-1.png 1024w, https:\/\/www.greenpeace.org\/static\/planet4-finland-stateless\/2022\/03\/3bf2c1b8-miljomyndigheter-amazon-budget-1-300x150.png 300w, https:\/\/www.greenpeace.org\/static\/planet4-finland-stateless\/2022\/03\/3bf2c1b8-miljomyndigheter-amazon-budget-1-768x384.png 768w, https:\/\/www.greenpeace.org\/static\/planet4-finland-stateless\/2022\/03\/3bf2c1b8-miljomyndigheter-amazon-budget-1-510x255.png 510w\" sizes=\"auto, (max-width: 1024px) 100vw, 1024px\" \/><figcaption class=\"wp-element-caption\"><em>Maank\u00e4yt\u00f6n konfliktien kasvu Bolsonaron presidenttikaudella.<\/em><\/figcaption><\/figure>\n\n<p>Bolsonaron johdolla v\u00e4kivalta on k\u00e4rjistynyt Brasiliassa. Presidentti on <a href=\"https:\/\/www.sbs.com.au\/news\/article\/brazils-jair-bolsonaro-calls-environmental-ngos-a-cancer-amid-pressure-to-better-protect-the-amazon\/nmklvg9g5\">kuvaillut kansalaisj\u00e4rjest\u00f6j\u00e4 &#8221;sy\u00f6v\u00e4ksi&#8221;<\/a> ja julistanut, ettei heid\u00e4n sanomisillaan tai yhteiskunnallisella keskustelulla ole h\u00e4nelle mit\u00e4\u00e4n arvoa. Vuonna 2019 Bolsonaro jopa syytti kansalaisj\u00e4rjest\u00f6j\u00e4 tulipalojen sytytt\u00e4misest\u00e4 Amazonin alueella.<\/p>\n\n<h2 class=\"wp-block-heading\">Uhka luonnon monimuotoisuudelle ja v\u00e4est\u00f6n terveydelle<\/h2>\n\n<p>Jair Bolsonaron virkaanastumisen j\u00e4lkeen on hyv\u00e4ksytty noin 1500 uutta torjunta-ainetta \u2013 t\u00e4m\u00e4 on uusi enn\u00e4tys. Monet n\u00e4ist\u00e4 Brasiliassa k\u00e4ytetyist\u00e4 torjunta-aineista on <a href=\"https:\/\/left.eu\/issues\/publications\/cycle-of-poison-and-molecular-colonialism-in-the-commercial-relationship-between-mercosur-and-the-european-union\/\">kielletty EU:ssa<\/a>, koska ne sis\u00e4lt\u00e4v\u00e4t aineita, jotka ovat haitallisia ja jopa vaarallisia ihmisille ja ymp\u00e4rist\u00f6lle.<\/p>\n\n<p>Esimerkiksi myrkyllist\u00e4 rikkakasvien torjunta-ainetta Atrazinea l\u00f6ytyy Brasiliassa yli 70 kaupallisesta tuotteesta. EU:ssa sen k\u00e4ytt\u00f6 kiellettiin jo yli 15 vuotta sitten pohjavesivaikutusten takia.<\/p>\n\n<figure class=\"wp-block-image size-full\"><img loading=\"lazy\" decoding=\"async\" width=\"1024\" height=\"412\" src=\"https:\/\/www.greenpeace.org\/static\/planet4-finland-stateless\/2022\/03\/17fafb80-1024x412-amazon-torjunta-aineet.png\" alt=\"Diakrammi, jossa n\u00e4kyy torjuntai-aineiden k\u00e4ytt\u00f6lupien huima kasvu.\" class=\"wp-image-50246\" srcset=\"https:\/\/www.greenpeace.org\/static\/planet4-finland-stateless\/2022\/03\/17fafb80-1024x412-amazon-torjunta-aineet.png 1024w, https:\/\/www.greenpeace.org\/static\/planet4-finland-stateless\/2022\/03\/17fafb80-1024x412-amazon-torjunta-aineet-300x121.png 300w, https:\/\/www.greenpeace.org\/static\/planet4-finland-stateless\/2022\/03\/17fafb80-1024x412-amazon-torjunta-aineet-768x309.png 768w, https:\/\/www.greenpeace.org\/static\/planet4-finland-stateless\/2022\/03\/17fafb80-1024x412-amazon-torjunta-aineet-510x205.png 510w\" sizes=\"auto, (max-width: 1024px) 100vw, 1024px\" \/><figcaption class=\"wp-element-caption\"><em>Torjunta-aineiden k\u00e4ytt\u00f6lupien kasvu vuosittain<\/em>.<\/figcaption><\/figure>\n\n<h2 class=\"wp-block-heading\">Eurooppa on osasyyllinen Brasilian metsien h\u00e4vitt\u00e4miseen<\/h2>\n\n<p>My\u00f6s Euroopan unioni on syyllinen kielteiseen kehitykseen. EU on yksi suurimmista Amazonin sademetsi\u00e4 tuhoavien maataloustuotteiden tuojista, eik\u00e4 sill\u00e4 ole vahvaa s\u00e4\u00e4ntely\u00e4, joka est\u00e4isi tuotteiden p\u00e4\u00e4syn Euroopan markkinoille.<\/p>\n\n<p>Siksi EU:n on vahvistettava s\u00e4\u00e4d\u00f6ksi\u00e4 ja k\u00e4yt\u00e4nt\u00f6j\u00e4\u00e4n, jotka edist\u00e4v\u00e4t oikeudenmukaisuutta ja eettisten tuotteiden kauppaa. My\u00f6s suunniteltu <a href=\"https:\/\/www.greenpeace.org\/finland\/blogit\/6526\/7-myyttia-eu-mercosur-kauppasopimuksesta\/\">EU:n ja Mercosur-maiden v\u00e4linen vapaakauppasopimus<\/a> Etel\u00e4-Amerikassa on pys\u00e4ytett\u00e4v\u00e4, sill\u00e4 se vauhdittaisi metsien h\u00e4vi\u00e4mist\u00e4.<\/p>\n\n<h2 class=\"wp-block-heading\">Mit\u00e4 t\u00e4lle voi tehd\u00e4?<\/h2>\n\n<p>T\u00e4rkeiden maailman metsien ja ekosysteemien tuhoaminen karjan laiduntamisen ja maatalousteollisuuden takia on saatava loppumaan.<\/p>\n\n<p>Teemme kaikkemme pys\u00e4ytt\u00e4\u00e4ksemme EU:n ja Mercosur-maiden v\u00e4lisen Amazonin sademetsi\u00e4 uhkaavan kauppasopimuksen. Pyrimme edist\u00e4m\u00e4\u00e4n vahvoja, kest\u00e4vi\u00e4 ja oikeudenmukaisia \u200b\u200bs\u00e4\u00e4nn\u00f6ksi\u00e4, jotka est\u00e4v\u00e4t kest\u00e4m\u00e4t\u00f6nt\u00e4 riistoa.<\/p>\n\n<p>My\u00f6s sin\u00e4 voit vaikuttaa! <a href=\"https:\/\/www.greenpeace.org\/finland\/toimi\/pelasta-amazon\/suomi-sano-ei-eun-ja-mercosurin-kauppasopimukselle\/\">Allekirjoita vetoomuksemme<\/a>, joka vaatii p\u00e4\u00e4tt\u00e4ji\u00e4 kielt\u00e4ytym\u00e4\u00e4n vahvistamasta EU:n ja Mercosurin v\u00e4list\u00e4 haitallista kauppasopimusta. Jos sopimus saadaan estetty\u00e4, pys\u00e4ytet\u00e4\u00e4n samalla tavaraviennin holtiton kasvu muun muassa Brasiliasta, mill\u00e4 on suora vaikutus Amazonin sademets\u00e4n tilanteeseen.<\/p>\n\n<p>Amazonin sademets\u00e4 on uhanalaisempi kuin koskaan aiemmin. Mets\u00e4\u00e4 raivataan karja-, soija- ja puuteollisuuden tarpeisiin ymp\u00e4rist\u00f6n ja alkuper\u00e4iskansojen kustannuksella. Meid\u00e4n on teht\u00e4v\u00e4 kaikkemme, ett\u00e4 Amazonin \u2013 ja samalla ihmisten \u2013 tulevaisuus olisi turvattu. <a href=\"https:\/\/www.greenpeace.org\/finland\/toimi\/pelasta-amazon\/suomi-sano-ei-eun-ja-mercosurin-kauppasopimukselle\/\">Tule mukaan!<\/a><\/p>\n\n<div class=\"wp-block-buttons is-horizontal is-content-justification-center is-layout-flex wp-container-core-buttons-is-layout-499968f5 wp-block-buttons-is-layout-flex\">\n<div class=\"wp-block-button is-style-secondary\"><a class=\"wp-block-button__link wp-element-button\" href=\"https:\/\/www.greenpeace.org\/finland\/toimi\/pelasta-amazon\/suomi-sano-ei-eun-ja-mercosurin-kauppasopimukselle\/\">Allekirjoita vetoomus<\/a><\/div>\n<\/div>\n\n<p class=\"has-small-font-size\">* Tilanne vuoteen 2020 menness\u00e4<\/p>\n","protected":false},"excerpt":{"rendered":"<p>Millainen presidentti Jair Bolsonaro on ollut Brasilialle ja maailmalle kolmena ensimm\u00e4isen\u00e4 virkavuotenaan?<\/p>\n","protected":false},"author":68,"featured_media":50238,"comment_status":"closed","ping_status":"open","sticky":false,"template":"","format":"standard","meta":{"_improvement_type_select":"improve_an_existing","_thumb_yes_seoaic":false,"_frame_yes_seoaic":false,"seoaic_generate_description":"","seoaic_improve_instructions_prompt":"","seoaic_rollback_content_improvement":"","seoaic_idea_thumbnail_generator":"","thumbnail_generated":false,"thumbnail_generate_prompt":"","seoaic_article_description":"","ep_exclude_from_search":false,"seoaic_article_subtitles":[],"p4_og_title":"","p4_og_description":"","p4_og_image":"","p4_og_image_id":"","p4_seo_canonical_url":"","p4_campaign_name":"not set","p4_local_project":"not set","p4_basket_name":"not set","p4_department":"","footnotes":""},"categories":[3],"tags":[52,58,68,23],"p4-page-type":[16],"class_list":["post-50235","post","type-post","status-publish","format-standard","has-post-thumbnail","hentry","category-metsat","tag-amazon","tag-ilmastokriisinsyyt","tag-metsakato","tag-sademetsat","p4-page-type-blogit"],"_links":{"self":[{"href":"https:\/\/www.greenpeace.org\/finland\/wp-json\/wp\/v2\/posts\/50235","targetHints":{"allow":["GET"]}}],"collection":[{"href":"https:\/\/www.greenpeace.org\/finland\/wp-json\/wp\/v2\/posts"}],"about":[{"href":"https:\/\/www.greenpeace.org\/finland\/wp-json\/wp\/v2\/types\/post"}],"author":[{"embeddable":true,"href":"https:\/\/www.greenpeace.org\/finland\/wp-json\/wp\/v2\/users\/68"}],"replies":[{"embeddable":true,"href":"https:\/\/www.greenpeace.org\/finland\/wp-json\/wp\/v2\/comments?post=50235"}],"version-history":[{"count":19,"href":"https:\/\/www.greenpeace.org\/finland\/wp-json\/wp\/v2\/posts\/50235\/revisions"}],"predecessor-version":[{"id":54146,"href":"https:\/\/www.greenpeace.org\/finland\/wp-json\/wp\/v2\/posts\/50235\/revisions\/54146"}],"wp:featuredmedia":[{"embeddable":true,"href":"https:\/\/www.greenpeace.org\/finland\/wp-json\/wp\/v2\/media\/50238"}],"wp:attachment":[{"href":"https:\/\/www.greenpeace.org\/finland\/wp-json\/wp\/v2\/media?parent=50235"}],"wp:term":[{"taxonomy":"category","embeddable":true,"href":"https:\/\/www.greenpeace.org\/finland\/wp-json\/wp\/v2\/categories?post=50235"},{"taxonomy":"post_tag","embeddable":true,"href":"https:\/\/www.greenpeace.org\/finland\/wp-json\/wp\/v2\/tags?post=50235"},{"taxonomy":"p4-page-type","embeddable":true,"href":"https:\/\/www.greenpeace.org\/finland\/wp-json\/wp\/v2\/p4-page-type?post=50235"}],"curies":[{"name":"wp","href":"https:\/\/api.w.org\/{rel}","templated":true}]}}