{"id":50618,"date":"2022-05-25T09:38:04","date_gmt":"2022-05-25T06:38:04","guid":{"rendered":"https:\/\/www.greenpeace.org\/finland\/?p=50618"},"modified":"2022-11-24T16:15:07","modified_gmt":"2022-11-24T13:15:07","slug":"amazonin-sademetsaa-katosi-huhtikuussa-lahes-140-000-jalkapallokentan-verran","status":"publish","type":"post","link":"https:\/\/www.greenpeace.org\/finland\/blogit\/ilmastonmuutos\/amazonin-sademetsaa-katosi-huhtikuussa-lahes-140-000-jalkapallokentan-verran\/","title":{"rendered":"Amazonin sademets\u00e4\u00e4 katosi huhtikuussa l\u00e4hes 140 000 jalkapallokent\u00e4n verran"},"content":{"rendered":"\n<figure class=\"wp-block-image size-full\"><img loading=\"lazy\" decoding=\"async\" width=\"800\" height=\"532\" src=\"https:\/\/www.greenpeace.org\/static\/planet4-finland-stateless\/2022\/05\/2d6fc9ca-gp1sx0i5_web_size.jpg\" title=\"Amazonin sademets\u00e4n hakkuita, maaliskuussa 2022\" alt=\"Amazonin sademets\u00e4n hakkuita, maaliskuussa 2022\" class=\"wp-image-50615\" srcset=\"https:\/\/www.greenpeace.org\/static\/planet4-finland-stateless\/2022\/05\/2d6fc9ca-gp1sx0i5_web_size.jpg 800w, https:\/\/www.greenpeace.org\/static\/planet4-finland-stateless\/2022\/05\/2d6fc9ca-gp1sx0i5_web_size-300x200.jpg 300w, https:\/\/www.greenpeace.org\/static\/planet4-finland-stateless\/2022\/05\/2d6fc9ca-gp1sx0i5_web_size-768x511.jpg 768w, https:\/\/www.greenpeace.org\/static\/planet4-finland-stateless\/2022\/05\/2d6fc9ca-gp1sx0i5_web_size-510x340.jpg 510w\" sizes=\"auto, (max-width: 800px) 100vw, 800px\" \/><figcaption class=\"wp-element-caption\">Amazonin sademets\u00e4n hakkuita, maaliskuussa 2022. Kuva: Chico Batata \/ Greenpeace.<\/figcaption><\/figure>\n\n<p><strong>Brasilian avaruustutkimuslaitos Inpen satelliittihavaintoihin perustuvien tietojen mukaan Amazonin mets\u00e4n h\u00e4vitt\u00e4minen lis\u00e4\u00e4ntyi viime kuussa l\u00e4hes 75 prosenttia edellisvuoden vastaavaan ajanjaksoon verrattuna. Sademets\u00e4n pinta-alasta on kadonnut yli 1 000 neli\u00f6kilometri\u00e4 eli l\u00e4hes 140 000 jalkapallokent\u00e4n verran mets\u00e4\u00e4. T\u00e4m\u00e4 on kaikkien aikojen korkein luku huhtikuulle. Asiantuntijat varoittavat, ett\u00e4 metsi\u00e4 h\u00e4vitet\u00e4\u00e4n paljon nyt my\u00f6s sadekaudella, jolloin metsi\u00e4 hakkaavat tahot ovat yleens\u00e4 olleet v\u00e4hemm\u00e4n aktiivisia.<\/strong><\/p>\n\n<p>\u201cLuvut ovat eritt\u00e4in korkeat vuodenaikaan n\u00e4hden\u201d, <a href=\"https:\/\/www.google.com\/url?q=https:\/\/www.aljazeera.com\/news\/2022\/5\/6\/brazil-sets-another-amazon-deforestation-record-prompting-alarm&amp;sa=D&amp;source=docs&amp;ust=1653461938655118&amp;usg=AOvVaw3j60Dmict0lPOrbgR6tmZK\" target=\"_blank\" rel=\"noreferrer noopener\">kertoo Maailman Luonnons\u00e4\u00e4ti\u00f6n Brasilian toimiston tutkimusjohtaja Mariana Napolitano<\/a>. \u201cT\u00e4m\u00e4 on h\u00e4lytysmerkki siit\u00e4 kovasta paineesta, joka sademetsiin kohdistuu.\u201d<\/p>\n\n<figure class=\"wp-block-image size-full\"><img loading=\"lazy\" decoding=\"async\" width=\"578\" height=\"382\" src=\"https:\/\/www.greenpeace.org\/static\/planet4-finland-stateless\/2022\/05\/e52e9a9b-amazonas_april_avskogning.png\" alt=\"\" class=\"wp-image-50619\" srcset=\"https:\/\/www.greenpeace.org\/static\/planet4-finland-stateless\/2022\/05\/e52e9a9b-amazonas_april_avskogning.png 578w, https:\/\/www.greenpeace.org\/static\/planet4-finland-stateless\/2022\/05\/e52e9a9b-amazonas_april_avskogning-300x198.png 300w, https:\/\/www.greenpeace.org\/static\/planet4-finland-stateless\/2022\/05\/e52e9a9b-amazonas_april_avskogning-510x337.png 510w\" sizes=\"auto, (max-width: 578px) 100vw, 578px\" \/><\/figure>\n\n<p>&#8221;Ymp\u00e4rist\u00f6politiikan heikkeneminen Brasiliassa ei ole sattumaa &#8211; se on kieroutunut projekti, jonka seurauksena ymp\u00e4rist\u00f6rikoksia voi tehd\u00e4 ilman rangaistusta. &#8221;Kun ymp\u00e4rist\u00f6rikolliset tiet\u00e4v\u00e4t, etteiv\u00e4t he tule saamaan rangaistusta, heill\u00e4 on tapana pahentaa toimintaansa entisest\u00e4\u00e4n \u2013 etenkin nyt, kun parlamentissa ja senaatissa pyrit\u00e4\u00e4n hyv\u00e4ksytt\u00e4m\u00e4\u00e4n lakeja, jotka laillistaisivat laittoman maan haltuunoton ja avaisivat alkuper\u00e4iskansojen maita kaivostoiminnalle&#8221;, kertoo Brasilian Greenpeacen Andr\u00e9 Freitas.<\/p>\n\n<p><a href=\"https:\/\/www.google.com\/url?q=https:\/\/www.globalforestwatch.org\/blog\/data-and-research\/global-tree-cover-loss-data-2021\/&amp;sa=D&amp;source=docs&amp;ust=1653461938654562&amp;usg=AOvVaw2fZU7Lf9-tsg5fomzrbmHR\" target=\"_blank\" rel=\"noreferrer noopener\">Global Forest Watch -sivuston taannoin julkaisema tutkimus osoittaa<\/a>, ett\u00e4 Brasilian metsien hakkuut kattavat jopa 40 prosenttia koko maailman kaadetuista trooppisista sademetsist\u00e4 vuodesta 2021 l\u00e4htien. Yhteens\u00e4 1,5 miljoonaa hehtaaria mets\u00e4\u00e4 on kadonnut. T\u00e4m\u00e4 on suunnilleen Keski-Suomen maakunnan (16000 km2) kokoinen alue. Brasilia on siis edelleen yksi niist\u00e4 maailman maista, joka vaikuttaa eniten pahenevaan ilmastokriisiin.<\/p>\n\n<p>Amazonin alue on nopeasti l\u00e4hestym\u00e4ss\u00e4 k\u00e4\u00e4nnekohtaa, jolloin muutosta sademetsist\u00e4 savanniksi ei voida en\u00e4\u00e4 pys\u00e4ytt\u00e4\u00e4. Suuri osa sademetsist\u00e4 toipuu nyt paljon hitaammin kuin ennen, ja jos kehityst\u00e4 ei pys\u00e4ytet\u00e4, koko Amazon saattaa menett\u00e4\u00e4 kykyns\u00e4 toipua. Se voi muuttua kuivaksi savanniksi jo t\u00e4ll\u00e4 vuosisadalla. T\u00e4ll\u00e4 olisi dramaattisia seurauksia globaaliin ilmastoon: se muuttaisi Amazonin sademets\u00e4n suuresta hiilinielusta ilmastonmuutoksen ja \u00e4\u00e4rimm\u00e4isten s\u00e4\u00e4olosuhteiden voimistajaksi.<\/p>\n\n<p>&#8221;T\u00e4m\u00e4 on varhainen varoitusmerkki, eik\u00e4 viel\u00e4 ole liian my\u00f6h\u00e4ist\u00e4 toimia&#8221;, <a href=\"https:\/\/www.google.com\/url?q=https:\/\/www.huffpost.com\/entry\/bolsonaro-lula-amazon-rainforest-brazil-election_n_6257353ce4b0e97a351a4430&amp;sa=D&amp;source=docs&amp;ust=1653461938656379&amp;usg=AOvVaw08HS9EW8VzGIBDTo_iHjka\" target=\"_blank\" rel=\"noreferrer noopener\">sanoo Exeterin yliopiston professori ja tutkimuksen johtava kirjoittaja Chris Boulton<\/a>.<\/p>\n\n<p>Monet asiantuntijat sanovat, ett\u00e4 on selv\u00e4\u00e4, ettei Amazonilla voida jatkaa ymp\u00e4rist\u00f6n tuhoamista presidentti Jair Bolsonaron suunnittelemalla tavalla.<\/p>\n\n<p>&#8221;Kun otetaan huomioon tilanteen ep\u00e4varmuus ja se, kuinka rajuja seurauksia laajamittaisella sademets\u00e4n muuttumisella savanniksi on, metsien h\u00e4vitt\u00e4minen on lopetettava v\u00e4litt\u00f6m\u00e4sti&#8221;, sanoo professori Niklas Boers Potsdamin ilmastotutkimusinstituutista. &#8221;T\u00e4ll\u00e4 hetkell\u00e4 Brasilian hallitus leikkii tulella.&#8221;<\/p>\n\n<p><a href=\"https:\/\/www.google.com\/url?q=https:\/\/www.greenpeace.org\/finland\/blogit\/50235\/raportti-jair-bolsonaro-katastrofi-ilmastolle\/&amp;sa=D&amp;source=docs&amp;ust=1653461938653468&amp;usg=AOvVaw1wyZEwu3s7K5vo5ebED1sX\" target=\"_blank\" rel=\"noreferrer noopener\">Alkuvuodesta Greenpeace julkaisi raportin<\/a>, joka osoittaa, kuinka tuhoisaa Bolsonaron politiikka on ollut Amazonille ja ilmastolle. Tuhojen ja mets\u00e4palojen enn\u00e4tyskasvu sek\u00e4 yli tuhannen uuden torjunta-aineen hyv\u00e4ksyminen on osoittanut, ett\u00e4 Brasilian nykyinen hallitus asettaa etusijalle lyhyen aikav\u00e4lin hy\u00f6dyt Amazonin selviytymisen sijaan. Riisto tekee muutamasta ihmisest\u00e4 viel\u00e4kin rikkaampia, mutta tulevat sukupolvet, ihmiset ja el\u00e4imet, joiden selviytyminen on riippuvainen Amazonista, joutuvat maksamaan todellisen hinnan.<\/p>\n","protected":false},"excerpt":{"rendered":"<p>Brasilian avaruustutkimuslaitos Inpen satelliittihavaintoihin perustuvien tietojen mukaan Amazonin mets\u00e4n h\u00e4vitt\u00e4minen lis\u00e4\u00e4ntyi viime kuussa l\u00e4hes 75 prosenttia edellisvuoden vastaavaan ajanjaksoon verrattuna. <\/p>\n","protected":false},"author":82,"featured_media":50615,"comment_status":"closed","ping_status":"closed","sticky":false,"template":"","format":"standard","meta":{"_improvement_type_select":"improve_an_existing","_thumb_yes_seoaic":false,"_frame_yes_seoaic":false,"seoaic_generate_description":"","seoaic_improve_instructions_prompt":"","seoaic_rollback_content_improvement":"","seoaic_idea_thumbnail_generator":"","thumbnail_generated":false,"thumbnail_generate_prompt":"","seoaic_article_description":"","ep_exclude_from_search":false,"seoaic_article_subtitles":[],"p4_og_title":"","p4_og_description":"","p4_og_image":"","p4_og_image_id":"","p4_seo_canonical_url":"","p4_campaign_name":"not set","p4_local_project":"not set","p4_basket_name":"not set","p4_department":"","footnotes":""},"categories":[1],"tags":[52,68,23],"p4-page-type":[16],"class_list":["post-50618","post","type-post","status-publish","format-standard","has-post-thumbnail","hentry","category-ilmastonmuutos","tag-amazon","tag-metsakato","tag-sademetsat","p4-page-type-blogit"],"_links":{"self":[{"href":"https:\/\/www.greenpeace.org\/finland\/wp-json\/wp\/v2\/posts\/50618","targetHints":{"allow":["GET"]}}],"collection":[{"href":"https:\/\/www.greenpeace.org\/finland\/wp-json\/wp\/v2\/posts"}],"about":[{"href":"https:\/\/www.greenpeace.org\/finland\/wp-json\/wp\/v2\/types\/post"}],"author":[{"embeddable":true,"href":"https:\/\/www.greenpeace.org\/finland\/wp-json\/wp\/v2\/users\/82"}],"replies":[{"embeddable":true,"href":"https:\/\/www.greenpeace.org\/finland\/wp-json\/wp\/v2\/comments?post=50618"}],"version-history":[{"count":4,"href":"https:\/\/www.greenpeace.org\/finland\/wp-json\/wp\/v2\/posts\/50618\/revisions"}],"predecessor-version":[{"id":52221,"href":"https:\/\/www.greenpeace.org\/finland\/wp-json\/wp\/v2\/posts\/50618\/revisions\/52221"}],"wp:featuredmedia":[{"embeddable":true,"href":"https:\/\/www.greenpeace.org\/finland\/wp-json\/wp\/v2\/media\/50615"}],"wp:attachment":[{"href":"https:\/\/www.greenpeace.org\/finland\/wp-json\/wp\/v2\/media?parent=50618"}],"wp:term":[{"taxonomy":"category","embeddable":true,"href":"https:\/\/www.greenpeace.org\/finland\/wp-json\/wp\/v2\/categories?post=50618"},{"taxonomy":"post_tag","embeddable":true,"href":"https:\/\/www.greenpeace.org\/finland\/wp-json\/wp\/v2\/tags?post=50618"},{"taxonomy":"p4-page-type","embeddable":true,"href":"https:\/\/www.greenpeace.org\/finland\/wp-json\/wp\/v2\/p4-page-type?post=50618"}],"curies":[{"name":"wp","href":"https:\/\/api.w.org\/{rel}","templated":true}]}}