{"id":50699,"date":"2022-06-21T11:47:14","date_gmt":"2022-06-21T08:47:14","guid":{"rendered":"https:\/\/www.greenpeace.org\/finland\/?p=50699"},"modified":"2023-04-25T13:46:29","modified_gmt":"2023-04-25T10:46:29","slug":"luontokato-ei-pysahdy-ilman-tekoja-ymparistojarjestot-vaativat-hallitukselta-kiireellisia-paatoksia-metsiemme-suojelemiseksi","status":"publish","type":"post","link":"https:\/\/www.greenpeace.org\/finland\/tiedotteet\/metsat\/luontokato-ei-pysahdy-ilman-tekoja-ymparistojarjestot-vaativat-hallitukselta-kiireellisia-paatoksia-metsiemme-suojelemiseksi\/","title":{"rendered":"Luontokato ei pys\u00e4hdy ilman tekoja \u2013 ymp\u00e4rist\u00f6j\u00e4rjest\u00f6t vaativat hallitukselta kiireellisi\u00e4 p\u00e4\u00e4t\u00f6ksi\u00e4 metsiemme suojelemiseksi"},"content":{"rendered":"\n<figure class=\"wp-block-image size-full\"><img loading=\"lazy\" decoding=\"async\" width=\"1632\" height=\"1224\" src=\"https:\/\/www.greenpeace.org\/static\/planet4-finland-stateless\/4b5de665-gp-suojeltu-mets\u00e4-evo-2020-1-1.jpg\" alt=\"Valoisaa kuusimets\u00e4\u00e4 evolla. Mets\u00e4npohja on sammaleinen.\" class=\"wp-image-6331\"\/><figcaption class=\"wp-element-caption\"><em>Mets\u00e4\u00e4 Evolla. Evon tiedekansallispuiston perustaminen vauhdittaisi Etel\u00e4-Suomen metsien suojelua.<\/em><\/figcaption><\/figure>\n\n<p><strong>Suomalainen luonto k\u00f6yhtyy h\u00e4lytt\u00e4v\u00e4ll\u00e4 vauhdilla, mik\u00e4 n\u00e4kyy my\u00f6s yli 20 000 lajia asuttavissa metsiss\u00e4mme. Hakkuupaineiden kasvaessa entisest\u00e4\u00e4n&nbsp;WWF, Greenpeace, Suomen luonnonsuojeluliitto, Luonto-Liitto ja Birdlife&nbsp;kiirehtiv\u00e4t hallitukselta v\u00e4litt\u00f6mi\u00e4&nbsp;toimia metsiensuojelun lis\u00e4\u00e4miseksi, jotta kriittiset p\u00e4\u00e4t\u00f6kset saadaan liikkeelle viel\u00e4 t\u00e4ll\u00e4 hallituskaudella.<\/strong>&nbsp;<\/p>\n\n<p>Kiireisint\u00e4 j\u00e4rjest\u00f6jen mukaan on saada valtion omistamat, hakkuu-uhan alla olevat luonnontilaiset ja vanhat mets\u00e4t viipym\u00e4tt\u00e4 suojeluun, jo t\u00e4m\u00e4n hallituksen p\u00e4\u00e4t\u00f6ksin. Lis\u00e4ksi tarvitaan vahva poliittinen viesti siit\u00e4, ett\u00e4 rahoitus vastaavien metsien vapaaehtoiseksi suojelemiseksi yksityismailla turvataan.&nbsp;<\/p>\n\n<p>\u201dValtion omilla mailla sijaitsevien potentiaalisten vanhojen metsien v\u00e4litt\u00f6m\u00e4st\u00e4 hakkuukiellosta on laadittava valtioneuvoston periaatep\u00e4\u00e4t\u00f6s ja suojeltava kriteerit t\u00e4ytt\u00e4v\u00e4t kohteet. Valtion luonnonmetsien viimeisten rippeiden h\u00e4vitt\u00e4minen on jatkunut t\u00e4ll\u00e4kin hallituskaudella, siksi toimia tarvitaan heti\u201d, sanoo WWF:n johtava mets\u00e4asiantuntija&nbsp;<strong>Mai Suominen<\/strong>.&nbsp;<\/p>\n\n<p>Riitt\u00e4v\u00e4 kriteerist\u00f6 luonnonmetsien tunnistamiseksi on jo olemassa\u00b9.&nbsp;<\/p>\n\n<p>\u201dKoneen s\u00e4\u00e4ti\u00f6n rahoittama Luonnonmets\u00e4-ty\u00f6ryhm\u00e4 on kartoittanut arvokkaita, hakkuu-uhan alla olevia luonnonmets\u00e4kohteita valtion mailta. Eli paljon kohteita on jo tiedossa. Ainoa, mik\u00e4 puuttuu, on Mets\u00e4hallitusta sitova poliittinen p\u00e4\u00e4t\u00f6s t\u00e4llaisten kohteiden suojelemiseksi\u201d, toteaa Suominen.&nbsp;<\/p>\n\n<p>Mets\u00e4lajiston kannalta kaikkein arvokkaimpien ja siksi kiireellisimmin suojeltavien luonnonmetsien lis\u00e4ksi suojelun piiriin tarvitaan my\u00f6s muita luontoarvoiltaan merkitt\u00e4vi\u00e4 mets\u00e4alueita. J\u00e4rjest\u00f6t muistuttavat, ett\u00e4 olennaista on kohdentaa metsiensuojelua koko maahan alueellisesti kattavasti, Luontopaneelin suosituksen mukaisesti\u00b2.&nbsp;<\/p>\n\n<p>\u201dPohjoisimmassa Suomessa saamelaisten oikeuksien on toteuduttava, ja muun muassa perinteisen poronhoidon edellytykset turvattava. Etel\u00e4-Suomessa taas vain 2,7 prosenttia on suojeltu. Etel\u00e4-Suomen luontoa ei pelasteta suojelemalla mets\u00e4\u00e4 muualla Suomessa ja toisin p\u00e4in. Siksi tarvitsemme alueellista kattavuutta&#8221;, sanoo Greenpeace Nordenin apulaismaajohtaja&nbsp;<strong>Juha Aromaa<\/strong>.<\/p>\n\n<figure class=\"wp-block-image size-large\"><img loading=\"lazy\" decoding=\"async\" width=\"1024\" height=\"768\" src=\"https:\/\/www.greenpeace.org\/static\/planet4-finland-stateless\/2022\/06\/ea8b0f5d-ylinenniemisjarvi20-1-1-1-1024x768.jpg\" alt=\"J\u00e4rvimaisemaa evolla. Etualalla kuvassa on j\u00e4re\u00e4\u00e4 puustoa, taaempana j\u00e4rvi.\" class=\"wp-image-50701\" srcset=\"https:\/\/www.greenpeace.org\/static\/planet4-finland-stateless\/2022\/06\/ea8b0f5d-ylinenniemisjarvi20-1-1-1-1024x768.jpg 1024w, https:\/\/www.greenpeace.org\/static\/planet4-finland-stateless\/2022\/06\/ea8b0f5d-ylinenniemisjarvi20-1-1-1-300x225.jpg 300w, https:\/\/www.greenpeace.org\/static\/planet4-finland-stateless\/2022\/06\/ea8b0f5d-ylinenniemisjarvi20-1-1-1-768x576.jpg 768w, https:\/\/www.greenpeace.org\/static\/planet4-finland-stateless\/2022\/06\/ea8b0f5d-ylinenniemisjarvi20-1-1-1-1536x1152.jpg 1536w, https:\/\/www.greenpeace.org\/static\/planet4-finland-stateless\/2022\/06\/ea8b0f5d-ylinenniemisjarvi20-1-1-1-1821x1366.jpg 1821w, https:\/\/www.greenpeace.org\/static\/planet4-finland-stateless\/2022\/06\/ea8b0f5d-ylinenniemisjarvi20-1-1-1-453x340.jpg 453w, https:\/\/www.greenpeace.org\/static\/planet4-finland-stateless\/2022\/06\/ea8b0f5d-ylinenniemisjarvi20-1-1-1.jpg 2048w\" sizes=\"auto, (max-width: 1024px) 100vw, 1024px\" \/><figcaption class=\"wp-element-caption\"><em>J\u00e4rvimaisemaa Evon alueella.<\/em><\/figcaption><\/figure>\n\n<h2 class=\"wp-block-heading\"><strong>Evon tiedekansallispuisto olisi merkitt\u00e4v\u00e4 askel<\/strong>&nbsp;<\/h2>\n\n<p>Etel\u00e4-Suomen metsien suojelua vauhdittaisi j\u00e4rjest\u00f6jen mukaan jo kuluvalla hallituskaudella se, ett\u00e4 hallitus tekisi vihdoin p\u00e4\u00e4t\u00f6ksen tiedekansallispuiston perustamisesta Evoon Kanta-H\u00e4meeseen.&nbsp;<\/p>\n\n<p>\u201dEvo on hyv\u00e4 esimerkki alueesta, jossa on mahdollista perustaa laaja ja yhten\u00e4inen suojelualue. Kaikki valmisteluty\u00f6 on jo tehty ja tarvitaan vain p\u00e4\u00e4t\u00f6s\u201d, sanoo BirdLife Suomen suojelu- ja tutkimusjohtaja&nbsp;<strong>Teemu Lehtiniemi<\/strong>.&nbsp;<\/p>\n\n<p>Suomen luonnonsuojeluliitto ehdottaa, ett\u00e4 uusi kansallispuisto voitaisiin nimet\u00e4 j\u00e4rjest\u00f6n hiljattain edesmenneen kunniapuheenjohtaja&nbsp;<strong>Rauno Ruuhij\u00e4rven<\/strong>&nbsp;mukaan.<\/p>\n\n<h2 class=\"wp-block-heading\"><strong>Luontokadon pys\u00e4ytt\u00e4minen pohdinnassa keskiviikkona<\/strong>&nbsp;<\/h2>\n\n<p>Suomi on EU:n biodiversiteettistrategiassa sitoutunut suojelemaan EU:n maa- ja merialueista 10 prosenttia tiukasti ja 30 prosenttia oikeudellisesti sitovasti. Strategian kansallisia sitoumuksia valmistelevat ty\u00f6- ja ohjausryhm\u00e4 kokoontuvat keskiviikkona 22. kes\u00e4kuuta S\u00e4\u00e4tytalolle pohtimaan, miten Suomi k\u00e4yt\u00e4nn\u00f6ss\u00e4 toteuttaa omien maa- ja vesialueidensa suojelun, jotta luontokato pys\u00e4htyy ja luonnon tila paranee Suomessa vuoteen 2030 menness\u00e4.&nbsp;<\/p>\n\n<p>\u201dNyt edistet\u00e4\u00e4n sit\u00e4, miten toteutamme Suomen sitoumuksen EU:n biodiversiteettistrategian tavoitteisiin.&nbsp;Mutta huomion tulee olla luontokadon pys\u00e4ytt\u00e4misess\u00e4, ei ainoastaan EU-sitoumusten teknisess\u00e4 t\u00e4ytt\u00e4misess\u00e4\u201d, muistuttaa Luonto-Liiton mets\u00e4vastaava&nbsp;<strong>Reija Mikkola<\/strong>.&nbsp;<\/p>\n\n<p>Suojelutoimien toteutus vaatii sek\u00e4 resursseja ett\u00e4 jatkuvuutta. J\u00e4rjest\u00f6jen mukaan on olennaista, ett\u00e4 kansallinen sitoumus sis\u00e4lt\u00e4\u00e4 arvion tulevien vuosien rahoitustarpeesta ja -l\u00e4hteist\u00e4 sek\u00e4 askelmerkit niiden toteutuksesta. Yksityisen suojelun kustannusten jakamista on tarkasteltava suhteessa luontohaitan eri aiheuttajiin sek\u00e4 l\u00e4pi sektorirajojen kaikessa yhteiskunnan toiminnassa. T\u00e4h\u00e4n kehikon antaisi luontolaki, jonka avulla luontokadon pys\u00e4ytt\u00e4minen saataisiin pitk\u00e4j\u00e4nteiseksi ty\u00f6ksi yli hallituskausien.\u202f&nbsp;<\/p>\n\n<p>\u201cLuontohaitoille on saatava hinta ja niiden maksajaksi haitan aiheuttaja. On my\u00f6s aivan selv\u00e4\u00e4, ett\u00e4 nykyinen suojelualueverkosto ei ole ollut riitt\u00e4v\u00e4 lajikadon pys\u00e4ytt\u00e4miseksi\u201d, sanoo Luonnonsuojeluliiton ymp\u00e4rist\u00f6p\u00e4\u00e4llikk\u00f6<strong>&nbsp;Paloma Hannonen<\/strong>.\u202f&nbsp;<\/p>\n\n<p>\u00b9Luonnonmets\u00e4-ty\u00f6ryhm\u00e4n k\u00e4ytt\u00e4m\u00e4t kriteerit valtion luonnonmetsien kartoitukseen on kuvattu t\u00e4\u00e4ll\u00e4:&nbsp;<a href=\"https:\/\/wwf.fi\/alueet\/suomen-metsat\/luonnonmetsa\/\" target=\"_blank\" rel=\"noreferrer noopener\">https:\/\/wwf.fi\/alueet\/suomen-metsat\/luonnonmetsa\/<\/a>&nbsp;<\/p>\n\n<p>\u00b2Luontopaneelin julkaisuja 4\/2021: Mets\u00e4luonnon turvaava suojelun kohdentaminen Suomessa&nbsp;<\/p>\n\n<p><strong>Lis\u00e4tiedot:&nbsp;<\/strong>&nbsp;<\/p>\n\n<p>Johtava mets\u00e4asiantuntija Mai Suominen, WWF Suomi. Puhelin 050 322 4363,&nbsp;<a href=\"mailto:mai.suominen@wwf.fi\" target=\"_blank\" rel=\"noreferrer noopener\">mai.suominen@wwf.fi<\/a>&nbsp;<\/p>\n\n<p>Ymp\u00e4rist\u00f6p\u00e4\u00e4llikk\u00f6 Paloma Hannonen, Suomen luonnonsuojeluliitto, 050 532 3219,&nbsp;<a rel=\"noreferrer noopener\" href=\"mailto:paloma.hannonen@sll.fi\" target=\"_blank\">paloma.hannonen@sll.fi<\/a>&nbsp;<\/p>\n\n<p>Apulaismaajohtaja Juha Aromaa, Greenpeace Norden, puhelin 050 369 6202,&nbsp;<a href=\"mailto:juha.aromaa@greenpeace.org\" target=\"_blank\" rel=\"noreferrer noopener\">juha.aromaa@greenpeace.org<\/a>&nbsp;<\/p>\n\n<p>Mets\u00e4vastaava Reija Mikkola, Luonto-Liitto. Puhelin 045 1179 610,&nbsp;<a href=\"mailto:riku.eskelinen@luontoliitto.fi\" target=\"_blank\" rel=\"noreferrer noopener\">reija.mikkola@luontoliitto.fi<\/a>&nbsp;<\/p>\n\n<p>BirdLife Suomi, Teemu Lehtiniemi, suojelu- ja tutkimusjohtaja, puhelin 010 406 6205,&nbsp;<a href=\"mailto:teemu.lehtiniemi@birdlife.fi\" target=\"_blank\" rel=\"noreferrer noopener\">teemu.lehtiniemi@birdlife.fi<\/a>&nbsp;<\/p>\n","protected":false},"excerpt":{"rendered":"<p>Suomalainen luonto k\u00f6yhtyy h\u00e4lytt\u00e4v\u00e4ll\u00e4 vauhdilla, mik\u00e4 n\u00e4kyy my\u00f6s yli 20 000 lajia asuttavissa metsiss\u00e4mme. Hakkuupaineiden kasvaessa entisest\u00e4\u00e4n\u00a0WWF, Greenpeace, Suomen luonnonsuojeluliitto, Luonto-Liitto ja Birdlife\u00a0kiirehtiv\u00e4t hallitukselta v\u00e4litt\u00f6mi\u00e4\u00a0toimia metsiensuojelun lis\u00e4\u00e4miseksi.<\/p>\n","protected":false},"author":43,"featured_media":6331,"comment_status":"closed","ping_status":"closed","sticky":false,"template":"","format":"standard","meta":{"_improvement_type_select":"improve_an_existing","_thumb_yes_seoaic":false,"_frame_yes_seoaic":false,"seoaic_generate_description":"","seoaic_improve_instructions_prompt":"","seoaic_rollback_content_improvement":"","seoaic_idea_thumbnail_generator":"","thumbnail_generated":false,"thumbnail_generate_prompt":"","seoaic_article_description":"","ep_exclude_from_search":false,"seoaic_article_subtitles":[],"p4_og_title":"","p4_og_description":"","p4_og_image":"","p4_og_image_id":"","p4_seo_canonical_url":"","p4_campaign_name":"not set","p4_local_project":"not set","p4_basket_name":"not set","p4_department":"","footnotes":""},"categories":[3],"tags":[6,71,70],"p4-page-type":[14],"class_list":["post-50699","post","type-post","status-publish","format-standard","has-post-thumbnail","hentry","category-metsat","tag-luonnonmetsa","tag-suojellaanmetsat","tag-luontokato","p4-page-type-tiedotteet"],"_links":{"self":[{"href":"https:\/\/www.greenpeace.org\/finland\/wp-json\/wp\/v2\/posts\/50699","targetHints":{"allow":["GET"]}}],"collection":[{"href":"https:\/\/www.greenpeace.org\/finland\/wp-json\/wp\/v2\/posts"}],"about":[{"href":"https:\/\/www.greenpeace.org\/finland\/wp-json\/wp\/v2\/types\/post"}],"author":[{"embeddable":true,"href":"https:\/\/www.greenpeace.org\/finland\/wp-json\/wp\/v2\/users\/43"}],"replies":[{"embeddable":true,"href":"https:\/\/www.greenpeace.org\/finland\/wp-json\/wp\/v2\/comments?post=50699"}],"version-history":[{"count":5,"href":"https:\/\/www.greenpeace.org\/finland\/wp-json\/wp\/v2\/posts\/50699\/revisions"}],"predecessor-version":[{"id":54057,"href":"https:\/\/www.greenpeace.org\/finland\/wp-json\/wp\/v2\/posts\/50699\/revisions\/54057"}],"wp:featuredmedia":[{"embeddable":true,"href":"https:\/\/www.greenpeace.org\/finland\/wp-json\/wp\/v2\/media\/6331"}],"wp:attachment":[{"href":"https:\/\/www.greenpeace.org\/finland\/wp-json\/wp\/v2\/media?parent=50699"}],"wp:term":[{"taxonomy":"category","embeddable":true,"href":"https:\/\/www.greenpeace.org\/finland\/wp-json\/wp\/v2\/categories?post=50699"},{"taxonomy":"post_tag","embeddable":true,"href":"https:\/\/www.greenpeace.org\/finland\/wp-json\/wp\/v2\/tags?post=50699"},{"taxonomy":"p4-page-type","embeddable":true,"href":"https:\/\/www.greenpeace.org\/finland\/wp-json\/wp\/v2\/p4-page-type?post=50699"}],"curies":[{"name":"wp","href":"https:\/\/api.w.org\/{rel}","templated":true}]}}