{"id":51189,"date":"2022-10-25T14:10:47","date_gmt":"2022-10-25T11:10:47","guid":{"rendered":"https:\/\/www.greenpeace.org\/finland\/?p=51189"},"modified":"2022-11-25T13:08:27","modified_gmt":"2022-11-25T10:08:27","slug":"suomalaiset-jarjestot-ykn-ilmastokokouksesta-vauraiden-maiden-on-kannettava-vastuunsa-ilmastonmuutoksen-seurauksista","status":"publish","type":"post","link":"https:\/\/www.greenpeace.org\/finland\/tiedotteet\/ilmastonmuutos\/suomalaiset-jarjestot-ykn-ilmastokokouksesta-vauraiden-maiden-on-kannettava-vastuunsa-ilmastonmuutoksen-seurauksista\/","title":{"rendered":"Suomalaiset j\u00e4rjest\u00f6t YK:n ilmastokokouksesta: Vauraiden maiden on kannettava vastuunsa ilmastonmuutoksen seurauksista&nbsp;"},"content":{"rendered":"\n<p><em>Suomalaiset ymp\u00e4rist\u00f6-, ihmisoikeus- ja kehitysj\u00e4rjest\u00f6t vaativat YK:n ilmastokokoukselta p\u00e4\u00e4t\u00f6ksi\u00e4 fossiilisista polttoaineista luopumisesta sek\u00e4 ilmastokriisin taakan oikeudenmukaisesta jakamisesta.&nbsp;<\/em><\/p>\n\n<p>YK:n ilmastokokous pidet\u00e4\u00e4n Egyptiss\u00e4 Sharm El Sheikhiss\u00e4 6.11.\u201318.11. Kokous j\u00e4rjestet\u00e4\u00e4n pitk\u00e4st\u00e4 aikaa Afrikan mantereella. J\u00e4rjest\u00f6t odottavat, ett\u00e4 Afrikan maille t\u00e4rkeist\u00e4 kysymyksist\u00e4, kuten ilmastonmuutokseen sopeutumisesta ja ilmastotuhojen taloudellisen taakan jakamisesta, tehd\u00e4\u00e4n p\u00e4\u00e4t\u00f6ksi\u00e4 neuvotteluissa. Ilmastotoimet on toteutettava ihmisoikeuksia kunnioittaen ja eriarvoisuutta v\u00e4hent\u00e4en.&nbsp;<\/p>\n\n<p>Ilmastoneuvotteluiden uskottavuutta ja kehittyvien maiden luottamusta nakertaa, ett\u00e4 vauraat maat ovat pett\u00e4neet Pariisin sopimukseen kirjatut ilmastorahoituslupaukset. Rahoitus, jonka tarkoitus on tukea kehittyvi\u00e4 maita ilmastonmuutoksen sopeutumisessa ja hillinn\u00e4ss\u00e4, on j\u00e4\u00e4nyt osin toteutumatta.<\/p>\n\n<p>Ilmastonmuutoksen aiheuttamat \u00e4\u00e4ri-ilmi\u00f6t, kuten tulvat ja myrskyt, lis\u00e4\u00e4ntyv\u00e4t samaan aikaan voimakkaasti, ja aiheuttavat valtavia kustannuksia sek\u00e4 peruuttamattomia menetyksi\u00e4 etenkin kaikkein k\u00f6yhimmille maille.&nbsp;<\/p>\n\n<p>J\u00e4rjest\u00f6t vaativat, ett\u00e4 ilmastokokouksessa tehd\u00e4\u00e4n p\u00e4\u00e4t\u00f6s erillisen rahoitusmekanismin perustamisesta ilmastonmuutoksesta johtuvien menetysten ja vahinkojen korvaamiseksi.<\/p>\n\n<p>\u201cKyse on ilmastonmuutoksen aiheuttamista vahingoista, jotka valitettavasti realisoituvat sopeutumistoimista, s\u00e4\u00e4palveluista ja katastrofiriskihallintaj\u00e4rjestelmist\u00e4 huolimatta, kuten esimerkiksi Pakistanin viimeaikaiset tulvat ovat osoittaneet\u201d, sanoo Fingon ilmastoty\u00f6n asiantuntija <strong>Emilia Runeberg<\/strong>.<\/p>\n\n<p>N\u00e4m\u00e4 ilmastonmuutoksesta aiheutuvat kustannukset lankeavat k\u00f6yhimmille maille ja ihmisille, jotka ovat v\u00e4hiten vastuussa ilmastonmuutoksen aiheuttamisesta. J\u00e4rjest\u00f6t katsovat, ett\u00e4 mailla, joiden historialliset p\u00e4\u00e4st\u00f6t ovat ilmastonmuutoksen aiheuttaneet, on my\u00f6s suurin vastuu kulujen korvaamisesta. Suomen tulee osana EU-ryhm\u00e4\u00e4 edist\u00e4\u00e4 p\u00e4\u00e4t\u00f6sten syntymist\u00e4 menetysten ja vahinkojen rahoituksesta.<\/p>\n\n<p>Viime vuonna Glasgow\u2019n ilmastokokouksessa fossiilisten polttoaineiden alasajoa koskevat linjaukset nousivat vahvasti keskustelun ytimeen, mutta vesitettiin kokouksen loppumetreill\u00e4. Nyt tarvitaan huomattavasti tiukempia kirjauksia.<\/p>\n\n<p>\u201cTieteen valossa on selv\u00e4\u00e4, ettei yhteenk\u00e4\u00e4n uuteen \u00f6ljy-, kaasu- tai hiilihankkeeseen tule en\u00e4\u00e4 investoida, vaan rahavirrat pit\u00e4\u00e4 k\u00e4\u00e4nt\u00e4\u00e4 ongelmista ratkaisuihin. Lis\u00e4ksi jo olemassa olevan fossiili-infrastruktuurin k\u00e4yt\u00f6st\u00e4 on luovuttava suunniteltua nopeammin\u201d, sanoo Greenpeacen ilmastoasiantuntija <strong>Kaisa Kosonen<\/strong>.<\/p>\n\n<p>Ukrainan sodan vauhdittaman globaalin ruokakriisin keskell\u00e4 ilmastokokouksen odotetaan my\u00f6s tuovan p\u00e4\u00e4t\u00f6ksi\u00e4 maatalouden ilmastokest\u00e4vyyden ja kest\u00e4vien ruokaj\u00e4rjestelmien tukemiseksi.<\/p>\n\n<p>\u201dVaadimme p\u00e4\u00e4t\u00f6slauselmassa linjattavan, ett\u00e4 maatalouden ilmastoty\u00f6t\u00e4 tehd\u00e4\u00e4n niin sopeutumista kuin ilmastonmuutoksen hillint\u00e4\u00e4 tukien, ruokaj\u00e4rjestelmi\u00e4 vahvistaen ja eriarvoisuutta v\u00e4hent\u00e4en. Erityisesti maataloudesta elantonsa saavien naisten ja pienviljelij\u00f6iden toimeentulo on turvattava\u201d, sanoo Food and Forest Development Finlandin ilmastoasiantuntija <strong>Noora Simola<\/strong>.<\/p>\n\n<p>Luontopohjaiset ratkaisut, esimerkiksi ruokakasvien viljeleminen puiden seassa eroosion ehk\u00e4isemiseksi tai kaupunkikosteikkojen rakentaminen tulvien hillitsemiseksi, ovat keskeisi\u00e4 sek\u00e4 ilmaston, ruokaturvan ett\u00e4 luontokadon torjumisen kannalta. J\u00e4rjest\u00f6t odottavat ilmastokokoukselta tukea luontopohjaisille ratkaisuille.<\/p>\n\n<p>\u201dIlmastokriisi ja luontokato tulee ratkaista yhdess\u00e4. Ilmastotoimien luontovaikutukset tulee huomioida ja toisaalta biodiversiteettirahoituksella voidaan v\u00e4hent\u00e4\u00e4 p\u00e4\u00e4st\u00f6j\u00e4 ja vahvistaa hiilinieluja\u201d, toteaa WWF:n ilmastovastaava <strong>Bernt Nordman.<\/strong><\/p>\n\n<p><em>Suomalaiset j\u00e4rjest\u00f6t ovat tiedotusv\u00e4lineiden haastateltavissa kokouksen aikana ja vastaavat mielell\u00e4\u00e4n lis\u00e4kysymyksiin.<\/em><\/p>\n\n<p><strong>Lis\u00e4tietoja:<\/strong><\/p>\n\n<p><strong>Seuraa paikan p\u00e4\u00e4lt\u00e4 Egyptiss\u00e4:<\/strong><\/p>\n\n<p><strong>Greenpeace<\/strong>, Kaisa Kosonen, ilmasto- ja energia-asiantuntija, +358 50 368 8488, <a href=\"mailto:kaisa.kosonen@greenpeace.org\">kaisa.kosonen@greenpeace.org<\/a><\/p>\n\n<p><strong>Fingo<\/strong>, Emilia Runeberg, ilmastoty\u00f6n asiantuntija, +358 50 317 6686, <a href=\"mailto:emilia.runeberg@fingo.fi\">emilia.runeberg@fingo.fi<\/a><\/p>\n\n<p><strong>Food and Forest Development Finland (FFD)<\/strong>, Noora Simola, ilmasto- ja mets\u00e4asiantuntija, +358 50 466 5322, <a href=\"mailto:noora.simola@ffd.fi\">noora.simola@ffd.fi<\/a><\/p>\n\n<p><strong>WWF Suomi<\/strong>, Bernt Nordman, ilmastovastaava, +358 50 525 0348, bernt.nordman@wwf.fi<\/p>\n\n<p><strong>Seuraa Suomesta k\u00e4sin:<\/strong><\/p>\n\n<p><strong>Amnesty International Suomen osasto<\/strong>, Elina Mikola, ilmasto- ja ymp\u00e4rist\u00f6asiantuntija, +358 44 493 8334, <a href=\"mailto:elina.mikola@amnesty.fi\">elina.mikola@amnesty.fi<\/a><\/p>\n\n<p><strong>Natur och Milj\u00f6,<\/strong> Camilla Sederholm, verksamhetsledare +358 045 2700 313, <a href=\"mailto:camilla.sederholm@naturochmiljo.fi\">camilla.sederholm@naturochmiljo.fi<\/a><\/p>\n\n<p><strong>Plan International Suomi<\/strong>, Niina Ratilainen, vaikuttamisty\u00f6n asiantuntija, +358 50 378 7791 <a href=\"mailto:niina.ratilainen@plan-international.org\">niina.ratilainen@plan-international.org<br><br><\/a><strong>Suomen luonnonsuojeluliitto<\/strong>, Hanna Aho, suojeluasiantuntija, +358 40 628 9495, <a href=\"mailto:hanna.aho@sll.fi\">hanna.aho@sll.fi<br><br><\/a><strong>Siemenpuu-s\u00e4\u00e4ti\u00f6 sr<\/strong>, Hanna Matinpuro, toiminnanjohtaja, +358 50 569 1189, hanna.matinpuro@siemenpuu.org<\/p>\n","protected":false},"excerpt":{"rendered":"<p>Suomalaiset ymp\u00e4rist\u00f6-, ihmisoikeus- ja kehitysj\u00e4rjest\u00f6t vaativat YK:n ilmastokokoukselta p\u00e4\u00e4t\u00f6ksi\u00e4 fossiilisista polttoaineista luopumisesta sek\u00e4 ilmastokriisin taakan oikeudenmukaisesta jakamisesta.<\/p>\n","protected":false},"author":30,"featured_media":50086,"comment_status":"closed","ping_status":"closed","sticky":false,"template":"","format":"standard","meta":{"_improvement_type_select":"improve_an_existing","_thumb_yes_seoaic":false,"_frame_yes_seoaic":false,"seoaic_generate_description":"","seoaic_improve_instructions_prompt":"","seoaic_rollback_content_improvement":"","seoaic_idea_thumbnail_generator":"","thumbnail_generated":false,"thumbnail_generate_prompt":"","seoaic_article_description":"","ep_exclude_from_search":false,"seoaic_article_subtitles":[],"p4_og_title":"","p4_og_description":"","p4_og_image":"","p4_og_image_id":"","p4_seo_canonical_url":"","p4_campaign_name":"not set","p4_local_project":"not set","p4_basket_name":"not set","p4_department":"","footnotes":""},"categories":[1],"tags":[59,60],"p4-page-type":[14],"class_list":["post-51189","post","type-post","status-publish","format-standard","has-post-thumbnail","hentry","category-ilmastonmuutos","tag-ilmastokriisinvaikutukset","tag-ilmastopolitiikka","p4-page-type-tiedotteet"],"_links":{"self":[{"href":"https:\/\/www.greenpeace.org\/finland\/wp-json\/wp\/v2\/posts\/51189","targetHints":{"allow":["GET"]}}],"collection":[{"href":"https:\/\/www.greenpeace.org\/finland\/wp-json\/wp\/v2\/posts"}],"about":[{"href":"https:\/\/www.greenpeace.org\/finland\/wp-json\/wp\/v2\/types\/post"}],"author":[{"embeddable":true,"href":"https:\/\/www.greenpeace.org\/finland\/wp-json\/wp\/v2\/users\/30"}],"replies":[{"embeddable":true,"href":"https:\/\/www.greenpeace.org\/finland\/wp-json\/wp\/v2\/comments?post=51189"}],"version-history":[{"count":1,"href":"https:\/\/www.greenpeace.org\/finland\/wp-json\/wp\/v2\/posts\/51189\/revisions"}],"predecessor-version":[{"id":51190,"href":"https:\/\/www.greenpeace.org\/finland\/wp-json\/wp\/v2\/posts\/51189\/revisions\/51190"}],"wp:featuredmedia":[{"embeddable":true,"href":"https:\/\/www.greenpeace.org\/finland\/wp-json\/wp\/v2\/media\/50086"}],"wp:attachment":[{"href":"https:\/\/www.greenpeace.org\/finland\/wp-json\/wp\/v2\/media?parent=51189"}],"wp:term":[{"taxonomy":"category","embeddable":true,"href":"https:\/\/www.greenpeace.org\/finland\/wp-json\/wp\/v2\/categories?post=51189"},{"taxonomy":"post_tag","embeddable":true,"href":"https:\/\/www.greenpeace.org\/finland\/wp-json\/wp\/v2\/tags?post=51189"},{"taxonomy":"p4-page-type","embeddable":true,"href":"https:\/\/www.greenpeace.org\/finland\/wp-json\/wp\/v2\/p4-page-type?post=51189"}],"curies":[{"name":"wp","href":"https:\/\/api.w.org\/{rel}","templated":true}]}}