{"id":51282,"date":"2022-11-09T15:40:21","date_gmt":"2022-11-09T12:40:21","guid":{"rendered":"https:\/\/www.greenpeace.org\/finland\/?p=51282"},"modified":"2023-04-24T15:04:24","modified_gmt":"2023-04-24T12:04:24","slug":"suomen-ei-tule-vastustaa-luontoa-elvyttavia-toimia-eussa-mielenosoitus-tanaan-eduskuntatalolla","status":"publish","type":"post","link":"https:\/\/www.greenpeace.org\/finland\/tiedotteet\/metsat\/suomen-ei-tule-vastustaa-luontoa-elvyttavia-toimia-eussa-mielenosoitus-tanaan-eduskuntatalolla\/","title":{"rendered":"Suomen ei tule vastustaa luontoa elvytt\u00e4vi\u00e4 toimia EU:ssa \u2013 mielenosoitus t\u00e4n\u00e4\u00e4n eduskuntatalolla"},"content":{"rendered":"\n<figure class=\"wp-block-image size-large is-resized\"><img loading=\"lazy\" decoding=\"async\" src=\"https:\/\/www.greenpeace.org\/static\/planet4-finland-stateless\/2022\/11\/3e8d5422-metsa-819x1024.jpeg\" alt=\"Juliste, jossa tekstit &quot;Ennallistetaan luonto -mielenosoitus keskiviikkona 9.11. Eduskuntatalolla&quot; ja &quot;Kansanedustajat, aiotteko todella pys\u00e4ytt\u00e4\u00e4 luontokadon?&quot;\" class=\"wp-image-51283\" width=\"410\" height=\"512\" srcset=\"https:\/\/www.greenpeace.org\/static\/planet4-finland-stateless\/2022\/11\/3e8d5422-metsa-819x1024.jpeg 819w, https:\/\/www.greenpeace.org\/static\/planet4-finland-stateless\/2022\/11\/3e8d5422-metsa-240x300.jpeg 240w, https:\/\/www.greenpeace.org\/static\/planet4-finland-stateless\/2022\/11\/3e8d5422-metsa-768x960.jpeg 768w, https:\/\/www.greenpeace.org\/static\/planet4-finland-stateless\/2022\/11\/3e8d5422-metsa-272x340.jpeg 272w, https:\/\/www.greenpeace.org\/static\/planet4-finland-stateless\/2022\/11\/3e8d5422-metsa.jpeg 1024w\" sizes=\"auto, (max-width: 410px) 100vw, 410px\" \/><\/figure>\n\n<p>Ymp\u00e4rist\u00f6toimijat&nbsp;j\u00e4rjest\u00e4v\u00e4t mielenosoituksen Eduskuntatalon edustalla keskiviikkona 9.11. kello 14:30 alkaen samaan aikaan, kun hallitus vastaa v\u00e4likysymykseen EU:n ennallistamisasetusehdotuksesta. Mielenosoituksen ovat kutsuneet koolle Luonto-Liiton mets\u00e4ryhm\u00e4, Elokapina, Greenpeace ja Ei polteta tulevaisuutta -kampanja.&nbsp;<\/p>\n\n<p>P\u00e4\u00e4tt\u00e4jien viimeaikainen ymp\u00e4rist\u00f6poliittinen keskustelu on pettymys. Suomi on sitoutunut pys\u00e4ytt\u00e4m\u00e4\u00e4n luontokadon vuoteen 2030 menness\u00e4, ja luonnon ennallistaminen on merkitt\u00e4v\u00e4 osa luontokadon pys\u00e4ytt\u00e4mist\u00e4. Vaikuttaa kuitenkin silt\u00e4, ett\u00e4 useat&nbsp;kansanedustajat eiv\u00e4t todellisuudessa olekaan valmiita parantamaan luonnon tilaa Suomessa ja EU:ssa.&nbsp;<\/p>\n\n<p>Hallitus on sitoutunut omassa kannassaan ennallistamisehdotuksen tavoitteisiin. T\u00e4st\u00e4 huolimatta monet hallituksen kansanedustajat ovat \u00e4\u00e4nest\u00e4neet hallituksen omaa kantaa vastaan. Monet ovat vaatineet koko asetusehdotuksen hylk\u00e4\u00e4mist\u00e4 sek\u00e4 toistelleet mets\u00e4teollisuuden maalaamia faktoihin perustumattomia uhkakuvia. Suomen luontopaneelin * mukaan tieteellist\u00e4 tietoa Suomen luonnon heikosta tilasta on j\u00e4lleen kyseenalaistettu julkisuudessa k\u00e4ydyss\u00e4 poliittisessa&nbsp;keskustelussa.&nbsp;&nbsp;&nbsp;&nbsp;<\/p>\n\n<p>Eduskunnan suuri valiokunta tulee p\u00e4\u00e4tt\u00e4m\u00e4\u00e4n Suomen kannan EU:n neuvotteluihin ennallistamisehdotuksesta. Mielenosoittajat vaativat suuressa valiokunnassa istuvilta kansanedustajilta, ett\u00e4 Suomen ei tule vastustaa luonnon tilaa parantavia toimia EU:ssa. Sen sijaan asetuksesta tulee neuvotella vahva, selke\u00e4 ja vaikuttava.&nbsp;<\/p>\n\n<p>\u201cSuomi on ajanut EU:ssa h\u00e4ik\u00e4ilem\u00e4tt\u00f6m\u00e4sti kest\u00e4m\u00e4tt\u00f6m\u00e4n mets\u00e4teollisuuden asiaa esimerkiksi kest\u00e4v\u00e4n rahoituksen taksonomiassa. Maineemme on romuttumassa. Ennallistamiskysymyksess\u00e4 tulee ottaa huomioon luonnon ja kansalaisten puoli\u201d, vaatii Elokapinan aktiivi <strong>Otto Snellman<\/strong>.&nbsp;&nbsp;&nbsp;&nbsp;&nbsp;<\/p>\n\n<h3 class=\"wp-block-heading\">Ennallistamisasetus luo kest\u00e4vi\u00e4 ansaintamahdollisuuksia maanomistajille \u2013 jos Suomi ei vesit\u00e4 sit\u00e4&nbsp;<\/h3>\n\n<p>On huomioitavaa, ett\u00e4 ennallistamisasetusta on ehdotettu, koska Suomi ja muut EU-maat ovat sitoumuksista huolimatta ep\u00e4onnistuneet luontokadon pys\u00e4ytt\u00e4misess\u00e4 toistuvasti. Asetuksen tarkoituksena on katkaista ep\u00e4onnistumisten kierre. Se luo j\u00e4senmaille sitovat velvoitteet ja mittarit luonnon tilan parantamiselle.&nbsp;&nbsp;&nbsp;<\/p>\n\n<p>\u201cLuonnon tilan parantaminen on moraalinen velvollisuutemme. Lis\u00e4ksi ennallistamisen taloudelliset hy\u00f6dyt ovat alustavien arvioiden mukaan 10 kertaa suuremmat kuin kustannukset. Vaikka arvio onkin vain suuntaa antava, ei j\u00e4\u00e4 ep\u00e4selv\u00e4ksi onko hy\u00f6dyt kustannuksia suuremmat, sanoo Luonto-Liiton mets\u00e4ryhm\u00e4n&nbsp;<strong>Otso Piitulainen<\/strong>.&nbsp;<\/p>\n\n<p>Mielenosoittajien mukaan ennallistaminen tarkoittaa esimerkiksi pienvesien kunnostamista ja turhaan ojitettujen soiden ojien tukkimista. Se tarkoittaa my\u00f6s j\u00e4rkev\u00e4mp\u00e4\u00e4 ja luonnolle yst\u00e4v\u00e4llisemp\u00e4\u00e4 maa- ja mets\u00e4taloutta. Vaikka Suomessa on jo hyv\u00e4\u00e4 tietotaitoa ennallistamisesta, sit\u00e4 on tehty liian v\u00e4h\u00e4n. Ennallistamisasetus p\u00f6nkitt\u00e4\u00e4 hyv\u00e4ksi havaittuja toimintatapoja ja auttaa tekem\u00e4\u00e4n niist\u00e4 taloudellisesti kannattavia maanomistajille mik\u00e4li&nbsp;asetusta ei vesitet\u00e4 EU:n neuvotteluissa.&nbsp;&nbsp;&nbsp;<\/p>\n\n<p>\u201cEnnallistamisasetusta ja muita EU:n luonnon monimuotoisuutta edist\u00e4vi\u00e4 toimia vastustavat v\u00e4itt\u00e4v\u00e4t usein ajavansa mets\u00e4nomistajien etua. Todellisuudessa he ajavat kuitenkin vain mets\u00e4teollisuuden j\u00e4ttiyritysten etua. Moni mets\u00e4nomistaja haluaisi lis\u00e4t\u00e4 luonnon monimuotoisuutta ja kaipaisi apua ja tukea omien maidensa ennallistamiseen ja suojeluun. Luonnolla on itseisarvo, sanoo&nbsp; mielenosoitukseen osallistuva mets\u00e4nomistaja <strong>Minna Korhonen<\/strong>.&nbsp;&nbsp;<\/p>\n\n<p>* https:\/\/www.hs.fi\/mielipide\/art-2000009170528.html<\/p>\n\n<h3 class=\"wp-block-heading\">Lis\u00e4tiedot:&nbsp;<\/h3>\n\n<p>Juha Aromaa, Greenpeace, puhelin 050 369 6202, mielenosoituksen aikana&nbsp;<\/p>\n\n<p>Sommer Ackerman, Luonto-Liitto (englanniksi),&nbsp;045 253 2002&nbsp;<\/p>\n\n<p>Varpu Sairinen, Ei polteta tulevaisuutta, 040 090 7133&nbsp;<\/p>\n\n<p>Otto Snellman, Elokapina, 040 570 5888<\/p>\n","protected":false},"excerpt":{"rendered":"<p>Ymp\u00e4rist\u00f6toimijat j\u00e4rjest\u00e4v\u00e4t mielenosoituksen Eduskuntatalon edustalla keskiviikkona 9.11. kello 14:30 alkaen samaan aikaan, kun hallitus vastaa v\u00e4likysymykseen EU:n ennallistamisasetusehdotuksesta. Mielenosoituksen ovat kutsuneet koolle Luonto-Liiton mets\u00e4ryhm\u00e4, Elokapina, Greenpeace ja Ei polteta tulevaisuutta -kampanja.<\/p>\n","protected":false},"author":43,"featured_media":51283,"comment_status":"closed","ping_status":"closed","sticky":false,"template":"","format":"standard","meta":{"_improvement_type_select":"improve_an_existing","_thumb_yes_seoaic":false,"_frame_yes_seoaic":false,"seoaic_generate_description":"","seoaic_improve_instructions_prompt":"","seoaic_rollback_content_improvement":"","seoaic_idea_thumbnail_generator":"","thumbnail_generated":false,"thumbnail_generate_prompt":"","seoaic_article_description":"","ep_exclude_from_search":false,"seoaic_article_subtitles":[],"p4_og_title":"","p4_og_description":"","p4_og_image":"","p4_og_image_id":"","p4_seo_canonical_url":"","p4_campaign_name":"not set","p4_local_project":"not set","p4_basket_name":"not set","p4_department":"","footnotes":""},"categories":[3],"tags":[29,71],"p4-page-type":[14],"class_list":["post-51282","post","type-post","status-publish","format-standard","has-post-thumbnail","hentry","category-metsat","tag-vapaaehtoiset","tag-suojellaanmetsat","p4-page-type-tiedotteet"],"_links":{"self":[{"href":"https:\/\/www.greenpeace.org\/finland\/wp-json\/wp\/v2\/posts\/51282","targetHints":{"allow":["GET"]}}],"collection":[{"href":"https:\/\/www.greenpeace.org\/finland\/wp-json\/wp\/v2\/posts"}],"about":[{"href":"https:\/\/www.greenpeace.org\/finland\/wp-json\/wp\/v2\/types\/post"}],"author":[{"embeddable":true,"href":"https:\/\/www.greenpeace.org\/finland\/wp-json\/wp\/v2\/users\/43"}],"replies":[{"embeddable":true,"href":"https:\/\/www.greenpeace.org\/finland\/wp-json\/wp\/v2\/comments?post=51282"}],"version-history":[{"count":8,"href":"https:\/\/www.greenpeace.org\/finland\/wp-json\/wp\/v2\/posts\/51282\/revisions"}],"predecessor-version":[{"id":53984,"href":"https:\/\/www.greenpeace.org\/finland\/wp-json\/wp\/v2\/posts\/51282\/revisions\/53984"}],"wp:featuredmedia":[{"embeddable":true,"href":"https:\/\/www.greenpeace.org\/finland\/wp-json\/wp\/v2\/media\/51283"}],"wp:attachment":[{"href":"https:\/\/www.greenpeace.org\/finland\/wp-json\/wp\/v2\/media?parent=51282"}],"wp:term":[{"taxonomy":"category","embeddable":true,"href":"https:\/\/www.greenpeace.org\/finland\/wp-json\/wp\/v2\/categories?post=51282"},{"taxonomy":"post_tag","embeddable":true,"href":"https:\/\/www.greenpeace.org\/finland\/wp-json\/wp\/v2\/tags?post=51282"},{"taxonomy":"p4-page-type","embeddable":true,"href":"https:\/\/www.greenpeace.org\/finland\/wp-json\/wp\/v2\/p4-page-type?post=51282"}],"curies":[{"name":"wp","href":"https:\/\/api.w.org\/{rel}","templated":true}]}}