{"id":52701,"date":"2022-12-07T15:03:53","date_gmt":"2022-12-07T12:03:53","guid":{"rendered":"https:\/\/www.greenpeace.org\/finland\/?p=52701"},"modified":"2023-04-24T14:41:07","modified_gmt":"2023-04-24T11:41:07","slug":"alkuperaiskansojen-oikeudet-tunnustettava-cop15-kokouksessa","status":"publish","type":"post","link":"https:\/\/www.greenpeace.org\/finland\/tiedotteet\/ilmastonmuutos\/alkuperaiskansojen-oikeudet-tunnustettava-cop15-kokouksessa\/","title":{"rendered":"Alkuper\u00e4iskansojen oikeudet tunnustettava COP15-kokouksessa"},"content":{"rendered":"\n<p><em>Alkuper\u00e4iskansoilla on t\u00e4rke\u00e4 rooli luonnon monimuotoisuuden suojelemisessa. Siit\u00e4kin syyst\u00e4 Greenpeace vaatii heid\u00e4n oikeutensa tunnustamista ja turvaamista Kanadassa t\u00e4n\u00e4\u00e4n alkavassa YK:n luontokokouksessa (CBD COP15).<\/em><\/p>\n\n<figure class=\"wp-block-image size-large\"><img loading=\"lazy\" decoding=\"async\" width=\"1024\" height=\"683\" src=\"https:\/\/www.greenpeace.org\/static\/planet4-finland-stateless\/2019\/06\/594b888e-gp0stqdfa_high_res-1024x683.jpg\" alt=\"Kuvassa alkuper\u00e4iskansaa osoittamassa mielt\u00e4 sek\u00e4 keskustelemassa poliisien kanssa.\" class=\"wp-image-2044\" srcset=\"https:\/\/www.greenpeace.org\/static\/planet4-finland-stateless\/2019\/06\/594b888e-gp0stqdfa_high_res-1024x683.jpg 1024w, https:\/\/www.greenpeace.org\/static\/planet4-finland-stateless\/2019\/06\/594b888e-gp0stqdfa_high_res-300x200.jpg 300w, https:\/\/www.greenpeace.org\/static\/planet4-finland-stateless\/2019\/06\/594b888e-gp0stqdfa_high_res-768x512.jpg 768w, https:\/\/www.greenpeace.org\/static\/planet4-finland-stateless\/2019\/06\/594b888e-gp0stqdfa_high_res-2048x1366.jpg 2048w, https:\/\/www.greenpeace.org\/static\/planet4-finland-stateless\/2019\/06\/594b888e-gp0stqdfa_high_res-510x340.jpg 510w\" sizes=\"auto, (max-width: 1024px) 100vw, 1024px\" \/><figcaption class=\"wp-element-caption\">Alkuper\u00e4iskansaa osoittamassa mielt\u00e4 Brasiliassa 2016. Kuva: Ot\u00e1vio Almeida\/Greenpeace<\/figcaption><\/figure>\n\n<p>Luonnon monimuotoisuuden suojelusta on mahdotonta puhua mainitsematta alkuper\u00e4iskansoja, sanoo Brasilian alkuper\u00e4iskansoista vastaava Greenpeacen koordinaattori <strong>Dinamam Tux\u00e1<\/strong>.<\/p>\n\n<p>\u201dAlkuper\u00e4iskansojen hoitamat alueet ovat suojelluimpia, vaikka me alkuper\u00e4iskansat edustamme pient\u00e4 osaa v\u00e4est\u00f6st\u00e4. J\u00e4\u00e4mme kuitenkin p\u00e4\u00e4t\u00f6ksenteon ulkopuolelle ja vaille oikeuksia alueillamme\u201d, Tux\u00e1 sanoo.<\/p>\n\n<p>Siksi Greenpeace vaatii, ett\u00e4 t\u00e4n\u00e4\u00e4n alkavassa YK:n luontokokouksessa (COP15) valtioiden hallitukset tunnustavat alkuper\u00e4iskansojen oikeudet selke\u00e4sti ja luovat n\u00e4ille nykyist\u00e4 enemm\u00e4n mahdollisuuksia osallistua luonnonsuojeluun.<\/p>\n\n<h2 class=\"wp-block-heading\"><strong>Ainakin 30% maa- ja merialueista suojeltava<\/strong><\/h2>\n\n<p>Greenpeacen mukaan COP15-kokous vaatii onnistuakseen pari muutakin asiaa.&nbsp;<\/p>\n\n<p>Ensinn\u00e4kin kokouksessa on saatava aikaan maailmanlaajuinen tavoite suojella v\u00e4hint\u00e4\u00e4n 30 prosenttia maa- ja 30 prosenttia merialueista vuoteen 2030 menness\u00e4.<\/p>\n\n<p>Toiseksi on p\u00e4\u00e4tett\u00e4v\u00e4 toimenpiteist\u00e4 sek\u00e4 oikeudenmukaisesta rahoittamisesta tavoitteiden toteuttamiseksi.<\/p>\n\n<p>Lis\u00e4ksi kehittyneiden maiden tulee tarjota kehitysmaille v\u00e4hint\u00e4\u00e4n 100 miljardia dollaria vuodessa. Tuen on perustuttava ensisijaisesti julkisiin l\u00e4hteisiin, ja&nbsp; ilmastorahoituksen kaksinkertaista laskemista on v\u00e4ltett\u00e4v\u00e4.<\/p>\n","protected":false},"excerpt":{"rendered":"<p>Alkuper\u00e4iskansoilla on t\u00e4rke\u00e4 rooli luonnon monimuotoisuuden suojelemisessa. Siit\u00e4kin syyst\u00e4 Greenpeace vaatii heid\u00e4n oikeutensa tunnustamista ja turvaamista Kanadassa t\u00e4n\u00e4\u00e4n alkavassa YK:n luontokokouksessa (CBD COP15).<\/p>\n","protected":false},"author":70,"featured_media":2044,"comment_status":"closed","ping_status":"closed","sticky":false,"template":"","format":"standard","meta":{"_improvement_type_select":"improve_an_existing","_thumb_yes_seoaic":false,"_frame_yes_seoaic":false,"seoaic_generate_description":"","seoaic_improve_instructions_prompt":"","seoaic_rollback_content_improvement":"","seoaic_idea_thumbnail_generator":"","thumbnail_generated":false,"thumbnail_generate_prompt":"","seoaic_article_description":"","ep_exclude_from_search":false,"seoaic_article_subtitles":[],"p4_og_title":"","p4_og_description":"","p4_og_image":"","p4_og_image_id":"","p4_seo_canonical_url":"","p4_campaign_name":"not set","p4_local_project":"not set","p4_basket_name":"not set","p4_department":"","footnotes":""},"categories":[31,1,4,3],"tags":[72,70,73,78],"p4-page-type":[14],"class_list":["post-52701","post","type-post","status-publish","format-standard","has-post-thumbnail","hentry","category-greenpeace","category-ilmastonmuutos","category-meret","category-metsat","tag-alkuperaiskansojenoikeudet","tag-luontokato","tag-maailmanmeret","tag-monimuotoisuus","p4-page-type-tiedotteet"],"_links":{"self":[{"href":"https:\/\/www.greenpeace.org\/finland\/wp-json\/wp\/v2\/posts\/52701","targetHints":{"allow":["GET"]}}],"collection":[{"href":"https:\/\/www.greenpeace.org\/finland\/wp-json\/wp\/v2\/posts"}],"about":[{"href":"https:\/\/www.greenpeace.org\/finland\/wp-json\/wp\/v2\/types\/post"}],"author":[{"embeddable":true,"href":"https:\/\/www.greenpeace.org\/finland\/wp-json\/wp\/v2\/users\/70"}],"replies":[{"embeddable":true,"href":"https:\/\/www.greenpeace.org\/finland\/wp-json\/wp\/v2\/comments?post=52701"}],"version-history":[{"count":5,"href":"https:\/\/www.greenpeace.org\/finland\/wp-json\/wp\/v2\/posts\/52701\/revisions"}],"predecessor-version":[{"id":53974,"href":"https:\/\/www.greenpeace.org\/finland\/wp-json\/wp\/v2\/posts\/52701\/revisions\/53974"}],"wp:featuredmedia":[{"embeddable":true,"href":"https:\/\/www.greenpeace.org\/finland\/wp-json\/wp\/v2\/media\/2044"}],"wp:attachment":[{"href":"https:\/\/www.greenpeace.org\/finland\/wp-json\/wp\/v2\/media?parent=52701"}],"wp:term":[{"taxonomy":"category","embeddable":true,"href":"https:\/\/www.greenpeace.org\/finland\/wp-json\/wp\/v2\/categories?post=52701"},{"taxonomy":"post_tag","embeddable":true,"href":"https:\/\/www.greenpeace.org\/finland\/wp-json\/wp\/v2\/tags?post=52701"},{"taxonomy":"p4-page-type","embeddable":true,"href":"https:\/\/www.greenpeace.org\/finland\/wp-json\/wp\/v2\/p4-page-type?post=52701"}],"curies":[{"name":"wp","href":"https:\/\/api.w.org\/{rel}","templated":true}]}}