{"id":52752,"date":"2022-12-14T14:05:01","date_gmt":"2022-12-14T11:05:01","guid":{"rendered":"https:\/\/www.greenpeace.org\/finland\/?p=52752"},"modified":"2023-02-28T12:56:00","modified_gmt":"2023-02-28T09:56:00","slug":"nielutiedot-vahvistuivat-hallituksen-toimettomuus-rikkoo-ilmastolakia","status":"publish","type":"post","link":"https:\/\/www.greenpeace.org\/finland\/tiedotteet\/metsat\/nielutiedot-vahvistuivat-hallituksen-toimettomuus-rikkoo-ilmastolakia\/","title":{"rendered":"Nielutiedot vahvistuivat &#8211; hallituksen toimettomuus rikkoo ilmastolakia"},"content":{"rendered":"\n<p><em>Uudet hiilinielutiedot vahvistavat maank\u00e4ytt\u00f6sektorin muuttuneen p\u00e4\u00e4st\u00f6l\u00e4hteeksi. Samalla vahvistuu valtioneuvoston kiireellinen tarve p\u00e4\u00e4tt\u00e4\u00e4 riitt\u00e4vist\u00e4 toimista hiilinielujen pelastamiseksi, muistuttavat Greenpeace ja Suomen luonnonsuojeluliitto.<\/em><\/p>\n\n<p>Tilastokeskuksen t\u00e4n\u00e4\u00e4n julkaisemat tiedot vuoden 2021 kasvihuonekaasup\u00e4\u00e4st\u00f6ist\u00e4 vahvistavat sen, mink\u00e4 jo tiesimme: Suomen hiilinielu on romahtanut, eik\u00e4 ongelma koske vain yht\u00e4 vuotta. Tarkistettujen tietojen valossa k\u00e4y ilmi, ett\u00e4 nettonielu on pienentynyt jo kokonaisen vuosikymmenen ajan. T\u00e4m\u00e4 aiheuttaa mittavan toimenpidekuilun Suomen ilmastopolitiikkaan, koskien sek\u00e4 EU:n nieluvelvoitetta ett\u00e4 Suomen omaa ilmastolakia.<\/p>\n\n<p>\u201cP\u00e4ivitetyt luvut vahvistavat sen, mink\u00e4 olemme tienneet jo viimeist\u00e4\u00e4n kev\u00e4\u00e4st\u00e4 l\u00e4htien. Metsi\u00e4 on hakattu liikaa samalla, kun metsien kasvu on hidastunut. T\u00e4t\u00e4 my\u00f6t\u00e4 ilmastotavoitteista ollaan j\u00e4\u00e4m\u00e4ss\u00e4 kauas. Korjaavia toimia tarvitaan pian, sek\u00e4 nykyiselt\u00e4 ett\u00e4 tulevalta hallitukselta\u201d, toteaa Greenpeacen ilmastoasiantuntija <strong>Kaisa Kosonen<\/strong>.<\/p>\n\n<p>Greenpeace ja Suomen luonnonsuojeluliitto j\u00e4ttiv\u00e4t korkeimpaan hallinto-oikeuteen 28.11. hallintovalituksen koskien valtioneuvoston menettely\u00e4 asiassa. J\u00e4rjest\u00f6t n\u00e4kev\u00e4t, ett\u00e4 valtioneuvosto on toiminut lainvastaisesti, kun p\u00e4\u00e4t\u00f6st\u00e4 ilmastotavoitteisiin tarvittavista lis\u00e4toimista ei ole ilmastolain pyk\u00e4l\u00e4n 16.1 mukaisesti tehty, vaikka tarve on ollut ilmeinen.<\/p>\n\n<p>Sek\u00e4 ilmastopaneeli ett\u00e4 Suomen ymp\u00e4rist\u00f6keskus ovat kehottaneet hallitusta laatimaan hiilinielujen pelastuspaketin <a href=\"https:\/\/www.eduskunta.fi\/FI\/vaski\/JulkaisuMetatieto\/Documents\/EDK-2022-AK-60872.pdf\">varoittaen<\/a>, ett\u00e4 maank\u00e4ytt\u00f6sektorin nielujen romahtaminen ja korjaavien toimien odottelu ovat tulossa hyvin kalliiksi valtiolle ja veronmaksajille.<\/p>\n\n<p>My\u00f6s valtiovarainministeri\u00f6 painotti viime viikolla <a href=\"https:\/\/julkaisut.valtioneuvosto.fi\/handle\/10024\/164480\">virkamiespuheenvuorossaan<\/a>, ett\u00e4 hiilinielut ovat t\u00e4rke\u00e4 osa ilmastopolitiikkaa, ja niist\u00e4 on pidett\u00e4v\u00e4 huolta ilmastotavoitteisiin p\u00e4\u00e4semiseksi. Ministeri\u00f6n mukaan p\u00e4\u00e4st\u00f6j\u00e4 ja nieluja hinnoittelevien ohjauskeinojen k\u00e4yt\u00f6n edellytyksi\u00e4 nielupolitiikassa tulee selvitt\u00e4\u00e4 nyt pikaisesti.<\/p>\n\n<p>\u201cRyhdyimme oikeustoimiin viimeisen\u00e4 oljenkortena. EU:n ja Suomen lains\u00e4\u00e4d\u00e4nt\u00f6 velvoittaa valtioneuvostoa toimiin ilmastotavoitteidensa saavuttamiseksi. Tutkijat ovat toistuvasti varoittaneet, ett\u00e4 tavoitteista ollaan j\u00e4\u00e4m\u00e4ss\u00e4 ja kehottaneet hallitusta laatimaan nielujen pelastusohjelman. T\u00e4llaista ei kuitenkaan ole n\u00e4hty. N\u00e4emme, ett\u00e4 oikeusvaltiossa meid\u00e4n kansalaisj\u00e4rjest\u00f6jen vastuuna oli vied\u00e4 menettely tuomioistuimen arvioitavaksi, toteaa Suomen luonnonsuojeluliiton suojeluasiantuntija <strong>Hanna Aho<\/strong>.<\/p>\n\n<p>Ilmasto- ja energiapoliittinen ministerity\u00f6ryhm\u00e4 tarkastelee tarvittavia lis\u00e4toimia kokouksessaan keskiviikkona, 21.12. Tarkastelun pohjaksi maa- ja mets\u00e4talousministeri\u00f6 <a href=\"https:\/\/ym.fi\/-\/ilmasto-ja-energiapoliittinen-ministerityoryhma-keskusteli-ilmastotyon-etenemisesta-ja-hiilinielujen-vahvistamisesta\">on tilannut<\/a> Luonnonvarakeskukselta selvityksen nielujen pienentymisen syist\u00e4 sek\u00e4 siit\u00e4, mit\u00e4 se tarkoittaa EU:n LULUCF-velvoitteen n\u00e4k\u00f6kulmasta. Tuo<a href=\"https:\/\/ssl.eventilla.com\/event\/55Gl6\"> selvitys julkaistaan 21.12.<br><br><\/a>\u201cIstuvan hallituksen aika ja ty\u00f6kalut ovat k\u00e4ym\u00e4ss\u00e4 v\u00e4hiin, mik\u00e4 j\u00e4tt\u00e4\u00e4 isoja kysymyksi\u00e4 tulevan hallituksen ratkaistavaksi. P\u00e4\u00e4ministeri Marinin tulisikin nyt n\u00e4ytt\u00e4\u00e4 johtajuutta puolueiden v\u00e4lisen yhteisymm\u00e4rryksen rakentamiseksi p\u00e4\u00e4t\u00f6ksist\u00e4, jotka on teht\u00e4v\u00e4 riippumatta siit\u00e4, kuka tulevassa hallituksessa istuu\u201d, toteaa Kosonen.<\/p>\n\n<p>Edellisten vaalien alla v\u00e4istyv\u00e4 p\u00e4\u00e4ministeri Sipil\u00e4 kutsui eduskuntapuolueet koolle laatimaan yhteisi\u00e4 linjoja ilmastopolitiikasta. <a href=\"https:\/\/valtioneuvosto.fi\/-\/\/10616\/kahdeksan-eduskuntapuoluetta-paatti-yhteisista-ilmastopolitiikan-tavoitteista\">Kahdeksan puolueen ilmastojulistus<\/a> rakensi siltaa tulevaan hallitusohjelmaan. Samaa tarvittaisiin nyt, koskien ilmasto- ja luontotavoitteiden toteutusta.<\/p>\n\n<p>\u201cNumeroiden valossa on selv\u00e4\u00e4, ett\u00e4 hakkuita on v\u00e4ltt\u00e4m\u00e4t\u00f6nt\u00e4 alentaa. Kyse on en\u00e4\u00e4 siit\u00e4, miten. Mets\u00e4nomistajille tarvitaan houkuttelevia ja riitt\u00e4vi\u00e4 kannusteita ja muita ohjauskeinoja. Toisaalta valtion omien metsien k\u00e4ytt\u00f6 tarvitsee vahvaa omistajaohjausta. Nyt olennaista on huolehtia, ett\u00e4 hallitusneuvotteluihin menness\u00e4 puolueilla on mahdollisuus punnita eri vaihtoehtoja ja valita niist\u00e4 sopiva paketti toimia\u201d, toteaa Aho.<\/p>\n\n<p>\u201cKonkreettisia p\u00e4\u00e4t\u00f6ksi\u00e4 tarvitaan yh\u00e4 my\u00f6s t\u00e4lt\u00e4 hallitukselta. Nyt, vihdoin, Sanna Marinin hallitukselta tarvitaan esimerkiksi periaatep\u00e4\u00e4t\u00f6s valtion omien, hakkuu-uhan alla olevien luonnonmetsien suojelemiseksi. Luonto- ja ilmastotavoitteiden yhteispaineet huomioiden t\u00e4m\u00e4 olisi v\u00e4hint\u00e4, mit\u00e4 istuvan hallituksen tulisi valtion omien metsien k\u00e4yt\u00f6st\u00e4 juuri nyt linjata\u201d, toteaa Kosonen.<\/p>\n\n<p><strong>Tausta-aineistoa:<\/strong><br><br><a href=\"https:\/\/www.greenpeace.org\/static\/planet4-finland-stateless\/2022\/11\/e6dcac16-ilmasto-oikeudenkaynti-taustabrief.pdf\">Nielukysymyst\u00e4, hallituksen p\u00e4\u00e4t\u00f6ksi\u00e4 ja oikeudenk\u00e4ynnin sis\u00e4lt\u00f6\u00e4 avaava taustamuistio<\/a><br><a href=\"https:\/\/www.greenpeace.org\/static\/planet4-finland-stateless\/2022\/11\/1ca21a98-ilmastolakivalitus_korkeimmalle_hallinto_oikeudelle28112022-.pdf\">Korkeimpaan hallinto-oikeuteen j\u00e4tetty hallintovalitus<\/a><br><a href=\"https:\/\/www.greenpeace.org\/static\/planet4-finland-stateless\/2022\/11\/8d0224ba-ilmasto_oikeudenkaynti_julkistus_esitys.pdf\">Ilmasto-oikeudenk\u00e4ynnin julkistustilaisuuden esitysdiat<\/a><\/p>\n\n<p><strong>Lis\u00e4tiedot ja haastattelupyynn\u00f6t:<\/strong><br><br>Kaisa Kosonen, ilmastoasiantuntija, Greenpeace<br>050 368 8488<br>kaisa.kosonen@greenpeace.org<br><\/p>\n\n<p>Juuso Janhunen, tiedottaja, Greenpeace<br>0404825541<br>juuso.janhunen@greenpeace.org<\/p>\n","protected":false},"excerpt":{"rendered":"<p>Uudet hiilinielutiedot vahvistavat maank\u00e4ytt\u00f6sektorin muuttuneen p\u00e4\u00e4st\u00f6l\u00e4hteeksi. Samalla vahvistuu valtioneuvoston kiireellinen tarve p\u00e4\u00e4tt\u00e4\u00e4 riitt\u00e4vist\u00e4 toimista hiilinielujen pelastamiseksi, muistuttavat Greenpeace ja Suomen luonnonsuojeluliitto.<\/p>\n","protected":false},"author":30,"featured_media":52755,"comment_status":"closed","ping_status":"closed","sticky":false,"template":"","format":"standard","meta":{"_improvement_type_select":"improve_an_existing","_thumb_yes_seoaic":false,"_frame_yes_seoaic":false,"seoaic_generate_description":"","seoaic_improve_instructions_prompt":"","seoaic_rollback_content_improvement":"","seoaic_idea_thumbnail_generator":"","thumbnail_generated":false,"thumbnail_generate_prompt":"","seoaic_article_description":"","ep_exclude_from_search":false,"seoaic_article_subtitles":[],"p4_og_title":"","p4_og_description":"","p4_og_image":"","p4_og_image_id":"","p4_seo_canonical_url":"","p4_campaign_name":"not set","p4_local_project":"not set","p4_basket_name":"not set","p4_department":"","footnotes":""},"categories":[3],"tags":[79,60,75],"p4-page-type":[14],"class_list":["post-52752","post","type-post","status-publish","format-standard","has-post-thumbnail","hentry","category-metsat","tag-hiilinielu","tag-ilmastopolitiikka","tag-metsateollisuus","p4-page-type-tiedotteet"],"_links":{"self":[{"href":"https:\/\/www.greenpeace.org\/finland\/wp-json\/wp\/v2\/posts\/52752","targetHints":{"allow":["GET"]}}],"collection":[{"href":"https:\/\/www.greenpeace.org\/finland\/wp-json\/wp\/v2\/posts"}],"about":[{"href":"https:\/\/www.greenpeace.org\/finland\/wp-json\/wp\/v2\/types\/post"}],"author":[{"embeddable":true,"href":"https:\/\/www.greenpeace.org\/finland\/wp-json\/wp\/v2\/users\/30"}],"replies":[{"embeddable":true,"href":"https:\/\/www.greenpeace.org\/finland\/wp-json\/wp\/v2\/comments?post=52752"}],"version-history":[{"count":3,"href":"https:\/\/www.greenpeace.org\/finland\/wp-json\/wp\/v2\/posts\/52752\/revisions"}],"predecessor-version":[{"id":53364,"href":"https:\/\/www.greenpeace.org\/finland\/wp-json\/wp\/v2\/posts\/52752\/revisions\/53364"}],"wp:featuredmedia":[{"embeddable":true,"href":"https:\/\/www.greenpeace.org\/finland\/wp-json\/wp\/v2\/media\/52755"}],"wp:attachment":[{"href":"https:\/\/www.greenpeace.org\/finland\/wp-json\/wp\/v2\/media?parent=52752"}],"wp:term":[{"taxonomy":"category","embeddable":true,"href":"https:\/\/www.greenpeace.org\/finland\/wp-json\/wp\/v2\/categories?post=52752"},{"taxonomy":"post_tag","embeddable":true,"href":"https:\/\/www.greenpeace.org\/finland\/wp-json\/wp\/v2\/tags?post=52752"},{"taxonomy":"p4-page-type","embeddable":true,"href":"https:\/\/www.greenpeace.org\/finland\/wp-json\/wp\/v2\/p4-page-type?post=52752"}],"curies":[{"name":"wp","href":"https:\/\/api.w.org\/{rel}","templated":true}]}}