{"id":53106,"date":"2023-01-31T12:22:09","date_gmt":"2023-01-31T09:22:09","guid":{"rendered":"https:\/\/www.greenpeace.org\/finland\/?p=53106"},"modified":"2023-12-20T12:55:30","modified_gmt":"2023-12-20T09:55:30","slug":"viisi-syyta-ryhtya-metsaaktivistiksi","status":"publish","type":"post","link":"https:\/\/www.greenpeace.org\/finland\/blogit\/metsat\/viisi-syyta-ryhtya-metsaaktivistiksi\/","title":{"rendered":"Viisi syyt\u00e4 ryhty\u00e4 mets\u00e4aktivistiksi"},"content":{"rendered":"\n<figure class=\"wp-block-image size-large\"><img loading=\"lazy\" decoding=\"async\" width=\"1024\" height=\"691\" src=\"https:\/\/www.greenpeace.org\/static\/planet4-finland-stateless\/2023\/01\/e46a63ba-metsaaktivistin-opas-julkkarit-fb-cover-1024x691.png\" title=\"Mets\u00e4aktivistin oppaan kansi.\" alt=\"Kuvassa teksti &quot;Mets\u00e4-aktivistin opas&quot;, jonka taustalla on kuva kauniista mets\u00e4maisemasta.\" class=\"wp-image-53107\" srcset=\"https:\/\/www.greenpeace.org\/static\/planet4-finland-stateless\/2023\/01\/e46a63ba-metsaaktivistin-opas-julkkarit-fb-cover-1024x691.png 1024w, https:\/\/www.greenpeace.org\/static\/planet4-finland-stateless\/2023\/01\/e46a63ba-metsaaktivistin-opas-julkkarit-fb-cover-300x203.png 300w, https:\/\/www.greenpeace.org\/static\/planet4-finland-stateless\/2023\/01\/e46a63ba-metsaaktivistin-opas-julkkarit-fb-cover-768x519.png 768w, https:\/\/www.greenpeace.org\/static\/planet4-finland-stateless\/2023\/01\/e46a63ba-metsaaktivistin-opas-julkkarit-fb-cover-1536x1037.png 1536w, https:\/\/www.greenpeace.org\/static\/planet4-finland-stateless\/2023\/01\/e46a63ba-metsaaktivistin-opas-julkkarit-fb-cover-2048x1383.png 2048w, https:\/\/www.greenpeace.org\/static\/planet4-finland-stateless\/2023\/01\/e46a63ba-metsaaktivistin-opas-julkkarit-fb-cover-2023x1366.png 2023w, https:\/\/www.greenpeace.org\/static\/planet4-finland-stateless\/2023\/01\/e46a63ba-metsaaktivistin-opas-julkkarit-fb-cover-504x340.png 504w\" sizes=\"auto, (max-width: 1024px) 100vw, 1024px\" \/><\/figure>\n\n<p>Julkaisemme torstaina 2.2. Mets\u00e4aktivistin oppaan, johon on koottu eri kirjoittajien k\u00e4yt\u00e4nn\u00f6n tietoa ja vinkkej\u00e4 metsien suojelemiseksi. Oppaan avulla kuka tahansa voi vaikuttaa l\u00e4hialueensa metsien suojeluun tai tulla mukaan mets\u00e4aktiiviksi Mets\u00e4liikkeeseen.<br><br>Oppaan julkkareita vietet\u00e4\u00e4n Helsingiss\u00e4 <a href=\"https:\/\/www.facebook.com\/events\/554196473085004\">Tenho Restobarissa<\/a> (Helsinginkatu 15) klo 16.30 eteenp\u00e4in. Tule paikan p\u00e4\u00e4lle juhlistamaan opasta jos olet Helsingiss\u00e4!<br><br>Miksi opasta sitten tarvitaan? T\u00e4ss\u00e4 viisi syyt\u00e4 ryhty\u00e4 mets\u00e4aktivistiksi:<\/p>\n\n<h2 class=\"wp-block-heading\">1. <strong>Mets\u00e4aktivismi toimii<\/strong><\/h2>\n\n<p>Mets\u00e4aktivismin tulokset ovat parhaimmillaan todella konkreettisia. L\u00e4himets\u00e4 suojellaan. H\u00f6m\u00f6tiaisen kotipuuta ei kaadeta. Kansallispuistoja on perustettu, ja valtavasti arvokasta mets\u00e4\u00e4 on s\u00e4\u00e4stynyt tuholta mets\u00e4aktivismin my\u00f6t\u00e4.&nbsp;<\/p>\n\n<p>T\u00e4ll\u00e4kin hetkell\u00e4 monet mets\u00e4yhti\u00f6iden ja valtion suunnittelemista luonnonmetsien hakkuista ovat j\u00e4iss\u00e4 vain siksi, ett\u00e4 vapaaehtoiset ovat valvoneet yhti\u00f6iden toimintaa ja toimineet sek\u00e4 neuvotelleet metsien s\u00e4\u00e4st\u00e4misen puolesta. Vuosien saatossa aktivismi on tuonut suojelun piiriin tuhansia ja tuhansia hehtaareja metsi\u00e4, joiden monimuotoinen, rikas mets\u00e4luonto olisi muuten tuhottu.<\/p>\n\n<h2 class=\"wp-block-heading\">2. <strong>Suomeen tarvitaan paljon lis\u00e4\u00e4 suojelua: 500 000 hehtaaria valtion maita pit\u00e4\u00e4 suojella pian<\/strong><\/h2>\n\n<p>Suomi on sitoutunut pys\u00e4ytt\u00e4m\u00e4\u00e4n luontokadon niin YK:n biodiversiteettisopimuksessa kuin EU:ssa sovituissa tavoitteissa. Suomi on sitoutunut suojelemaan 30 prosenttia maa-alueista, josta 10 prosenttia tiukasti, mukaan lukien kaikki j\u00e4ljell\u00e4 olevat vanhat ja luonnontilaiset mets\u00e4t.<\/p>\n\n<p>Suomen <a href=\"https:\/\/www.lausuntopalvelu.fi\/FI\/Proposal\/Participation?proposalId=ef02b76f-1dc3-46f4-883a-3b3e2f526eff\">kansallisen luonnon monimuotoisuusstrategian luonnoksen<\/a> mukaan suojellun mets\u00e4maan pinta-alan kasvattaminen 10 prosenttiin edellytt\u00e4isi noin 630 000 hehtaarin lis\u00e4suojelua, mist\u00e4 noin 100 000 hehtaaria voisi kohdistua yksityismaille ja hieman yli 500 000 hehtaaria valtion maille.&nbsp;<\/p>\n\n<p>Etenkin Etel\u00e4-Suomessa suojelun toteutuminen vaatii muidenkin kuin vanhojen luonnonmetsien suojelua. My\u00f6s talousmetsist\u00e4 osa tulisi suojella. Yksityismaiden metsien suojelun rahoitusta pit\u00e4isi nostaa tuntuvasti, jotta mets\u00e4nomistajilla olisi tarjolla tarpeeksi vaihtoehtoja nykyiselle mets\u00e4nk\u00e4yt\u00f6lle.<\/p>\n\n<figure class=\"wp-block-image size-large\"><img loading=\"lazy\" decoding=\"async\" width=\"1024\" height=\"713\" src=\"https:\/\/www.greenpeace.org\/static\/planet4-finland-stateless\/2023\/01\/fa6f6406-z715670-1024x713.jpg\" title=\"Mets\u00e4liikkeen aktivisteja mets\u00e4tiell\u00e4 pitelee kirjainkylttej\u00e4, jotka muodostavat sanan mets\u00e4liike. Yl\u00e4puolelle puiden runkoihin on viritetty banderolli, jossa lukee &quot;Luontokato seis!&quot;.\" alt=\"Mets\u00e4liike osoittamassa mielt\u00e4 Lapinj\u00e4rvell\u00e4. Taustalla n\u00e4kyy puihin kiinnitetty banderolli, jossa teksti &quot;LUONTOKATO SEIS&quot;.\" class=\"wp-image-53108\" srcset=\"https:\/\/www.greenpeace.org\/static\/planet4-finland-stateless\/2023\/01\/fa6f6406-z715670-1024x713.jpg 1024w, https:\/\/www.greenpeace.org\/static\/planet4-finland-stateless\/2023\/01\/fa6f6406-z715670-300x209.jpg 300w, https:\/\/www.greenpeace.org\/static\/planet4-finland-stateless\/2023\/01\/fa6f6406-z715670-768x534.jpg 768w, https:\/\/www.greenpeace.org\/static\/planet4-finland-stateless\/2023\/01\/fa6f6406-z715670-1536x1069.jpg 1536w, https:\/\/www.greenpeace.org\/static\/planet4-finland-stateless\/2023\/01\/fa6f6406-z715670-489x340.jpg 489w, https:\/\/www.greenpeace.org\/static\/planet4-finland-stateless\/2023\/01\/fa6f6406-z715670.jpg 1920w\" sizes=\"auto, (max-width: 1024px) 100vw, 1024px\" \/><figcaption class=\"wp-element-caption\"><em>Mets\u00e4liike osoittamassa mielt\u00e4 Lapinj\u00e4rven lintumets\u00e4n hakkuita vastaan pari viikkoa sitten. Mets\u00e4hallitus on aikeissa avohakata yhden Uudenmaan arvokkaimmista lintumetsist\u00e4. Kuva: Mauri Leivo.<\/em><\/figcaption><\/figure>\n\n<h2 class=\"wp-block-heading\">3. <strong>Metsien suojelu on my\u00f6s ilmastokysymys<\/strong><\/h2>\n\n<p>Viime kes\u00e4n\u00e4 Suomen hiilinielujen uutisoitiin romahtaneen ja asialle saatiin vahvistus joulukuussa, <a href=\"https:\/\/www.greenpeace.org\/finland\/tiedotteet\/metsat\/nielutiedot-vahvistuivat-hallituksen-toimettomuus-rikkoo-ilmastolakia\/\">Luken hiilinielulukujen valmistuttua<\/a>. P\u00e4\u00e4syy nielujen romahtamiseen on korkeissa hakkuutasoissa ja puuston kasvun hidastumisessa. Metsien k\u00e4ytt\u00f6 ei siis ole ilmaston kannalta kest\u00e4v\u00e4ll\u00e4 tasolla, eik\u00e4 valtio ole tehnyt ehdotuksia tarpeeksi merkitt\u00e4vist\u00e4 lis\u00e4toimenpiteist\u00e4, jotta tilanne korjautuisi. T\u00e4m\u00e4n vuoksi <a href=\"https:\/\/www.greenpeace.org\/finland\/blogit\/ilmastonmuutos\/suomen-ensimmainen-ilmasto-oikeudenkaynti-mista-siina-on-kyse\/\">haastoimme valtion oikeuteen marraskuussa<\/a>.<br><br>Mets\u00e4sektorin on kannettava oma osuutensa ilmastoimista ja vastuunsa hiilinielujen romahtamisesta. Lis\u00e4suojelu olisi tehokas tapa korjata tilannetta ja varmistaisi, ett\u00e4 p\u00e4\u00e4st\u00f6v\u00e4hennyksist\u00e4 koituvat kustannukset jakautuisivat oikeudenmukaisesti eri sektoreiden kesken.<\/p>\n\n<h2 class=\"wp-block-heading\">4. <strong>Enemmist\u00f6 suomalaisista haluaa lis\u00e4\u00e4 suojelualueita ja v\u00e4hemm\u00e4n hakkuita<\/strong><\/h2>\n\n<p>Ylen tekem\u00e4n kyselyn mukaan jopa 80 prosenttia suomalaisista <a href=\"https:\/\/yle.fi\/a\/3-12477282\">haluaa<\/a> lis\u00e4\u00e4 suojelualueita.&nbsp;64 prosenttia suomalaisista <a href=\"https:\/\/www.greenpeace.org\/finland\/tiedotteet\/49976\/64-prosenttia-suomalaisista-suojelisi-luonnonmetsat-viipymatta-ymparistojarjestojen-metsakyselyn-tulokset-tukevat-tutkijoiden-viestia\/\">suojelisi<\/a> luonnonmets\u00e4t viipym\u00e4tt\u00e4, 77 prosenttia suomalaisista haluaa <a href=\"https:\/\/yle.fi\/uutiset\/3-10785799\">rajoittaa<\/a> avohakkuita, 53 prosenttia suomalaisista haluaa ylip\u00e4\u00e4t\u00e4\u00e4n <a href=\"https:\/\/www.hs.fi\/kotimaa\/art-2000009014337.html\">v\u00e4hent\u00e4\u00e4<\/a> metsien hakkuita ja 61 prosenttia <a href=\"https:\/\/www.upm.com\/siteassets\/documents\/responsibility\/5-forests\/metsakeskustelu\/upm-kansalaiskysely-2020.pdf\">ajattelee<\/a>, ett\u00e4 t\u00e4rkein seikka metsiin liittyv\u00e4ss\u00e4 p\u00e4\u00e4t\u00f6ksenteossa on luonnon monimuotoisuus ja biodiversiteetti.<\/p>\n\n<p>T\u00e4m\u00e4 ei valitettavasti n\u00e4y mets\u00e4politiikassa. Hakkuut kasvavat, ja suojelun mittakaava pysyy aivan liian pienen\u00e4 hakkuisiin verrattuna.<\/p>\n\n<h2 class=\"wp-block-heading\">5. <strong>Olemme vaarassa menett\u00e4\u00e4 arvokkaat mets\u00e4t hakkuille ennen kuin suojelup\u00e4\u00e4t\u00f6kset saadaan tehty\u00e4<\/strong><\/h2>\n\n<p>Suomen sitoutuminen luontokadon pys\u00e4ytt\u00e4miseen ei n\u00e4y p\u00e4\u00e4t\u00f6ksenteossa. Vanhoja ja arvokkaita luonnonmetsi\u00e4 h\u00e4vi\u00e4\u00e4 hakkuiden my\u00f6t\u00e4 Suomessa edelleen: viimeksi viime viikolla aktivistit <a href=\"https:\/\/www.greenpeace.org\/finland\/tiedotteet\/metsat\/metsaliike-haluaa-estaa-lapinjarven-valtionmetsan-tulevat-hakkuut-puihin-ripustetaan-puoli-kilometria-koytta\/\">osoittivat mielt\u00e4\u00e4n<\/a> it\u00e4isell\u00e4 Uudellamaalla valtion arvokkaaseen lintumets\u00e4\u00e4n suunniteltuja hakkuita vastaan.<\/p>\n\n<p>Edes valtion mailla sijaitsevia viimeisi\u00e4 luonnonmetsi\u00e4 ei ole saatu viel\u00e4 suojeltua. Viimeisten luonnonmetsien suojelun lis\u00e4ksi jatkossa on suojeltava laajempia kokonaisuuksia mets\u00e4\u00e4, jotta 10 prosentin suojelutavoitteeseen p\u00e4\u00e4st\u00e4\u00e4n. T\u00e4ll\u00f6in j\u00e4rkevint\u00e4 olisi suojella valtion maita aiempien suojelualueiden l\u00e4heisyydess\u00e4, kuten Aalistunturilla. Valitettavasti <a href=\"https:\/\/areena.yle.fi\/1-64966162\">valtio hakkaa<\/a> paraikaa Aalistunturilla mink\u00e4 ehtii, vaikka alueelle tehty\u00e4 kansallispuistoesityst\u00e4 ei ole viel\u00e4 k\u00e4sitelty. Tarvitaan siis toimintaa.<\/p>\n\n<p><strong>Liity joukkoomme: t\u00e4ss\u00e4 on konkreettinen tapa suojella luonnon monimuotoisuutta ja hidastaa ilmastokriisi\u00e4. Viime vuonna mets\u00e4liike koulutti 300 uutta mets\u00e4aktivistia.<\/strong> <strong>Tehd\u00e4\u00e4n Suomeen 1000 uutta metsien puolustajaa!<\/strong><\/p>\n","protected":false},"excerpt":{"rendered":"<p>Julkaisemme Mets\u00e4aktivistin oppaan, johon on koottu eri kirjoittajien k\u00e4yt\u00e4nn\u00f6n tietoa ja vinkkej\u00e4 metsien suojelemiseksi. Miksi opasta sitten tarvitaan? T\u00e4ss\u00e4 viisi syyt\u00e4 ryhty\u00e4 mets\u00e4aktivistiksi.<\/p>\n","protected":false},"author":33,"featured_media":53107,"comment_status":"closed","ping_status":"closed","sticky":false,"template":"","format":"standard","meta":{"_improvement_type_select":"improve_an_existing","_thumb_yes_seoaic":false,"_frame_yes_seoaic":false,"seoaic_generate_description":"","seoaic_improve_instructions_prompt":"","seoaic_rollback_content_improvement":"","seoaic_idea_thumbnail_generator":"","thumbnail_generated":false,"thumbnail_generate_prompt":"","seoaic_article_description":"","ep_exclude_from_search":false,"seoaic_article_subtitles":[],"p4_og_title":"","p4_og_description":"","p4_og_image":"","p4_og_image_id":"","p4_seo_canonical_url":"","p4_campaign_name":"not set","p4_local_project":"not set","p4_basket_name":"not set","p4_department":"","footnotes":""},"categories":[3],"tags":[79,70,71],"p4-page-type":[16],"class_list":["post-53106","post","type-post","status-publish","format-standard","has-post-thumbnail","hentry","category-metsat","tag-hiilinielu","tag-luontokato","tag-suojellaanmetsat","p4-page-type-blogit"],"_links":{"self":[{"href":"https:\/\/www.greenpeace.org\/finland\/wp-json\/wp\/v2\/posts\/53106","targetHints":{"allow":["GET"]}}],"collection":[{"href":"https:\/\/www.greenpeace.org\/finland\/wp-json\/wp\/v2\/posts"}],"about":[{"href":"https:\/\/www.greenpeace.org\/finland\/wp-json\/wp\/v2\/types\/post"}],"author":[{"embeddable":true,"href":"https:\/\/www.greenpeace.org\/finland\/wp-json\/wp\/v2\/users\/33"}],"replies":[{"embeddable":true,"href":"https:\/\/www.greenpeace.org\/finland\/wp-json\/wp\/v2\/comments?post=53106"}],"version-history":[{"count":10,"href":"https:\/\/www.greenpeace.org\/finland\/wp-json\/wp\/v2\/posts\/53106\/revisions"}],"predecessor-version":[{"id":55965,"href":"https:\/\/www.greenpeace.org\/finland\/wp-json\/wp\/v2\/posts\/53106\/revisions\/55965"}],"wp:featuredmedia":[{"embeddable":true,"href":"https:\/\/www.greenpeace.org\/finland\/wp-json\/wp\/v2\/media\/53107"}],"wp:attachment":[{"href":"https:\/\/www.greenpeace.org\/finland\/wp-json\/wp\/v2\/media?parent=53106"}],"wp:term":[{"taxonomy":"category","embeddable":true,"href":"https:\/\/www.greenpeace.org\/finland\/wp-json\/wp\/v2\/categories?post=53106"},{"taxonomy":"post_tag","embeddable":true,"href":"https:\/\/www.greenpeace.org\/finland\/wp-json\/wp\/v2\/tags?post=53106"},{"taxonomy":"p4-page-type","embeddable":true,"href":"https:\/\/www.greenpeace.org\/finland\/wp-json\/wp\/v2\/p4-page-type?post=53106"}],"curies":[{"name":"wp","href":"https:\/\/api.w.org\/{rel}","templated":true}]}}