{"id":53150,"date":"2023-02-02T16:25:08","date_gmt":"2023-02-02T13:25:08","guid":{"rendered":"https:\/\/www.greenpeace.org\/finland\/?p=53150"},"modified":"2023-12-20T12:54:53","modified_gmt":"2023-12-20T09:54:53","slug":"paatos-metsien-lisasuojelusta-rohkaiseva-askel-matkalla-kohti-valtion-luonnonmetsien-tayssuojelua","status":"publish","type":"post","link":"https:\/\/www.greenpeace.org\/finland\/tiedotteet\/metsat\/paatos-metsien-lisasuojelusta-rohkaiseva-askel-matkalla-kohti-valtion-luonnonmetsien-tayssuojelua\/","title":{"rendered":"P\u00e4\u00e4t\u00f6s metsien lis\u00e4suojelusta rohkaiseva askel matkalla kohti valtion luonnonmetsien t\u00e4yssuojelua"},"content":{"rendered":"\n<figure class=\"wp-block-image size-large\"><img loading=\"lazy\" decoding=\"async\" width=\"1024\" height=\"580\" src=\"https:\/\/www.greenpeace.org\/static\/planet4-finland-stateless\/2023\/02\/291a09e5-kivijarvi_joni-matti_kusmin_9-1024x580.jpg\" title=\"J\u00e4rvimaisemaa Kivij\u00e4rvell\u00e4.\" alt=\"Kuvassa mets\u00e4maisemaa j\u00e4rven rannalla Kivij\u00e4rvell\u00e4 Kuusamossa.\" class=\"wp-image-53151\" srcset=\"https:\/\/www.greenpeace.org\/static\/planet4-finland-stateless\/2023\/02\/291a09e5-kivijarvi_joni-matti_kusmin_9-1024x580.jpg 1024w, https:\/\/www.greenpeace.org\/static\/planet4-finland-stateless\/2023\/02\/291a09e5-kivijarvi_joni-matti_kusmin_9-300x170.jpg 300w, https:\/\/www.greenpeace.org\/static\/planet4-finland-stateless\/2023\/02\/291a09e5-kivijarvi_joni-matti_kusmin_9-768x435.jpg 768w, https:\/\/www.greenpeace.org\/static\/planet4-finland-stateless\/2023\/02\/291a09e5-kivijarvi_joni-matti_kusmin_9-1536x869.jpg 1536w, https:\/\/www.greenpeace.org\/static\/planet4-finland-stateless\/2023\/02\/291a09e5-kivijarvi_joni-matti_kusmin_9-510x289.jpg 510w, https:\/\/www.greenpeace.org\/static\/planet4-finland-stateless\/2023\/02\/291a09e5-kivijarvi_joni-matti_kusmin_9.jpg 2000w\" sizes=\"auto, (max-width: 1024px) 100vw, 1024px\" \/><figcaption class=\"wp-element-caption\"> Avohakkuun uhkaama Kuusamon Kivij\u00e4rven luonnonmets\u00e4 saatiin vihdoin pysyv\u00e4\u00e4n suojeluun. Kuva: Joni-Matti Kusmin.<\/figcaption><\/figure>\n\n<p><em>Ymp\u00e4rist\u00f6ministeri Maria Ohisalo kertoi t\u00e4n\u00e4\u00e4n 30 000 hehtaarin lis\u00e4suojelusta valtionmailla. Pysyv\u00e4sti suojellaan esimerkiksi Ouluj\u00e4rven saaret, joiden hakkuusuunnitelmat peruuntuivat Greenpeacen ja muiden ymp\u00e4rist\u00f6j\u00e4rjest\u00f6jen pitk\u00e4j\u00e4nteisen ty\u00f6n my\u00f6t\u00e4. P\u00e4\u00e4t\u00f6s metsien lis\u00e4suojelusta on t\u00e4rke\u00e4 askel oikeaan suuntaan.<\/em><\/p>\n\n<p>\u201cT\u00e4m\u00e4 on rohkaiseva askel ja osoittaa, ett\u00e4 p\u00e4\u00e4t\u00f6ksi\u00e4 valtion maiden suojelusta voidaan tehd\u00e4. Suojeltavien kohteiden joukossa on monia hakkuiden t\u00e4h\u00e4n asti uhkaamia hienoja luonnonmetsi\u00e4, mutta my\u00f6s paljon jo k\u00e4yt\u00e4nn\u00f6ss\u00e4 hakkuiden ulkopuolelle p\u00e4\u00e4tettyj\u00e4 kohteita ja taloudellisesti v\u00e4hempiarvoisia niukkapuustoisia kohteita. Ty\u00f6 siis jatkuu\u201d, sanoo Greenpeacen mets\u00e4asiantuntija <strong>Matti Liimatainen<\/strong>.<\/p>\n\n<p>Suojeltaviin kohteisiin kuuluu monta t\u00e4h\u00e4n asti hakkuiden uhkaamaa mets\u00e4\u00e4, joiden pysyv\u00e4\u00e4 suojelua ymp\u00e4rist\u00f6j\u00e4rjest\u00f6t ovat ajaneet: esimerkiksi <a href=\"https:\/\/metsat.greenpeace.fi\/blog\/metsaehallituksen-oulujaerven-hakkuualueilta-loeytyi-runsaasti-uhanalaisia-lajeja\">Ouluj\u00e4rven saarten mets\u00e4t<\/a>, <a href=\"https:\/\/metsat.greenpeace.fi\/kivijaervi-kuusamo\">Kuusamon Kivij\u00e4rven luonnonmets\u00e4<\/a>, <a href=\"https:\/\/metsat.greenpeace.fi\/tuntsa-salla\">Sallan Tuntsan luonnonmets\u00e4t<\/a> ja <a href=\"https:\/\/metsat.greenpeace.fi\/raitiojaenkae-sodankylae\">Sodankyl\u00e4n Raitioj\u00e4nk\u00e4n luonnonmets\u00e4<\/a> sek\u00e4 vanhoja metsi\u00e4 Suomussalmen Riuskanselkosen alueella.<\/p>\n\n<p>\u201cNyt suojellaan pysyv\u00e4sti esimerkiksi Ouluj\u00e4rven saarien arvokkaat mets\u00e4t, jotka Mets\u00e4hallitus oli aikeissa hakata vuonna 2017. Suojelu vaati niin oikeusprosesseja kuin varautumisen hakkuiden est\u00e4miseen paikanp\u00e4\u00e4ll\u00e4\u201d, Matti Liimatainen sanoo.<\/p>\n\n<p>Paljon arvokasta mets\u00e4\u00e4 j\u00e4\u00e4 kuitenkin viel\u00e4 valtion mailla suojelematta. Ymp\u00e4rist\u00f6j\u00e4rjest\u00f6t ovat tuoneet johdonmukaisesti esiin <a href=\"https:\/\/www.greenpeace.org\/finland\/tiedotteet\/metsat\/uusi-raportti-valtion-mailta-loytyi-suojelematonta-arvometsaa-raaseporista-yllakselle-osa-akuutin-hakkuu-uhan-alla\/\">valtionmailla sijaitsevien luonnonmetsien suojelun tarvetta<\/a>. My\u00f6s EU:n biodiversiteettistrategia ohjaa Suomessa kohti voimakasta lis\u00e4suojelua. Luonnonmetsi\u00e4 on viime vuodet kartoitettu Koneen S\u00e4\u00e4ti\u00f6n rahoittaman Luonnonmets\u00e4-ty\u00f6ryhm\u00e4n asiantuntijaty\u00f6n\u00e4.<\/p>\n\n<p>\u201cSeuraavan hallituksen on teht\u00e4v\u00e4 p\u00e4\u00e4t\u00f6s kaikkien valtion luonnonmetsien suojelusta. Kaiken kaikkiaan valtionmailta on saatava lis\u00e4suojeluun biodiversiteettistrategian luonnoksesssa esitetty 500 000 mets\u00e4hehtaaria, jotta saavutamme kymmenen prosentin suojelutavoitteen\u201d, Matti Liimatainen sanoo.<\/p>\n\n<p>Esimerkkej\u00e4 suojelemattomista luonnonmets\u00e4kohteista valtion mailla l\u00f6ytyy <a href=\"https:\/\/metsat.greenpeace.fi\/pages\/110_metsaa\">t\u00e4\u00e4lt\u00e4<\/a> sek\u00e4 Luonnomets\u00e4ty\u00f6ryhm\u00e4n <a href=\"https:\/\/twitter.com\/LTyoryhma\">seurannasta<\/a>.<\/p>\n\n<p><strong>Lis\u00e4tiedot:<\/strong><br><br>Matti Liimatainen<br>Mets\u00e4asiantuntija<br>Greenpeace<br>0400 346 329<br><a href=\"mailto:matti.liimatainen@greenpeace.org\">matti.liimatainen<\/a>@greenpeace.org<br><br>Touko Sipil\u00e4inen<br>Maajohtaja<br>Greenpeace<br>044 239 4404<br>touko.sipilainen@greenpeace.org<\/p>\n","protected":false},"excerpt":{"rendered":"<p>Ymp\u00e4rist\u00f6ministeri Maria Ohisalo kertoi t\u00e4n\u00e4\u00e4n 30 000 hehtaarin lis\u00e4suojelusta valtionmailla. Pysyv\u00e4sti suojellaan esimerkiksi Ouluj\u00e4rven saaret, joiden hakkuusuunnitelmat peruuntuivat Greenpeacen ja muiden ymp\u00e4rist\u00f6j\u00e4rjest\u00f6jen pitk\u00e4j\u00e4nteisen ty\u00f6n my\u00f6t\u00e4.<\/p>\n","protected":false},"author":33,"featured_media":53151,"comment_status":"closed","ping_status":"closed","sticky":false,"template":"","format":"standard","meta":{"_improvement_type_select":"improve_an_existing","_thumb_yes_seoaic":false,"_frame_yes_seoaic":false,"seoaic_generate_description":"","seoaic_improve_instructions_prompt":"","seoaic_rollback_content_improvement":"","seoaic_idea_thumbnail_generator":"","thumbnail_generated":false,"thumbnail_generate_prompt":"","seoaic_article_description":"","ep_exclude_from_search":false,"seoaic_article_subtitles":[],"p4_og_title":"","p4_og_description":"","p4_og_image":"","p4_og_image_id":"","p4_seo_canonical_url":"","p4_campaign_name":"not set","p4_local_project":"not set","p4_basket_name":"not set","p4_department":"","footnotes":""},"categories":[3],"tags":[6,71],"p4-page-type":[14],"class_list":["post-53150","post","type-post","status-publish","format-standard","has-post-thumbnail","hentry","category-metsat","tag-luonnonmetsa","tag-suojellaanmetsat","p4-page-type-tiedotteet"],"_links":{"self":[{"href":"https:\/\/www.greenpeace.org\/finland\/wp-json\/wp\/v2\/posts\/53150","targetHints":{"allow":["GET"]}}],"collection":[{"href":"https:\/\/www.greenpeace.org\/finland\/wp-json\/wp\/v2\/posts"}],"about":[{"href":"https:\/\/www.greenpeace.org\/finland\/wp-json\/wp\/v2\/types\/post"}],"author":[{"embeddable":true,"href":"https:\/\/www.greenpeace.org\/finland\/wp-json\/wp\/v2\/users\/33"}],"replies":[{"embeddable":true,"href":"https:\/\/www.greenpeace.org\/finland\/wp-json\/wp\/v2\/comments?post=53150"}],"version-history":[{"count":4,"href":"https:\/\/www.greenpeace.org\/finland\/wp-json\/wp\/v2\/posts\/53150\/revisions"}],"predecessor-version":[{"id":53939,"href":"https:\/\/www.greenpeace.org\/finland\/wp-json\/wp\/v2\/posts\/53150\/revisions\/53939"}],"wp:featuredmedia":[{"embeddable":true,"href":"https:\/\/www.greenpeace.org\/finland\/wp-json\/wp\/v2\/media\/53151"}],"wp:attachment":[{"href":"https:\/\/www.greenpeace.org\/finland\/wp-json\/wp\/v2\/media?parent=53150"}],"wp:term":[{"taxonomy":"category","embeddable":true,"href":"https:\/\/www.greenpeace.org\/finland\/wp-json\/wp\/v2\/categories?post=53150"},{"taxonomy":"post_tag","embeddable":true,"href":"https:\/\/www.greenpeace.org\/finland\/wp-json\/wp\/v2\/tags?post=53150"},{"taxonomy":"p4-page-type","embeddable":true,"href":"https:\/\/www.greenpeace.org\/finland\/wp-json\/wp\/v2\/p4-page-type?post=53150"}],"curies":[{"name":"wp","href":"https:\/\/api.w.org\/{rel}","templated":true}]}}