{"id":53842,"date":"2023-04-17T21:44:46","date_gmt":"2023-04-17T18:44:46","guid":{"rendered":"https:\/\/www.greenpeace.org\/finland\/?p=53842"},"modified":"2023-04-18T09:08:34","modified_gmt":"2023-04-18T06:08:34","slug":"tsekkaa-puolueiden-vastauksista-orpolle-ainakin-nama","status":"publish","type":"post","link":"https:\/\/www.greenpeace.org\/finland\/blogit\/ilmastonmuutos\/tsekkaa-puolueiden-vastauksista-orpolle-ainakin-nama\/","title":{"rendered":"Tsekkaa puolueiden vastauksista Orpolle ainakin n\u00e4m\u00e4"},"content":{"rendered":"\n<p><strong><em>Uuden hallituksen muodostaminen l\u00e4hti liikkeelle perjantaina, kun hallitustunnustelija Petteri Orpo l\u00e4hetti puolueille 24 kysymyst\u00e4. Puolueiden vastaukset avaavat n\u00e4kym\u00e4\u00e4 Suomen tulevaan suuntaan. Mit\u00e4 puolueiden vastauksista kannattaa ainakin tsekata, kun ne tiistaina klo 12 j\u00e4lkeen julkaistaan? Alla viiden kohdan t\u00e4rppilistamme.<\/em><\/strong><\/p>\n\n<h2 class=\"wp-block-heading\"><strong>1. Vihre\u00e4 siirtym\u00e4 ratkaisujen ytimess\u00e4 vai sivuroolissa?<\/strong><\/h2>\n\n<p>Suomen talousel\u00e4m\u00e4n viesti on nyt harvinaisen vahva ja laaja: vihre\u00e4 siirtym\u00e4 on Suomelle <a href=\"https:\/\/clc.fi\/fi\/jattipotti\/\">kaikkien aikojen j\u00e4ttipotti<\/a> \u2013 talouden, ty\u00f6llisyyden ja hyvinvoinnin mahdollistaja \u2013 kunhan p\u00e4\u00e4tt\u00e4j\u00e4t eiv\u00e4t tyri vaan pit\u00e4v\u00e4t muutoksen ajurit, erityisesti vahvan <a href=\"https:\/\/www.hs.fi\/politiikka\/art-2000009514901.html\">hiilineutraali 2035 -ilmastotavoitteen voimassa<\/a>.<\/p>\n\n<p>My\u00f6s ministeri\u00f6iden korkeimmat virkamiehet, <a href=\"https:\/\/julkaisut.valtioneuvosto.fi\/handle\/10024\/164608\">ev\u00e4st\u00e4ess\u00e4\u00e4n<\/a> tulevaa hallitusta, nostivat t\u00e4rkeimm\u00e4ksi viestikseen: \u201c1. vihre\u00e4ss\u00e4 siirtym\u00e4ss\u00e4 on edett\u00e4v\u00e4 nopeasti\u201d.<\/p>\n\n<p>Kansliap\u00e4\u00e4llik\u00f6t korostivat, ett\u00e4 hiilineutraali 2035 -tavoitteesta ja luonnon monimuotoisuustavoitteesta on<strong> ensiarvoisen t\u00e4rke\u00e4\u00e4<\/strong> pit\u00e4\u00e4 kiinni. Kiertotaloudesta olisi teht\u00e4v\u00e4 talouden valtavirtaa ja vihre\u00e4\u00e4n siirtym\u00e4\u00e4n olisi investoitava 3-8 mrd vuodessa seuraavien 30 vuoden ajan.<\/p>\n\n<p><strong><em>Onkin kiinnostavaa n\u00e4hd\u00e4, onko vihre\u00e4 siirtym\u00e4 puolueilla ratkaisujen ytimess\u00e4, <\/em><\/strong>kun kysyt\u00e4\u00e4n taloudesta, ty\u00f6llisyydest\u00e4 ja keskeisist\u00e4 yhteiskunnallisista muutoksista.<\/p>\n\n<p>Perussuomalaisten Riikka Purran <a href=\"https:\/\/twitter.com\/ir_rkp\/status\/1647111803132936193\">mielest\u00e4<\/a> Suomen ilmastotavoitteen t\u00e4rkeyden hehkutuksessa ei viel\u00e4k\u00e4\u00e4n p\u00e4\u00e4st\u00e4 konkretiaan. Kummallinen v\u00e4ite. Esimerkiksi Elinkeinoel\u00e4m\u00e4n keskusliiton <a href=\"https:\/\/ek.fi\/ajankohtaista\/tiedotteet\/ek-avasi-vihreiden-investointien-dataikkunan-vireilla-yli-15-miljardin-euron-hankkeet-ympari-suomea\/\">vihreiden investointien dataikkuna<\/a> on mit\u00e4 konkreettisin: vireill\u00e4 on yli 15 miljardin euron hankkeet ymp\u00e4ri Suomea.<\/p>\n\n<h2 class=\"wp-block-heading\">2. Ilmastotavoite leikisti vai aikuisten oikeasti?<\/h2>\n\n<p>On selv\u00e4\u00e4, ett\u00e4 kokoomuksen johdolla Suomen hiilineutraliuus 2035 -tavoitteesta ei tulla luopumaan. Kokonaan eri asia on, aiotaanko sit\u00e4 toteuttaa.<\/p>\n\n<p>On helppoa kannattaa ja mahdollistaa kaikkea sit\u00e4, mit\u00e4 on jo yritysten toimesta kovassa vauhdissa ja nosteessa. Eli energia- ja teollisuusinvestoinnit sek\u00e4 niiden edellytt\u00e4m\u00e4 infra, sujuva luvitus, T&amp;K, ty\u00f6voiman koulutus jne.<\/p>\n\n<p>Kokonaan eri asia on n\u00e4ytt\u00e4\u00e4 johtajuutta asioissa, joissa sit\u00e4 eniten juuri nyt tarvitaan &#8211; asioissa, jotka eiv\u00e4t etene tai korjaannu omalla painollaan. N\u00e4it\u00e4 kipukohtia ovat nostaneet esiin paitsi ilmasto- ja luontotutkijat, my\u00f6s erin\u00e4iset<strong> talouspolitiikkaa<\/strong><strong> (!)<\/strong> arvioivat tahot:<\/p>\n\n<ul class=\"wp-block-list\">\n<li><strong>Talouspolitiikan arviointineuvosto<\/strong> <a href=\"https:\/\/twitter.com\/MaritaLaukkanen\/status\/1620738813097291778\">korosti<\/a> ilmastopolitiikan korjausliikkeiden tarvetta erityisesti <em>maataloudessa, mets\u00e4taloudessa ja maank\u00e4yt\u00f6ss\u00e4<\/em> sek\u00e4 liikenteen verotuksessa.<\/li>\n<\/ul>\n\n<ul class=\"wp-block-list\">\n<li><strong>Talousj\u00e4rjest\u00f6 OECD<\/strong>:n maaraportin yksi kolmesta <a href=\"https:\/\/www.oecd.org\/economy\/finland-economic-snapshot\/\">p\u00e4\u00e4viestist\u00e4<\/a> koski ilmastopolitiikan tehokkuuden parantamista ja <em>mets\u00e4talouden ja muun maank\u00e4yt\u00f6n hiilinielun lis\u00e4\u00e4mist\u00e4<\/em>.<\/li>\n<\/ul>\n\n<ul class=\"wp-block-list\">\n<li><strong>Valtiovarainministeri\u00f6<\/strong> korosti virkamiespuheenvuorossaan talouden rakenteiden uudistamista, p\u00e4\u00e4st\u00f6jen hinnoittelua ja<em> <\/em>erityisesti <em>nieluista huolehtimista<\/em>. (Ks.<a href=\"https:\/\/vm.fi\/documents\/10623\/101263033\/VMn+virkamiespuheenvuoro+221201.pptx.pdf\/232dd8b1-ae80-e200-f6b9-795c13f19303\/VMn+virkamiespuheenvuoro+221201.pptx.pdf\/VMn+virkamiespuheenvuoro+221201.pptx.pdf?t=1670497778520\"> kalvo 12<\/a>)<\/li>\n<\/ul>\n\n<p>Huomannette trendin?<\/p>\n\n<p><strong><em>Olennainen uskottavuusmittari puolueiden ilmastovastauksissa on, mit\u00e4 ratkaisuja ne tarjoavat hiilinielujen korjaamiseen. <br><br><\/em><\/strong>Kysymyst\u00e4 hakkuutasoista ei voi v\u00e4ist\u00e4\u00e4. Kuten Luonnonvarakeskuksen <a href=\"https:\/\/jukuri.luke.fi\/handle\/10024\/552473\">tutkimus<\/a> maa- ja mets\u00e4talouden tehokkaista ohjauskeinoista summaa:<\/p>\n\n<ul class=\"wp-block-list\">\n<li>\u201cMetsien hiilinieluja voidaan lyhyell\u00e4 ja keskipitk\u00e4ll\u00e4 aikav\u00e4lill\u00e4 kasvattaa eniten v\u00e4hent\u00e4m\u00e4ll\u00e4 hakkuita. Seuraavaksi eniten nieluihin ja p\u00e4\u00e4st\u00f6ihin voidaan nykytiedon perusteella vaikuttaa suometsien hoidon k\u00e4yt\u00e4nn\u00f6ill\u00e4 [\u2026]\u201d<\/li>\n<\/ul>\n\n<p>Samoin <a href=\"https:\/\/metsatiedepaneeli.fi\/assets\/metsabiotalouden_kasvu_ja_kestavyys.pdf\">biotalouspaneeli<\/a>, joka perustettiin <a href=\"https:\/\/valtioneuvosto.fi\/-\/1410837\/uusi-metsabiotalouden-tiedepaneeli-vahvistaa-metsiin-pohjautuvan-kestavan-arvoketjun-tietopohjaa\">vahvistamaan<\/a> mets\u00e4teollisuuteen liittyvien toimien valmistelua ja tutkimuksen \u00e4\u00e4nt\u00e4, toteaa:<\/p>\n\n<ul class=\"wp-block-list\">\n<li>\u201cOn ilmeist\u00e4, ett\u00e4 metsien hiilinielua ei ole mahdollista yll\u00e4pit\u00e4\u00e4 viimeaikaisella hakkuutasolla niin, ett\u00e4 ilmastovelvoitteet ja -tavoitteet saavutetaan.\u201d<\/li>\n<\/ul>\n\n<p><strong><em>Eli tarkkaile, mit\u00e4 puolueet sanovat vastauksissaan ilmastopolitiikan kipupisteist\u00e4:&nbsp; kuten nieluista, hakkuutasoista, liikenteest\u00e4 \u2013 niin, ja tuulivoimasta.<\/em><\/strong><br><br>Orpo kysyi ydinvoimasta, mutta olennaisempaa olisi ollut kysy\u00e4 suoraan tuulivoimasta. Kokoomushan tiet\u00e4\u00e4 hyvin, ett\u00e4 ydinvoimasta puolueiden v\u00e4lille ei saa en\u00e4\u00e4 olennaisia eroja. Sen sijaan tuulivoima, johon yksityinen raha parhaillaan virtaa ja joka on vetytalouden veturi, on ollut perussuomalaisille vaikeampi pala.&nbsp;<\/p>\n\n<h2 class=\"wp-block-heading\"><strong>3. Luontopolitiikkaa vai luontol\u00e4ssytyst\u00e4?<\/strong><\/h2>\n\n<p>Kaikki rakastamme luontoa, juu. Nelj\u00e4 viidest\u00e4 suomalaisesta <a href=\"https:\/\/yle.fi\/aihe\/artikkeli\/2019\/09\/27\/yle-luonnon-kysely-suomalainen-on-yllattavan-vahvasti-luontoihminen-sienestys\">luokittelee<\/a> itsens\u00e4 luontoihmiseksi. Silti luontokato Suomessakin jatkaa etenemist\u00e4\u00e4n. \u200b\u200bLuontotyypeist\u00e4mme puolet on uhanalaisia ja keskim\u00e4\u00e4rin 60 prosenttia luonnon tilasta on menetetty. Kuten tieteen \u00e4\u00e4nt\u00e4 edustava <a href=\"https:\/\/luontopaneeli.fi\/ajankohtaista\/luontopaneeli-seuraava-hallituskausi-on-kriittinen-luontokadon-pysayttamiseksi\/\">Luontopaneeli<\/a> summaa: \u201c<strong>Seuraava hallituskausi on kriittinen<\/strong>\u201d.<br><br>Tutkijat ovatkin esitt\u00e4neet <a href=\"https:\/\/luontopaneeli.fi\/ajankohtaista\/luontopaneeli-seuraava-hallituskausi-on-kriittinen-luontokadon-pysayttamiseksi\/\">reseptins\u00e4<\/a> luontopositiivisen Suomen rakentamiseen jo hein\u00e4kuussa ja kiinnostavaa on, paljonko siit\u00e4 n\u00e4kyy puolueiden vastauksissa.<br><br>Luontopaneelin mukaan tarvitaan muun muassa luontolaki, mets\u00e4lain uudistus ja vesilain p\u00e4ivitys. Suojelurahoitus on nostettava aivan uudelle tasolle ja ymp\u00e4rist\u00f6lle haitalliset tuet korjattava. Aiheuttaja maksaa -periaatetta on toimeenpantava laajamittaisesti, ylikulutusta hillitt\u00e4v\u00e4 ja maan- ja vesienk\u00e4yt\u00f6n kest\u00e4vyys turvattava. Niin, ja ne hakkuutasot saatava kest\u00e4v\u00e4lle tasolle.<\/p>\n\n<p><strong>Petteri Orpo on <\/strong><a href=\"https:\/\/www.hs.fi\/politiikka\/art-2000009396456.html\"><strong>sitoutunut<\/strong><\/a><strong> suojelemaan valtion omistamat, j\u00e4ljell\u00e4 olevat vanhat ja luonnontilaiset mets\u00e4t,<\/strong> mik\u00e4 on hieno homma. Samalla se on vasta se helppo, ensimm\u00e4inen askel. Tulevalla hallituskaudella on luotava ja toteuttava askelmerkit EU:n biodiversiteettistrategian <a href=\"https:\/\/ym.fi\/eu-n-biodiversiteettistrategia\">mukaisesti<\/a> 10 % tiukan suojelun ja 30 % oikeudellisen suojelun tavoitteiden saavuttamiseen maa- ja merialueilla vuoteen 2030 menness\u00e4, rinta rinnan ennallistamistavoitteiden kanssa.&nbsp;<\/p>\n\n<p>Etel\u00e4-Suomen metsiss\u00e4 lis\u00e4suojelu on vaikeinta ja samalla niin t\u00e4rke\u00e4\u00e4. T\u00e4st\u00e4p\u00e4 saadaankin yksi olennainen uskottavuustesti: Vain reilu kuukausi sitten puolueet tukivat <a href=\"https:\/\/www.hs.fi\/politiikka\/art-2000009518735.html\">l\u00e4hes yksimielisesti<\/a> tavoitetta Etel\u00e4-Suomen metsiensuojelun merkitt\u00e4v\u00e4st\u00e4 lis\u00e4\u00e4misest\u00e4, <strong>t\u00e4ht\u00e4imen\u00e4 10 %<\/strong>. N\u00e4ht\u00e4v\u00e4ksi j\u00e4\u00e4, kuinka monen puolueen vastauksissa painottuu 10 % suojelutavoite metsille ja ylip\u00e4\u00e4ns\u00e4 suojelutavoitteiden nopea, riitt\u00e4v\u00e4sti resursoitu toteutus, sek\u00e4 tavoitteiden vieminen toteen valtion omilla, Mets\u00e4hallituksen mailla ja tulostavoitteissa.<\/p>\n\n<h2 class=\"wp-block-heading\">4. Mets\u00e4- ja ruokapolitiikka ajelehtimista vai uudistumista?<\/h2>\n\n<p>Puolueilta kysyttiin my\u00f6s suomalaisesta ruuantuotannosta ja mets\u00e4talouden tulevaisuudesta. Vastauksista n\u00e4emme, ovatko puolueet ajan hermoilla.<\/p>\n\n<p>Sellainen mets\u00e4talous ja ruuantuotanto p\u00e4rj\u00e4\u00e4, joka ennakoi muuttuvaa maailmaa ja markkinoita ja sopeutuu niihin. <strong>Mets\u00e4talouden tutkijat ovatkin kehottaneet ennakoimaan alenevia hakkuutasoja ja ruoka-ala ruokamurrosta.<\/strong><\/p>\n\n<p>Elinkeinoel\u00e4m\u00e4n tutkimuslaitos Etlan ja Euroopan mets\u00e4instituutin <a href=\"https:\/\/www.etla.fi\/ajankohtaista\/uutiset-ja-tiedotteet\/tuore-tutkimus-julki-metsaala-merkittavien-muutosten-edessa-jo-lahivuosina-varautuminen-aloitettava-jo-nyt\/\">mukaan<\/a> mets\u00e4ala on merkitt\u00e4vien muutosten edess\u00e4 ja varautuminen on aloitettava jo nyt. Tulisi varautua esimerkiksi ilmasto- ja luontotavoitteiden kiristymiseen ja siihen mahdollisuuteen, ett\u00e4 hakkuukertym\u00e4t v\u00e4henev\u00e4t nykytasostaan. Tuotannon sivuvirtoja pit\u00e4isi vapauttaa energiantuotannosta ja saada ohjattua korkean arvonlis\u00e4n tuotteiden valmistukseen.<\/p>\n\n<p>Luonnonvarakeskus (LUKE)<a href=\"https:\/\/www.luke.fi\/fi\/uutiset\/luken-keskustelunavaus-metsasektorin-arvonlisan-kaksinkertaistaminen-on-mahdollista-mutta-vaatii-merkittavia-investointeja-ja-arvoketjujen-pidentamista-suomessa\"> visioi<\/a>, ett\u00e4 Suomi el\u00e4\u00e4 mets\u00e4st\u00e4 my\u00f6s 2035 ja mets\u00e4sektorin arvonlis\u00e4 voisi kaksinkertaistua, vaikka puun k\u00e4ytt\u00f6 pysyisi hieman nykytasoa alempana (vuoden 2019 tasolla) tai vaikka puun k\u00e4ytt\u00f6 <strong><em>laskisi<\/em><\/strong> viidenneksen nykytasolta. Itsest\u00e4\u00e4n t\u00e4m\u00e4 ei kuitenkaan tapahdu, vaan vaatisi m\u00e4\u00e4r\u00e4tietoista poliittista ohjausta arvoketjujen pident\u00e4miseksi ja mittavien investointien houkuttelemiseksi.<\/p>\n\n<p>Maatalouden osalta Carbon Action -yrityskoalitio <a href=\"https:\/\/www.bsag.fi\/ajankohtaista\/kannanotto-suomalaisilta-ruoka-alan-yrityksilta-uudistavaa-viljelya-edistettava-myos-poliittisella-paatoksenteolla\/\">per\u00e4\u00e4nkuuluttaa<\/a> konkreettisia toimia <strong>uudistavan viljelyn<\/strong> yleistymiseksi koko ruokaj\u00e4rjestelm\u00e4ss\u00e4 ja l\u00e4hes 30 elintarvikealan toimijan <a href=\"https:\/\/wwf.fi\/uutiset\/2023\/02\/suomalaiset-nakevat-kasvipohjaisessa-ruoassa-uusia-vientimahdollisuuksia-lahes-30-elintarvikealan-toimijan-verkosto-vaatii-seuraavalta-hallitukselta-panostuksia-kasvipohjaiseen-ruokaan\/\">verkosto<\/a> vaatii tulevalta hallitukselta <strong>panostuksia kasvispohjaiseen ruokaan<\/strong>.<br><br>Niin. Se ilmastoruokaohjelma, jonka keskusta kuluneella kaudella torppasi, on tulevalla hallituskaudella entist\u00e4kin ajankohtaisempi ja tarpeellisempi. Miten teema ja toimet n\u00e4kyv\u00e4t puolueiden vastauksissa?<\/p>\n\n<h2 class=\"wp-block-heading\">5. Muutosten mahdollistajat?<\/h2>\n\n<p>Orpo kysyi my\u00f6s byrokratian ja hallinnollisen taakan kevent\u00e4misest\u00e4. <\/p>\n\n<p>Taakkaa hallintoon luo n\u00e4enn\u00e4istekeminen, joka py\u00f6ritt\u00e4\u00e4 ty\u00f6ryhmi\u00e4 vuodesta ja hallituskaudesta toiseen, t\u00f6rm\u00e4illen samoihin vanhoihin esteisiin ja p\u00e4\u00e4sem\u00e4tt\u00e4 koskaan maaliin. Siihen ei ole en\u00e4\u00e4 varaa. Vihre\u00e4n siirtym\u00e4n kustannustehokas ja oikeudenmukainen vihre\u00e4 siirtym\u00e4 vaatii oikein resurssoitua ja hyvin johdettua hallintoa. <\/p>\n\n<p>Perussuomalaisten esitys ymp\u00e4rist\u00f6ministeri\u00f6n lakkauttamisesta <a href=\"https:\/\/wwf.fi\/app\/uploads\/3\/g\/r\/emd2802ax3ignljfoxybkf\/puolueselvitys-analyysi_2023.pdf\">ei onneksi ole saanut<\/a> muilta puolueilta tukea. Selv\u00e4\u00e4 onkin, ett\u00e4 ymp\u00e4rist\u00f6hallinnon riippuvuutta ja voimavaroja on p\u00e4in vastoin vahvistettava.<br><br>Lis\u00e4ksi on panostettava ymp\u00e4rist\u00f6talouden osaamiseen ja ty\u00f6kaluihin. Valtiovarainministeri\u00f6 <a href=\"https:\/\/vm.fi\/-\/ilmasto-ja-luontostrategia\">julkaisi<\/a> joulukuussa 2022 ensimm\u00e4ist\u00e4 kertaa oman ilmasto- ja luontostrategiansa ja tarvitsee nyt selke\u00e4n mandaatin &#8211; ratkomaan juuri niit\u00e4 viheli\u00e4it\u00e4 pulmia, jotka vaativat ministeri\u00f6iden sektorirajat ylitt\u00e4v\u00e4\u00e4 riskienhallintaa ja ennakoimista.<br><br>Petteri Orpo perusti valtiovarainministerin\u00e4 2019 valtiovarainministereiden kansainv\u00e4lisen ilmastokoalition. Nyt olisi aika vied\u00e4 koalition <a href=\"https:\/\/www.financeministersforclimate.org\/helsinki-principles\">Helsinki-periaatteet<\/a> my\u00f6s Suomen hallitusohjelmaan muistuttamaan talous- ja rahoituspolitiikan ty\u00f6kalujen johdonmukaisesta hy\u00f6dynt\u00e4misest\u00e4.<\/p>\n\n<p><strong><em>Puolueiden vastaukset siihen, miten oikeudenmukainen vihre\u00e4 siirtym\u00e4 otetaan my\u00f6s resurssoinnin ja hallinnon puolesta tosissaan, kertovat omalta osaltaan paljon.<\/em><\/strong><\/p>\n\n<p>T\u00e4st\u00e4 se l\u00e4htee! Nyt on oikea aika sel\u00e4tt\u00e4\u00e4 ilmastokriisi ja pys\u00e4ytt\u00e4\u00e4 luontokato, eik\u00f6 niin kokoomus?<\/p>\n","protected":false},"excerpt":{"rendered":"<p>Mit\u00e4 puolueiden vastauksista hallitustunnustelija Orpon kysymyksiin kannattaa ainakin tsekata, kun ne tiistaina julkaistaan? Meill\u00e4 on viisi vinkki\u00e4.<\/p>\n","protected":false},"author":40,"featured_media":53621,"comment_status":"closed","ping_status":"closed","sticky":false,"template":"","format":"standard","meta":{"_improvement_type_select":"improve_an_existing","_thumb_yes_seoaic":false,"_frame_yes_seoaic":false,"seoaic_generate_description":"","seoaic_improve_instructions_prompt":"","seoaic_rollback_content_improvement":"","seoaic_idea_thumbnail_generator":"","thumbnail_generated":false,"thumbnail_generate_prompt":"","seoaic_article_description":"","ep_exclude_from_search":false,"seoaic_article_subtitles":[],"p4_og_title":"","p4_og_description":"","p4_og_image":"","p4_og_image_id":"","p4_seo_canonical_url":"","p4_campaign_name":"","p4_local_project":"","p4_basket_name":"","p4_department":"","footnotes":""},"categories":[1],"tags":[64,79,60,70,75,78],"p4-page-type":[16],"class_list":["post-53842","post","type-post","status-publish","format-standard","has-post-thumbnail","hentry","category-ilmastonmuutos","tag-biomassa","tag-hiilinielu","tag-ilmastopolitiikka","tag-luontokato","tag-metsateollisuus","tag-monimuotoisuus","p4-page-type-blogit"],"_links":{"self":[{"href":"https:\/\/www.greenpeace.org\/finland\/wp-json\/wp\/v2\/posts\/53842","targetHints":{"allow":["GET"]}}],"collection":[{"href":"https:\/\/www.greenpeace.org\/finland\/wp-json\/wp\/v2\/posts"}],"about":[{"href":"https:\/\/www.greenpeace.org\/finland\/wp-json\/wp\/v2\/types\/post"}],"author":[{"embeddable":true,"href":"https:\/\/www.greenpeace.org\/finland\/wp-json\/wp\/v2\/users\/40"}],"replies":[{"embeddable":true,"href":"https:\/\/www.greenpeace.org\/finland\/wp-json\/wp\/v2\/comments?post=53842"}],"version-history":[{"count":12,"href":"https:\/\/www.greenpeace.org\/finland\/wp-json\/wp\/v2\/posts\/53842\/revisions"}],"predecessor-version":[{"id":53855,"href":"https:\/\/www.greenpeace.org\/finland\/wp-json\/wp\/v2\/posts\/53842\/revisions\/53855"}],"wp:featuredmedia":[{"embeddable":true,"href":"https:\/\/www.greenpeace.org\/finland\/wp-json\/wp\/v2\/media\/53621"}],"wp:attachment":[{"href":"https:\/\/www.greenpeace.org\/finland\/wp-json\/wp\/v2\/media?parent=53842"}],"wp:term":[{"taxonomy":"category","embeddable":true,"href":"https:\/\/www.greenpeace.org\/finland\/wp-json\/wp\/v2\/categories?post=53842"},{"taxonomy":"post_tag","embeddable":true,"href":"https:\/\/www.greenpeace.org\/finland\/wp-json\/wp\/v2\/tags?post=53842"},{"taxonomy":"p4-page-type","embeddable":true,"href":"https:\/\/www.greenpeace.org\/finland\/wp-json\/wp\/v2\/p4-page-type?post=53842"}],"curies":[{"name":"wp","href":"https:\/\/api.w.org\/{rel}","templated":true}]}}