{"id":55137,"date":"2023-08-28T16:47:51","date_gmt":"2023-08-28T13:47:51","guid":{"rendered":"https:\/\/www.greenpeace.org\/finland\/?p=55137"},"modified":"2023-12-20T12:41:30","modified_gmt":"2023-12-20T09:41:30","slug":"valtiovarainministerion-budjettiehdotus-sivuuttaa-suomen-ilmasto-ja-luontotavoitteet","status":"publish","type":"post","link":"https:\/\/www.greenpeace.org\/finland\/tiedotteet\/ilmastonmuutos\/valtiovarainministerion-budjettiehdotus-sivuuttaa-suomen-ilmasto-ja-luontotavoitteet\/","title":{"rendered":"Valtiovarainministeri\u00f6n budjettiehdotus sivuuttaa Suomen ilmasto- ja luontotavoitteet"},"content":{"rendered":"\n<p><em><strong>Suomen ilmasto- ja luontotavoitteet uhkaavat j\u00e4\u00e4d\u00e4 toteutumatta, jos hallitus ei syyskuun budjettiriihess\u00e4 p\u00e4\u00e4t\u00e4 rahoituksen lis\u00e4\u00e4misest\u00e4 luonnonsuojeluun ja ilmastoty\u00f6h\u00f6n.<\/strong><\/em><\/p>\n\n<figure class=\"wp-block-image size-large\"><img loading=\"lazy\" decoding=\"async\" width=\"1024\" height=\"768\" src=\"https:\/\/www.greenpeace.org\/static\/planet4-finland-stateless\/2021\/10\/01ba314f-dji_0218-1024x768.jpg\" alt=\"\" class=\"wp-image-49356\" srcset=\"https:\/\/www.greenpeace.org\/static\/planet4-finland-stateless\/2021\/10\/01ba314f-dji_0218-1024x768.jpg 1024w, https:\/\/www.greenpeace.org\/static\/planet4-finland-stateless\/2021\/10\/01ba314f-dji_0218-300x225.jpg 300w, https:\/\/www.greenpeace.org\/static\/planet4-finland-stateless\/2021\/10\/01ba314f-dji_0218-768x576.jpg 768w, https:\/\/www.greenpeace.org\/static\/planet4-finland-stateless\/2021\/10\/01ba314f-dji_0218-1536x1152.jpg 1536w, https:\/\/www.greenpeace.org\/static\/planet4-finland-stateless\/2021\/10\/01ba314f-dji_0218-2048x1536.jpg 2048w, https:\/\/www.greenpeace.org\/static\/planet4-finland-stateless\/2021\/10\/01ba314f-dji_0218-1821x1366.jpg 1821w, https:\/\/www.greenpeace.org\/static\/planet4-finland-stateless\/2021\/10\/01ba314f-dji_0218-453x340.jpg 453w\" sizes=\"auto, (max-width: 1024px) 100vw, 1024px\" \/><figcaption class=\"wp-element-caption\">Luontokatoa Yl\u00f6j\u00e4rvell\u00e4 lokakuussa 2021.<\/figcaption><\/figure>\n\n<p>Greenpeace on huolissaan&nbsp;<a href=\"https:\/\/link.mediaoutreach.meltwater.com\/ls\/click?upn=Cy2nBLYM7ZKqmbukR8vXkZtJ31E4SnpAJk0ZhsCHiCliSmTQhrpT9vZA7y0ZqoLYKTBu0PyMdVIGMPSqzXIgYKBWmWPIL1ztBEjEb8pbti4rOC7O1V1p6-2FJfkf9cYlDshHZM_I3aKCr8YEAt-2BKjJIbd3Iw-2FwEm258034gXqemyhTtPNlZ5LJeYHGjNm7a2bmSmTOzcZeotmYeMFmM-2FYZa8oUvDdSdnh0N1z2uUUGUAZy7YNVzYHwuaSqVaDZUOsGLpriJgoHPCCijUuCrGeZPWVT8vo-2FWDe78xLC090qaeupI1Z1SaJ9n53FdDswlJFQfRt0lGzZtWKZnog7TIG4N-2F1QXA-2F7H1wfpf-2FBZL2qVhDHav9tAwt21TzfzO0DFVqdcbospfQLzE5vGmPkP-2Fu-2BBfKu0y9gRN9eAxzyHO1XhLBgAq9Fvo9KsLsjTmR65ZTASCEP9ThYIiFlVeK6lgDKFOEtRnlU54i1HltUr1F3HyDinAeD1yERy8Jt7hY4c38ERLwZLzOeoL3-2FIaYpvB1IZZpjDqA-3D-3D\" target=\"_blank\" rel=\"noreferrer noopener\">valtiovarainministeri\u00f6n budjettiesityksest\u00e4<\/a>, joka ehdottaa leikkauksia luonnonsuojeluun ja ilmastotoimiin. Samalla ministeri\u00f6 esitt\u00e4\u00e4 huomattavia kevennyksi\u00e4 fossiilisten polttoaineiden verotukseen. Tuoreen&nbsp;<a href=\"https:\/\/link.mediaoutreach.meltwater.com\/ls\/click?upn=Cy2nBLYM7ZKqmbukR8vXkc4xq4h-2F1SojOnui0wICosraKMAxq5hF9FE4wsUvFukNVcQfmrkf7FvbifzktUpAoVFmKOlLMLYaE-2Bqx1HYQbMM-3DyD9T_I3aKCr8YEAt-2BKjJIbd3Iw-2FwEm258034gXqemyhTtPNlZ5LJeYHGjNm7a2bmSmTOzcZeotmYeMFmM-2FYZa8oUvDdSdnh0N1z2uUUGUAZy7YNVzYHwuaSqVaDZUOsGLpriJgoHPCCijUuCrGeZPWVT8vo-2FWDe78xLC090qaeupI1Z1SaJ9n53FdDswlJFQfRt0lGzZtWKZnog7TIG4N-2F1QXA-2F7H1wfpf-2FBZL2qVhDHav9vQqQ-2FJLGu-2FRKgKd9LJeBEFo-2FoX5G8Sbvbt-2Fuci7Blx9D4-2FlfKRJzYdY7P6StNrwcYmbE5INjiZW5CpKDkZOPcZUugrq8ADAdQVadwNvPgeJ5UV1IupC0cH0W5vKWNXN47hN6DpvTbaW1OUGP-2BmgS9eSAJq8USIYI1ckJ-2B3Nme4NA-3D-3D\" target=\"_blank\" rel=\"noreferrer noopener\">ilmastovuosikertomuksen<\/a>&nbsp;mukaan ilmastotavoitteiden saavuttaminen edellytt\u00e4\u00e4 merkitt\u00e4vi\u00e4 lis\u00e4toimia muun muassa maank\u00e4ytt\u00f6sektorilla ja taakanjakosektorilla, kuten liikenteess\u00e4.&nbsp;<\/p>\n\n<p>\u201cValtiovarainministeri&nbsp;<strong>Riikka Purran<\/strong>&nbsp;budjettiesitys vaarantaisi toteutuessaan merkitt\u00e4v\u00e4n osan Suomen luonto- ja ilmastotavoitteista. Luontokadon pys\u00e4ytt\u00e4minen edellytt\u00e4\u00e4 luonnonsuojelurahoituksen moninkertaistamista. T\u00e4ss\u00e4 tilanteessa nyt esitettyjen leikkausten pit\u00e4isi olla itsest\u00e4\u00e4nselv\u00e4sti poissa laskuista. My\u00f6s hiilineutraaliuden saavuttaminen ja vihre\u00e4 siirtym\u00e4 edellytt\u00e4v\u00e4t m\u00e4\u00e4r\u00e4tietoisia panostuksia, jotka budjettiesityksess\u00e4 loistavat poissaolollaan\u201d, toteaa Greenpeacen maajohtaja&nbsp;<strong>Touko Sipil\u00e4inen<\/strong>.&nbsp;<\/p>\n\n<p>Hallitus sitoutuu ohjelmassaan Suomen p\u00e4\u00e4st\u00f6v\u00e4hennys- ja hiilineutraaliustavoitteeseen, mutta budjettiesityksess\u00e4 on karsittu vihre\u00e4\u00e4 siirtym\u00e4\u00e4 vauhdittavia investointitukia ja tuettu fossiilisten k\u00e4ytt\u00f6\u00e4. Esimerkiksi polttoaineveron kevennys ja my\u00f6hemmin hallituskaudella toteutettava polttoaineveron CO2-komponentin laskeminen 100 miljoonalla eurolla jarruttavat p\u00e4\u00e4st\u00f6v\u00e4hennysten toteutumista liikenteess\u00e4.&nbsp;<\/p>\n\n<p>\u201cPolttoaineveron kevent\u00e4minen 130 miljoonalla eurolla vuonna 2024 on suoraa tukea fossiilisten k\u00e4yt\u00f6lle juuri, kun liikenteen p\u00e4\u00e4st\u00f6j\u00e4 olisi onnistuttava laskemaan nopeasti ja oikeudenmukaisesti. T\u00e4m\u00e4nkaltainen veronkevennys ei kohdistu sit\u00e4 tarvitseville pienituloisille ja maaseudulla asuville kansalaisille ja on valtiontalouden n\u00e4k\u00f6kulmasta tuhlaavaa rahank\u00e4ytt\u00f6\u00e4\u201d, Sipil\u00e4inen sanoo.&nbsp;<\/p>\n\n<h2 class=\"wp-block-heading\"><strong>Leikkausten toteutuessa luontokato kiihtyy entisest\u00e4\u00e4n&nbsp;<\/strong><\/h2>\n\n<p>Hallitusohjelmassa luvataan vaalia Suomen arvokasta luontoa, mutta valtiovarainministeri\u00f6n budjettiesityksess\u00e4 ymp\u00e4rist\u00f6n- ja luonnonsuojelun m\u00e4\u00e4r\u00e4rahoista leikataan yli kolmannes eli 70 miljoonaa euroa.<\/p>\n\n<p>Greenpeacen mets\u00e4asiantuntijan&nbsp;<strong>Oona K\u00e4yhk\u00f6n<\/strong>&nbsp;mukaan luonnonsuojeluun kohdistuvat leikkaukset k\u00e4yt\u00e4nn\u00f6ss\u00e4 est\u00e4isiv\u00e4t Suomea saavuttamasta tavoitteitaan luontokadon pys\u00e4ytt\u00e4misest\u00e4. Muun muassa&nbsp;<a href=\"https:\/\/link.mediaoutreach.meltwater.com\/ls\/click?upn=Cy2nBLYM7ZKqmbukR8vXkUnhjMj70wuBlzpAzii7IObKUchbHdLWeySXn1GnxlyhkkxxOWPxXNsXmI4EJ8bh9aTNU22ll7xLxSUf9auQWEkJ3FMypUoXJ-2FUlz6jaqDhc8EX9MuC2ssOh5L8EtJC7sbYJvbD4rCUepVEqdl82FP0-3DXeml_I3aKCr8YEAt-2BKjJIbd3Iw-2FwEm258034gXqemyhTtPNlZ5LJeYHGjNm7a2bmSmTOzcZeotmYeMFmM-2FYZa8oUvDdSdnh0N1z2uUUGUAZy7YNVzYHwuaSqVaDZUOsGLpriJgoHPCCijUuCrGeZPWVT8vo-2FWDe78xLC090qaeupI1Z1SaJ9n53FdDswlJFQfRt0lGzZtWKZnog7TIG4N-2F1QXA-2F7H1wfpf-2FBZL2qVhDHav9tGXTJqepW-2BRdsb9-2Fuk01fNi6787MPh0WI8-2FQDOfnE9aACv1z1AkgSs7HfeGAr9A3LRYTgt9vAqWb8wv9Jr7PQdFIehdqdBcX-2F6An64FBgR5mniaAIF2fymrEbBOaSiKBBSlKk3vPtBzAkQyNFJqUHFBL9k-2FyIPIP7tniZEC-2BETMQ-3D-3D\" target=\"_blank\" rel=\"noreferrer noopener\">Luontopaneelin ja Mets\u00e4hallituksen mukaan<\/a>&nbsp;luonnonsuojelun ja ennallistamistoimien rahoitus tulisi moninkertaistaa nykytasoon verrattuna.&nbsp;<\/p>\n\n<p>\u201cEsimerkiksi luonnonsuojelualueiden hankinta- ja korvausmenoissa metsien suojelusta leikataan 9 miljoonaa euroa, joka on l\u00e4hes 20 prosenttia kyseisest\u00e4 m\u00e4\u00e4r\u00e4rahasta. Suomi on sitoutunut EU:n biodiversiteettistrategian mukaisesti suojelemaan kaikki j\u00e4ljell\u00e4 olevat luonnontilaiset ja vanhat mets\u00e4t. Yksityisill\u00e4 mailla metsien vapaaehtoinen suojelu on t\u00e4h\u00e4n asti onnistuneesti toteutettu metsien suojeluohjelmilla, joiden rahoituksesta ollaan nyt leikkaamassa\u201d, K\u00e4yhk\u00f6 sanoo.&nbsp;<\/p>\n\n<p>Budjettiriihess\u00e4 on h\u00e4nen mukaansa huomioitava my\u00f6s valtion omien metsien kest\u00e4v\u00e4 k\u00e4ytt\u00f6.<\/p>\n\n<p>\u201cHallitusohjelmassa on p\u00e4\u00e4tetty suojella valtion vanhat ja luonnontilaiset mets\u00e4t. Tarvittavat p\u00e4\u00e4t\u00f6kset t\u00e4m\u00e4n toteutumiseksi on teht\u00e4v\u00e4 jo t\u00e4n\u00e4 syksyn\u00e4. Lis\u00e4ksi Mets\u00e4hallituksen tulostavoitetta on laskettava ja omistajaohjauksen linjauksia kirkastettava, jotta valtion metsien hiilinielu saadaan kasvuun. Greenpeace vaatii hallituspuolueilta kunnianhimon tason nostoa ilmasto- ja luontotoimissa syyskuun budjettiriihess\u00e4\u201d, K\u00e4yhk\u00f6 painottaa.&nbsp;<\/p>\n","protected":false},"excerpt":{"rendered":"<p>Suomen ilmasto- ja luontotavoitteet uhkaavat j\u00e4\u00e4d\u00e4 toteutumatta, jos hallitus ei syyskuun budjettiriihess\u00e4 p\u00e4\u00e4t\u00e4 rahoituksen lis\u00e4\u00e4misest\u00e4 luonnonsuojeluun ja ilmastoty\u00f6h\u00f6n.<\/p>\n","protected":false},"author":33,"featured_media":49356,"comment_status":"closed","ping_status":"closed","sticky":false,"template":"","format":"standard","meta":{"_improvement_type_select":"improve_an_existing","_thumb_yes_seoaic":false,"_frame_yes_seoaic":false,"seoaic_generate_description":"","seoaic_improve_instructions_prompt":"","seoaic_rollback_content_improvement":"","seoaic_idea_thumbnail_generator":"","thumbnail_generated":false,"thumbnail_generate_prompt":"","seoaic_article_description":"","ep_exclude_from_search":false,"seoaic_article_subtitles":[],"p4_og_title":"","p4_og_description":"","p4_og_image":"","p4_og_image_id":"","p4_seo_canonical_url":"","p4_campaign_name":"","p4_local_project":"","p4_basket_name":"","p4_department":"","footnotes":""},"categories":[1,3],"tags":[79,61,60,70],"p4-page-type":[14],"class_list":["post-55137","post","type-post","status-publish","format-standard","has-post-thumbnail","hentry","category-ilmastonmuutos","category-metsat","tag-hiilinielu","tag-fossiiliset","tag-ilmastopolitiikka","tag-luontokato","p4-page-type-tiedotteet"],"_links":{"self":[{"href":"https:\/\/www.greenpeace.org\/finland\/wp-json\/wp\/v2\/posts\/55137","targetHints":{"allow":["GET"]}}],"collection":[{"href":"https:\/\/www.greenpeace.org\/finland\/wp-json\/wp\/v2\/posts"}],"about":[{"href":"https:\/\/www.greenpeace.org\/finland\/wp-json\/wp\/v2\/types\/post"}],"author":[{"embeddable":true,"href":"https:\/\/www.greenpeace.org\/finland\/wp-json\/wp\/v2\/users\/33"}],"replies":[{"embeddable":true,"href":"https:\/\/www.greenpeace.org\/finland\/wp-json\/wp\/v2\/comments?post=55137"}],"version-history":[{"count":1,"href":"https:\/\/www.greenpeace.org\/finland\/wp-json\/wp\/v2\/posts\/55137\/revisions"}],"predecessor-version":[{"id":55138,"href":"https:\/\/www.greenpeace.org\/finland\/wp-json\/wp\/v2\/posts\/55137\/revisions\/55138"}],"wp:featuredmedia":[{"embeddable":true,"href":"https:\/\/www.greenpeace.org\/finland\/wp-json\/wp\/v2\/media\/49356"}],"wp:attachment":[{"href":"https:\/\/www.greenpeace.org\/finland\/wp-json\/wp\/v2\/media?parent=55137"}],"wp:term":[{"taxonomy":"category","embeddable":true,"href":"https:\/\/www.greenpeace.org\/finland\/wp-json\/wp\/v2\/categories?post=55137"},{"taxonomy":"post_tag","embeddable":true,"href":"https:\/\/www.greenpeace.org\/finland\/wp-json\/wp\/v2\/tags?post=55137"},{"taxonomy":"p4-page-type","embeddable":true,"href":"https:\/\/www.greenpeace.org\/finland\/wp-json\/wp\/v2\/p4-page-type?post=55137"}],"curies":[{"name":"wp","href":"https:\/\/api.w.org\/{rel}","templated":true}]}}