{"id":55236,"date":"2023-09-07T10:40:57","date_gmt":"2023-09-07T07:40:57","guid":{"rendered":"https:\/\/www.greenpeace.org\/finland\/?p=55236"},"modified":"2023-12-20T12:41:46","modified_gmt":"2023-12-20T09:41:46","slug":"metsaaktivismin-keinoin-on-suojeltu-jo-satoja-tuhansia-hehtaareja-luontoa","status":"publish","type":"post","link":"https:\/\/www.greenpeace.org\/finland\/blogit\/metsat\/metsaaktivismin-keinoin-on-suojeltu-jo-satoja-tuhansia-hehtaareja-luontoa\/","title":{"rendered":"Mets\u00e4aktivismin keinoin on suojeltu jo satoja tuhansia hehtaareja luontoa"},"content":{"rendered":"\n<figure class=\"wp-block-image size-large\"><img loading=\"lazy\" decoding=\"async\" width=\"1024\" height=\"818\" src=\"https:\/\/www.greenpeace.org\/static\/planet4-finland-stateless\/2023\/09\/8f34a62a-forest-oulujarvi-kaarresalo-2023-0916-1024x818.jpg\" title=\"Greenpeacen aktivisteja on kiivennyt puihin ja mennyt veteen Ouluj\u00e4rvell\u00e4.\" alt=\"\" class=\"wp-image-55237\" srcset=\"https:\/\/www.greenpeace.org\/static\/planet4-finland-stateless\/2023\/09\/8f34a62a-forest-oulujarvi-kaarresalo-2023-0916-1024x818.jpg 1024w, https:\/\/www.greenpeace.org\/static\/planet4-finland-stateless\/2023\/09\/8f34a62a-forest-oulujarvi-kaarresalo-2023-0916-300x240.jpg 300w, https:\/\/www.greenpeace.org\/static\/planet4-finland-stateless\/2023\/09\/8f34a62a-forest-oulujarvi-kaarresalo-2023-0916-768x614.jpg 768w, https:\/\/www.greenpeace.org\/static\/planet4-finland-stateless\/2023\/09\/8f34a62a-forest-oulujarvi-kaarresalo-2023-0916-1536x1227.jpg 1536w, https:\/\/www.greenpeace.org\/static\/planet4-finland-stateless\/2023\/09\/8f34a62a-forest-oulujarvi-kaarresalo-2023-0916-2048x1637.jpg 2048w, https:\/\/www.greenpeace.org\/static\/planet4-finland-stateless\/2023\/09\/8f34a62a-forest-oulujarvi-kaarresalo-2023-0916-1709x1366.jpg 1709w, https:\/\/www.greenpeace.org\/static\/planet4-finland-stateless\/2023\/09\/8f34a62a-forest-oulujarvi-kaarresalo-2023-0916-425x340.jpg 425w\" sizes=\"auto, (max-width: 1024px) 100vw, 1024px\" \/><figcaption class=\"wp-element-caption\"><em>Ouluj\u00e4rven Kaarresalon ja Kuostonsaaret mets\u00e4t pelastettiin valtion hakkuilta aktivismin keinoin. <\/em><em>Kuva: Anton Verho \/ Greenpeace<\/em>.<\/figcaption><\/figure>\n\n<p><strong>Aktivismi on vuosien kuluessa osoittautunut kaikkein tehokkaimmaksi keinoksi suojella metsi\u00e4 ja luontomme monimuotoisuutta.<\/strong><\/p>\n\n<p>Suomessa on suojeltu valtavia m\u00e4\u00e4ri\u00e4 mets\u00e4\u00e4 aktivismin keinoin: luomalla painetta p\u00e4\u00e4tt\u00e4jien ja yritysten suuntaan, neuvottelemalla yksitt\u00e4isten metsien ja suurten suojelukokonaisuuksien puolesta, luomalla liittolaisuuksia metsien suojelun puolesta kamppailevien ihmisten kanssa, kartoittamalla monimuotoisuudeltaan rikkaita metsi\u00e4 sek\u00e4 suoralla toiminnalla arvokkaiden metsien hakkuiden est\u00e4miseksi.<\/p>\n\n<p>Poliittisiin p\u00e4\u00e4t\u00f6ksiin vaikuttamalla mets\u00e4\u00e4 on saatu suojeltua valtavia m\u00e4\u00e4ri\u00e4 kerralla, useaan otteeseen vuosien aikana. My\u00f6s yritysten s\u00e4\u00e4ntelyyn vaikuttaminen on ollut voittoisa tapa edist\u00e4\u00e4 metsien suojelua. Taktiikat ovat \u00e4\u00e4rimm\u00e4isen tehokkaita verrattuna yksityisell\u00e4 rahalla suojeltuihin metsiin, vaikka kaikenlainen suojelu on toki t\u00e4rke\u00e4\u00e4.<\/p>\n\n<p>T\u00e4ss\u00e4 muutamia poimintoja vuosien varrelta, kun mets\u00e4aktivismilla on saavutettu suuria suojeluvoittoja:<\/p>\n\n<h2 class=\"wp-block-heading\"><strong>Neuvottelut johtavat valtavaan suojeluvoittoon: pohjoista luontoa suojellaan yli tuhat neli\u00f6kilometri\u00e4<\/strong><\/h2>\n\n<p>Vuonna 2007 syntyy upea suojelup\u00e4\u00e4t\u00f6s vuosien neuvottelujen j\u00e4lkeen. Olimme pitk\u00e4\u00e4n vastustaneet yhdess\u00e4 Suomen Luonnonsuojeluliiton sek\u00e4 WWF Suomen kanssa arvokkaiden metsien hakkuita Pohjois-Suomessa. Vastustuksemme johti j\u00e4rjest\u00f6jen neuvotteluihin valtion metsi\u00e4 hallinnoivan Mets\u00e4hallituksen kanssa. Neuvotteluissa k\u00e4siteltiin valtion omistamia mets\u00e4talousk\u00e4yt\u00f6ss\u00e4 olevia maita Kainuusta Lappiin, poislukien saamelaisten kotiseutualue.&nbsp;<\/p>\n\n<p>Neuvottelujen tuloksena Mets\u00e4hallitus p\u00e4\u00e4tt\u00e4\u00e4 suojella yhteens\u00e4 121 000 hehtaaria mets\u00e4talousk\u00e4yt\u00f6ss\u00e4 olevaa maata, josta 55 000 hehtaaria oli tuottavaa mets\u00e4\u00e4. Saamme yhteisty\u00f6ss\u00e4 muiden j\u00e4rjest\u00f6jen kanssa siis suojeltua pohjoista luontoa jopa 1210 neli\u00f6kilometri\u00e4, eli noin kuusi kertaa Helsingin pinta-alan verran.<\/p>\n\n<h2 class=\"wp-block-heading\"><strong>Uusi sopimus s\u00e4\u00e4st\u00e4\u00e4 350 neli\u00f6kilometri\u00e4 luonnontilaista mets\u00e4\u00e4 Lapissa<\/strong><\/h2>\n\n<p>Vuonna 2009, vain kaksi vuotta suuren suojeluvoiton j\u00e4lkeen, osallistumme neuvotteluihin Mets\u00e4hallituksen, Lapin liiton, Lapin ymp\u00e4rist\u00f6keskuksen, Paliskuntain yhdistyksen ja Saamelaisk\u00e4r\u00e4jien edustajien kanssa. Olimme jo pitk\u00e4\u00e4n tukeneet saamelaisten kamppailua omien maidensa puolesta, ja luoneet painetta p\u00e4\u00e4tt\u00e4jien ja yritysten suuntaan, jotka hakkasivat Saamenmaan sek\u00e4 It\u00e4- ja Keski-Lapin luonnontilaisia metsi\u00e4.<\/p>\n\n<p><a href=\"https:\/\/yle.fi\/a\/3-5907595\" target=\"_blank\" rel=\"noreferrer noopener\">Neuvottelujen tuloksena<\/a> t\u00e4rkeimm\u00e4t luonnontilaiset er\u00e4maat suojellaan hakkuilta: yhteens\u00e4 35 000 hehtaaria mets\u00e4maata. Alue vastaa laajuudeltaan reilusti Espoon pinta-alaa.<\/p>\n\n<figure class=\"wp-block-image size-large\"><img loading=\"lazy\" decoding=\"async\" width=\"1024\" height=\"684\" src=\"https:\/\/www.greenpeace.org\/static\/planet4-finland-stateless\/2023\/09\/f2cfd577-gp01bjk_medium_res-1024x684.jpg\" title=\"Peurakairan vehre\u00e4\u00e4 m\u00e4ntypainotteista mets\u00e4\u00e4.\" alt=\"\" class=\"wp-image-55238\" srcset=\"https:\/\/www.greenpeace.org\/static\/planet4-finland-stateless\/2023\/09\/f2cfd577-gp01bjk_medium_res-1024x684.jpg 1024w, https:\/\/www.greenpeace.org\/static\/planet4-finland-stateless\/2023\/09\/f2cfd577-gp01bjk_medium_res-300x200.jpg 300w, https:\/\/www.greenpeace.org\/static\/planet4-finland-stateless\/2023\/09\/f2cfd577-gp01bjk_medium_res-768x513.jpg 768w, https:\/\/www.greenpeace.org\/static\/planet4-finland-stateless\/2023\/09\/f2cfd577-gp01bjk_medium_res-1536x1025.jpg 1536w, https:\/\/www.greenpeace.org\/static\/planet4-finland-stateless\/2023\/09\/f2cfd577-gp01bjk_medium_res-510x340.jpg 510w, https:\/\/www.greenpeace.org\/static\/planet4-finland-stateless\/2023\/09\/f2cfd577-gp01bjk_medium_res.jpg 2000w\" sizes=\"auto, (max-width: 1024px) 100vw, 1024px\" \/><figcaption class=\"wp-element-caption\"><em>Peurakairan luonnonmets\u00e4t saadaan pelastettua hakkuilta vuoden 2009 neuvotteluissa. <\/em><em>Kuva: Matti Snellmann \/ Greenpeace.<\/em><\/figcaption><\/figure>\n\n<h2 class=\"wp-block-heading\"><strong>\u201cPoromiehet ja Greenpeace sel\u00e4ttiv\u00e4t Mets\u00e4hallituksen\u201d: uusia suojeluvoittoja Inarissa<\/strong><\/h2>\n\n<p>Juuri saavutetun Lapin metsien suojeluvoiton j\u00e4lkeen lis\u00e4\u00e4 mets\u00e4\u00e4 saadaan vuonna 2010 pitk\u00e4n kamppailun j\u00e4lkeen suojeluun. Mets\u00e4hallitus p\u00e4\u00e4tt\u00e4\u00e4 suojella pysyv\u00e4sti 25 000 hehtaaria mets\u00e4\u00e4 ja m\u00e4\u00e4r\u00e4aikaisesti 56 000 hehtaaria mets\u00e4\u00e4 saamelaisten kotiseutualueella Inarissa. M\u00e4\u00e4r\u00e4 on yhteens\u00e4 810 neli\u00f6kilometri\u00e4, eli reilusti yli Helsingin, Espoon ja Vantaan pinta-alat yhteens\u00e4.<\/p>\n\n<p>\u201cLopputulos on parempi kuin hyv\u00e4 sek\u00e4 poronhoitajien ett\u00e4 meid\u00e4n kannaltamme\u201d, mets\u00e4vastaavamme <strong>Matti Liimatainen<\/strong> kommentoi tuolloin p\u00e4\u00e4t\u00f6st\u00e4 <a href=\"https:\/\/suomenkuvalehti.fi\/kotimaa\/poromiehet-ja-greenpeace-selattivat-metsahallituksen\/\" target=\"_blank\" rel=\"noreferrer noopener\">Suomen Kuvalehdelle<\/a>. Voitto on vuosia pitk\u00e4n kampanjan tulos, mutta vain alkua: Saamenmaan metsien suojelu tulee seuraavina vuosina yh\u00e4 vain paranemaan.<\/p>\n\n<figure class=\"wp-block-image size-large\"><img loading=\"lazy\" decoding=\"async\" width=\"1024\" height=\"685\" src=\"https:\/\/www.greenpeace.org\/static\/planet4-finland-stateless\/2023\/09\/3670d0cd-inari_012-1024x685.jpg\" title=\"Joen lumiselle j\u00e4\u00e4lle tehty taideteos, jossa on poro ja teksti &quot;De Nohka&quot; eli &quot;Jo riitt\u00e4\u00e4&quot;.\" alt=\"\" class=\"wp-image-55239\" srcset=\"https:\/\/www.greenpeace.org\/static\/planet4-finland-stateless\/2023\/09\/3670d0cd-inari_012-1024x685.jpg 1024w, https:\/\/www.greenpeace.org\/static\/planet4-finland-stateless\/2023\/09\/3670d0cd-inari_012-300x201.jpg 300w, https:\/\/www.greenpeace.org\/static\/planet4-finland-stateless\/2023\/09\/3670d0cd-inari_012-768x513.jpg 768w, https:\/\/www.greenpeace.org\/static\/planet4-finland-stateless\/2023\/09\/3670d0cd-inari_012-1536x1027.jpg 1536w, https:\/\/www.greenpeace.org\/static\/planet4-finland-stateless\/2023\/09\/3670d0cd-inari_012-510x340.jpg 510w, https:\/\/www.greenpeace.org\/static\/planet4-finland-stateless\/2023\/09\/3670d0cd-inari_012.jpg 2000w\" sizes=\"auto, (max-width: 1024px) 100vw, 1024px\" \/><figcaption class=\"wp-element-caption\"><em>Saamelaisnuorten ja Greenpeacen yhteinen ymp\u00e4rist\u00f6taideteos Juutuanjoen j\u00e4\u00e4ll\u00e4 maaliskuussa 2005. De Nohka tarkoittaa &#8221;jo riitt\u00e4\u00e4&#8221; saamenkielell\u00e4. Vanhat mets\u00e4t molemmin puolin jokea on nyt rauhoitettu. <\/em><em>Kuva: Matti Snellman \/ Greenpeace.<\/em><\/figcaption><\/figure>\n\n<h2 class=\"wp-block-heading\"><strong>Saamelaiset saavat veto-oikeuden kaikkiin valtion hakkuisiin alueellaan<\/strong><\/h2>\n\n<p>Seuraava voitto Saamenmaan metsien suojelussa seuraa vuonna 2016: Mets\u00e4hallitus antaa saamelaispaliskunnille veto-oikeuden kaikkiin valtion hakkuisiin heid\u00e4n alueillaan. T\u00e4m\u00e4 tarkoittaa, ettei valtio saa hakata yht\u00e4\u00e4n mets\u00e4\u00e4n saamelaispaliskuntien alueilla ilman paliskuntien hyv\u00e4ksynt\u00e4\u00e4. Keskeinen tekij\u00e4 p\u00e4\u00e4t\u00f6ksen syntymisess\u00e4 on yhteisty\u00f6ss\u00e4 saamelaisten kanssa tehty kampanjointi. P\u00e4\u00e4t\u00f6s lopettaa k\u00e4yt\u00e4nn\u00f6ss\u00e4 suurimman osan vanhojen metsien hakkuista aiemmin sovittujen suojelualueiden ulkopuolellakin.<\/p>\n\n<figure class=\"wp-block-image size-large\"><img loading=\"lazy\" decoding=\"async\" width=\"1024\" height=\"576\" src=\"https:\/\/www.greenpeace.org\/static\/planet4-finland-stateless\/2023\/09\/22f23ea8-dji_0041_hakkuita_muddus-1024x576.jpg\" title=\"Hakkuualue, jolle on j\u00e4tetty harvaan puita Inarissa.\" alt=\"\" class=\"wp-image-55240\" srcset=\"https:\/\/www.greenpeace.org\/static\/planet4-finland-stateless\/2023\/09\/22f23ea8-dji_0041_hakkuita_muddus-1024x576.jpg 1024w, https:\/\/www.greenpeace.org\/static\/planet4-finland-stateless\/2023\/09\/22f23ea8-dji_0041_hakkuita_muddus-300x169.jpg 300w, https:\/\/www.greenpeace.org\/static\/planet4-finland-stateless\/2023\/09\/22f23ea8-dji_0041_hakkuita_muddus-768x432.jpg 768w, https:\/\/www.greenpeace.org\/static\/planet4-finland-stateless\/2023\/09\/22f23ea8-dji_0041_hakkuita_muddus-1536x864.jpg 1536w, https:\/\/www.greenpeace.org\/static\/planet4-finland-stateless\/2023\/09\/22f23ea8-dji_0041_hakkuita_muddus-510x287.jpg 510w, https:\/\/www.greenpeace.org\/static\/planet4-finland-stateless\/2023\/09\/22f23ea8-dji_0041_hakkuita_muddus.jpg 2000w\" sizes=\"auto, (max-width: 1024px) 100vw, 1024px\" \/><figcaption class=\"wp-element-caption\"><em>Mets\u00e4hallituksen hakkuita Muddusj\u00e4rven paliskunnan laidunmetsiss\u00e4 Inarissa. Vuonna 2016 saamelaispaliskunnat saavat veto-oikeuden Mets\u00e4hallituksen hakkuisiin alueillaan. <\/em><em>Kuva: Matti Liimatainen \/ Greenpeace.<\/em><\/figcaption><\/figure>\n\n<h2 class=\"wp-block-heading\"><strong>Marinin hallitus suojelee 300 neli\u00f6kilometri\u00e4 luontoa: mukana monia metsi\u00e4, joiden suojelua olimme ajaneet<\/strong><\/h2>\n\n<p>Sanna Marinin hallitus p\u00e4\u00e4tti t\u00e4m\u00e4n vuoden helmikuussa 30 000 hehtaarin lis\u00e4suojelusta valtionmailla. Suojeltaviin kohteisiin kuului monta t\u00e4h\u00e4n asti hakkuiden uhkaamaa mets\u00e4\u00e4, joiden pysyv\u00e4\u00e4 suojelua olemme ajaneet: esimerkiksi <a href=\"https:\/\/metsat.greenpeace.fi\/blog\/metsaehallituksen-oulujaerven-hakkuualueilta-loeytyi-runsaasti-uhanalaisia-lajeja\" target=\"_blank\" rel=\"noreferrer noopener\">Ouluj\u00e4rven saarten mets\u00e4t<\/a>, <a href=\"https:\/\/metsat.greenpeace.fi\/kivijaervi-kuusamo\" target=\"_blank\" rel=\"noreferrer noopener\">Kuusamon Kivij\u00e4rven luonnonmets\u00e4<\/a>, <a href=\"https:\/\/metsat.greenpeace.fi\/tuntsa-salla\" target=\"_blank\" rel=\"noreferrer noopener\">Sallan Tuntsan luonnonmets\u00e4t<\/a> ja <a href=\"https:\/\/metsat.greenpeace.fi\/raitiojaenkae-sodankylae\" target=\"_blank\" rel=\"noreferrer noopener\">Sodankyl\u00e4n Raitioj\u00e4nk\u00e4n luonnonmets\u00e4<\/a> sek\u00e4 vanhoja metsi\u00e4 Suomussalmen Riuskanselkosen alueella.<\/p>\n\n<p>Paljon arvokasta mets\u00e4\u00e4 j\u00e4i kuitenkin viel\u00e4 valtion mailla suojelematta. Kaikki <a href=\"https:\/\/www.greenpeace.org\/finland\/tiedotteet\/metsat\/uusi-raportti-valtion-talousmetsista-loytynyt-jo-1400-arvokasta-luonnonmetsaa-metsiin-saatava-valiton-hakkuukielto\/\" target=\"_blank\" rel=\"noreferrer noopener\">valtionmailla sijaitsevat luonnonmets\u00e4t<\/a> tulisi saada nopeasti pysyv\u00e4\u00e4n suojeluun.<\/p>\n\n<figure class=\"wp-block-image size-large\"><img loading=\"lazy\" decoding=\"async\" width=\"1024\" height=\"768\" src=\"https:\/\/www.greenpeace.org\/static\/planet4-finland-stateless\/2023\/09\/992453cf-forest-oulujarvi-kaarresalo-2023-0831-1024x768.jpg\" title=\"Puihin kiivenneet Greenpeacen aktivistit irrottavat puiden v\u00e4lille viritetty\u00e4 k\u00f6ytt\u00e4.\" alt=\"\" class=\"wp-image-55241\" srcset=\"https:\/\/www.greenpeace.org\/static\/planet4-finland-stateless\/2023\/09\/992453cf-forest-oulujarvi-kaarresalo-2023-0831-1024x768.jpg 1024w, https:\/\/www.greenpeace.org\/static\/planet4-finland-stateless\/2023\/09\/992453cf-forest-oulujarvi-kaarresalo-2023-0831-300x225.jpg 300w, https:\/\/www.greenpeace.org\/static\/planet4-finland-stateless\/2023\/09\/992453cf-forest-oulujarvi-kaarresalo-2023-0831-768x576.jpg 768w, https:\/\/www.greenpeace.org\/static\/planet4-finland-stateless\/2023\/09\/992453cf-forest-oulujarvi-kaarresalo-2023-0831-1536x1152.jpg 1536w, https:\/\/www.greenpeace.org\/static\/planet4-finland-stateless\/2023\/09\/992453cf-forest-oulujarvi-kaarresalo-2023-0831-2048x1536.jpg 2048w, https:\/\/www.greenpeace.org\/static\/planet4-finland-stateless\/2023\/09\/992453cf-forest-oulujarvi-kaarresalo-2023-0831-1821x1366.jpg 1821w, https:\/\/www.greenpeace.org\/static\/planet4-finland-stateless\/2023\/09\/992453cf-forest-oulujarvi-kaarresalo-2023-0831-453x340.jpg 453w\" sizes=\"auto, (max-width: 1024px) 100vw, 1024px\" \/><figcaption class=\"wp-element-caption\"><em>Ouluj\u00e4rven arvokkaat saarimets\u00e4t saatiin t\u00e4n\u00e4 vuonna suojeltua kiitos mets\u00e4aktivismin. K\u00e4vimme hakemassa hakkuita est\u00e4neet k\u00f6ydet saarista elokuussa. Kuva: Anton Verho \/ Greenpeace.<\/em><\/figcaption><\/figure>\n\n<p>Mets\u00e4aktivismi toimii, tule mukaan!<\/p>\n\n<div class=\"wp-block-buttons is-layout-flex wp-block-buttons-is-layout-flex\">\n<div class=\"wp-block-button is-style-cta\"><a class=\"wp-block-button__link wp-element-button\" href=\"https:\/\/www.greenpeace.org\/finland\/toimi\/vapaaehtoiset\/\" target=\"_blank\" rel=\"noreferrer noopener\">Ilmoittaudu vapaaehtoiseksi<\/a><\/div>\n<\/div>\n","protected":false},"excerpt":{"rendered":"<p>Aktivismi on vuosien kuluessa osoittautunut kaikkein tehokkaimmaksi keinoksi suojella metsi\u00e4 ja luontomme monimuotoisuutta.<\/p>\n","protected":false},"author":33,"featured_media":55237,"comment_status":"closed","ping_status":"closed","sticky":false,"template":"","format":"standard","meta":{"_improvement_type_select":"improve_an_existing","_thumb_yes_seoaic":false,"_frame_yes_seoaic":false,"seoaic_generate_description":"","seoaic_improve_instructions_prompt":"","seoaic_rollback_content_improvement":"","seoaic_idea_thumbnail_generator":"","thumbnail_generated":false,"thumbnail_generate_prompt":"","seoaic_article_description":"","ep_exclude_from_search":false,"seoaic_article_subtitles":[],"p4_og_title":"","p4_og_description":"","p4_og_image":"","p4_og_image_id":"","p4_seo_canonical_url":"","p4_campaign_name":"","p4_local_project":"","p4_basket_name":"","p4_department":"","footnotes":""},"categories":[31,3],"tags":[72,38,71,82],"p4-page-type":[16],"class_list":["post-55236","post","type-post","status-publish","format-standard","has-post-thumbnail","hentry","category-greenpeace","category-metsat","tag-alkuperaiskansojenoikeudet","tag-kansalaistottelemattomuus","tag-suojellaanmetsat","tag-voitto","p4-page-type-blogit"],"_links":{"self":[{"href":"https:\/\/www.greenpeace.org\/finland\/wp-json\/wp\/v2\/posts\/55236","targetHints":{"allow":["GET"]}}],"collection":[{"href":"https:\/\/www.greenpeace.org\/finland\/wp-json\/wp\/v2\/posts"}],"about":[{"href":"https:\/\/www.greenpeace.org\/finland\/wp-json\/wp\/v2\/types\/post"}],"author":[{"embeddable":true,"href":"https:\/\/www.greenpeace.org\/finland\/wp-json\/wp\/v2\/users\/33"}],"replies":[{"embeddable":true,"href":"https:\/\/www.greenpeace.org\/finland\/wp-json\/wp\/v2\/comments?post=55236"}],"version-history":[{"count":3,"href":"https:\/\/www.greenpeace.org\/finland\/wp-json\/wp\/v2\/posts\/55236\/revisions"}],"predecessor-version":[{"id":55244,"href":"https:\/\/www.greenpeace.org\/finland\/wp-json\/wp\/v2\/posts\/55236\/revisions\/55244"}],"wp:featuredmedia":[{"embeddable":true,"href":"https:\/\/www.greenpeace.org\/finland\/wp-json\/wp\/v2\/media\/55237"}],"wp:attachment":[{"href":"https:\/\/www.greenpeace.org\/finland\/wp-json\/wp\/v2\/media?parent=55236"}],"wp:term":[{"taxonomy":"category","embeddable":true,"href":"https:\/\/www.greenpeace.org\/finland\/wp-json\/wp\/v2\/categories?post=55236"},{"taxonomy":"post_tag","embeddable":true,"href":"https:\/\/www.greenpeace.org\/finland\/wp-json\/wp\/v2\/tags?post=55236"},{"taxonomy":"p4-page-type","embeddable":true,"href":"https:\/\/www.greenpeace.org\/finland\/wp-json\/wp\/v2\/p4-page-type?post=55236"}],"curies":[{"name":"wp","href":"https:\/\/api.w.org\/{rel}","templated":true}]}}