{"id":55457,"date":"2023-10-20T12:10:58","date_gmt":"2023-10-20T09:10:58","guid":{"rendered":"https:\/\/www.greenpeace.org\/finland\/?p=55457"},"modified":"2023-10-20T12:51:04","modified_gmt":"2023-10-20T09:51:04","slug":"lasten-metsa-meni-upm-lohdutti-valheilla","status":"publish","type":"post","link":"https:\/\/www.greenpeace.org\/finland\/blogit\/metsat\/lasten-metsa-meni-upm-lohdutti-valheilla\/","title":{"rendered":"Lasten mets\u00e4 meni &#8211; UPM lohdutti valheilla"},"content":{"rendered":"\n<p><em>Isn\u00e4siss\u00e4 Loviisassa on kamppailtu keskelle kyl\u00e4\u00e4 tulevia hakkuita vastaan. Lopulta hyvin toimeentulevan plastiikkakirurgin UPM:lle myym\u00e4st\u00e4 mets\u00e4st\u00e4 hakattiin koulun vierest\u00e4 noin kymmenen hehtaaria. Lapset menettiv\u00e4t l\u00e4himets\u00e4n, mutta UPM tuli lohduttamaan mehulla ja grillimakkaralla.<\/em><\/p>\n\n<figure class=\"wp-block-image size-full\"><img loading=\"lazy\" decoding=\"async\" width=\"705\" height=\"769\" src=\"https:\/\/www.greenpeace.org\/static\/planet4-finland-stateless\/2023\/10\/1d9c9b0f-image-1.png\" title=\"UPM:n ty\u00f6ntekij\u00e4 seisoo selin kameraan ja sanoo &quot;El\u00e4imille ei tapahdu mit\u00e4\u00e4n&quot;.\" alt=\"\" class=\"wp-image-55454\" srcset=\"https:\/\/www.greenpeace.org\/static\/planet4-finland-stateless\/2023\/10\/1d9c9b0f-image-1.png 705w, https:\/\/www.greenpeace.org\/static\/planet4-finland-stateless\/2023\/10\/1d9c9b0f-image-1-275x300.png 275w, https:\/\/www.greenpeace.org\/static\/planet4-finland-stateless\/2023\/10\/1d9c9b0f-image-1-312x340.png 312w\" sizes=\"auto, (max-width: 705px) 100vw, 705px\" \/><figcaption class=\"wp-element-caption\">Ei el\u00e4imille mit\u00e4\u00e4n hakkuissa tapahdu, kertoo UPM lapsille.<div class=\"credit icon-left\"> \u00a9 Yle<\/div><\/figcaption><\/figure>\n\n<p>7\u201310-vuotias yleis\u00f6 oli innoissaan vahvoista ja hienoista mets\u00e4koneista. UPM:n edustajat vastasivat lasten huoliin puhumalla puuta hein\u00e4\u00e4, jota tuskin moni aikuinen uskoisi. Kysymykseen siit\u00e4, mit\u00e4 mets\u00e4n el\u00e4imille tapahtuu, vastattiin, ettei niille tapahdu mit\u00e4\u00e4n. Ne l\u00f6yt\u00e4v\u00e4t uuden kodin. Hakkuuta katsellessaan lapset varmaan n\u00e4kev\u00e4t mieless\u00e4\u00e4n oravat pakkaamassa muuttokuormiaan.<\/p>\n\n<p>UPM:n v\u00e4\u00e4ristely oli mennyt perille, kun yksi nuorista kuulijoista oli oppinut, ett\u00e4 \u201che ottavat pois puut, joita ei en\u00e4\u00e4 tarvita, jotta syntyisi enemm\u00e4n tilaa ja tulisi enemm\u00e4n el\u00e4imi\u00e4\u201d. UPM:n edustaja kertoi lapsille my\u00f6s, ett\u00e4\u00a0mets\u00e4ss\u00e4 ei ole liito-oravia eik\u00e4 saimaannorppiakaan.<\/p>\n\n<p>Mets\u00e4teollisuuden viherpesu on Isn\u00e4siss\u00e4 saavuttanut taas uuden tason. N\u00e4in saatiin selluksi koko kyl\u00e4yhteis\u00f6lle t\u00e4rke\u00e4 mets\u00e4, jossa ulkoillaan, marjastetaan ja sienestet\u00e4\u00e4n.<\/p>\n\n<p>Olen viiden lapsenlapsen isois\u00e4. En halua edes jakaa linkki\u00e4 asiasta kertoneen Ylen juttuun, jotta en enemp\u00e4\u00e4 nolaisi lapsia. Itse en pystyisi moiseen lasten aliarvioimiseen. UPM pystyi.<\/p>\n\n<p>(<a href=\"https:\/\/www.hs.fi\/kotimaa\/art-2000009400048.html\">N\u00e4in tarinan alusta kerrottiin Helsingin Sanomissa 17.2.2023<\/a>)<\/p>\n","protected":false},"excerpt":{"rendered":"<p>Isn\u00e4siss\u00e4 Loviisassa on kamppailtu keskelle kyl\u00e4\u00e4 tulevia hakkuita vastaan. Lopulta hyvin toimeentulevan plastiikkakirurgin UPM:lle myym\u00e4st\u00e4 mets\u00e4st\u00e4 hakattiin koulun vierest\u00e4 noin kymmenen hehtaaria. Lapset menettiv\u00e4t l\u00e4himets\u00e4n, mutta UPM tuli lohduttamaan mehulla ja grillimakkaralla.<\/p>\n","protected":false},"author":25,"featured_media":55454,"comment_status":"closed","ping_status":"closed","sticky":false,"template":"","format":"standard","meta":{"_improvement_type_select":"improve_an_existing","_thumb_yes_seoaic":false,"_frame_yes_seoaic":false,"seoaic_generate_description":"","seoaic_improve_instructions_prompt":"","seoaic_rollback_content_improvement":"","seoaic_idea_thumbnail_generator":"","thumbnail_generated":false,"thumbnail_generate_prompt":"","seoaic_article_description":"","ep_exclude_from_search":false,"seoaic_article_subtitles":[],"p4_og_title":"","p4_og_description":"","p4_og_image":"","p4_og_image_id":"","p4_seo_canonical_url":"","p4_campaign_name":"","p4_local_project":"","p4_basket_name":"","p4_department":"","footnotes":""},"categories":[3],"tags":[71],"p4-page-type":[16],"class_list":["post-55457","post","type-post","status-publish","format-standard","has-post-thumbnail","hentry","category-metsat","tag-suojellaanmetsat","p4-page-type-blogit"],"_links":{"self":[{"href":"https:\/\/www.greenpeace.org\/finland\/wp-json\/wp\/v2\/posts\/55457","targetHints":{"allow":["GET"]}}],"collection":[{"href":"https:\/\/www.greenpeace.org\/finland\/wp-json\/wp\/v2\/posts"}],"about":[{"href":"https:\/\/www.greenpeace.org\/finland\/wp-json\/wp\/v2\/types\/post"}],"author":[{"embeddable":true,"href":"https:\/\/www.greenpeace.org\/finland\/wp-json\/wp\/v2\/users\/25"}],"replies":[{"embeddable":true,"href":"https:\/\/www.greenpeace.org\/finland\/wp-json\/wp\/v2\/comments?post=55457"}],"version-history":[{"count":4,"href":"https:\/\/www.greenpeace.org\/finland\/wp-json\/wp\/v2\/posts\/55457\/revisions"}],"predecessor-version":[{"id":55461,"href":"https:\/\/www.greenpeace.org\/finland\/wp-json\/wp\/v2\/posts\/55457\/revisions\/55461"}],"wp:featuredmedia":[{"embeddable":true,"href":"https:\/\/www.greenpeace.org\/finland\/wp-json\/wp\/v2\/media\/55454"}],"wp:attachment":[{"href":"https:\/\/www.greenpeace.org\/finland\/wp-json\/wp\/v2\/media?parent=55457"}],"wp:term":[{"taxonomy":"category","embeddable":true,"href":"https:\/\/www.greenpeace.org\/finland\/wp-json\/wp\/v2\/categories?post=55457"},{"taxonomy":"post_tag","embeddable":true,"href":"https:\/\/www.greenpeace.org\/finland\/wp-json\/wp\/v2\/tags?post=55457"},{"taxonomy":"p4-page-type","embeddable":true,"href":"https:\/\/www.greenpeace.org\/finland\/wp-json\/wp\/v2\/p4-page-type?post=55457"}],"curies":[{"name":"wp","href":"https:\/\/api.w.org\/{rel}","templated":true}]}}