{"id":55706,"date":"2023-11-20T12:21:26","date_gmt":"2023-11-20T09:21:26","guid":{"rendered":"https:\/\/www.greenpeace.org\/finland\/?p=55706"},"modified":"2025-01-07T10:54:01","modified_gmt":"2025-01-07T07:54:01","slug":"black-friday-black-week-cyber-monday-onko-kohtuullista-syyllistaa-kuluttajaa","status":"publish","type":"post","link":"https:\/\/www.greenpeace.org\/finland\/blogit\/ilmastonmuutos\/black-friday-black-week-cyber-monday-onko-kohtuullista-syyllistaa-kuluttajaa\/","title":{"rendered":"Black Friday, Black Week, Cyber Monday&#8230; Tarjousten tyrkytt\u00e4mist\u00e4 ja keinotekoisten tarpeiden luomista \u2013 onko kohtuullista syyllist\u00e4\u00e4 kuluttajaa?"},"content":{"rendered":"\n<p><em>Kyseess\u00e4 on Yhdysvalloista ymp\u00e4ri maailmaa levinnyt ilmi\u00f6, jonka keski\u00f6ss\u00e4 ovat toinen toistaan houkuttelevammat tarjoukset ja valtavan volyymin shoppailurieha. Onko yksitt\u00e4isen kuluttajan vastuulla kielt\u00e4yty\u00e4 houkutuksista ja potea syyllisyytt\u00e4, vai olisiko syyt\u00e4 tarkastella my\u00f6s suurten yritysten vastuuta ymp\u00e4rist\u00f6n kannalta?<\/em><\/p>\n\n<figure class=\"wp-block-image size-full\"><img loading=\"lazy\" decoding=\"async\" width=\"940\" height=\"788\" src=\"https:\/\/www.greenpeace.org\/static\/planet4-finland-stateless\/2023\/11\/6a4cf863-black-friday-mega-sale.png\" alt=\"\" class=\"wp-image-55707\" srcset=\"https:\/\/www.greenpeace.org\/static\/planet4-finland-stateless\/2023\/11\/6a4cf863-black-friday-mega-sale.png 940w, https:\/\/www.greenpeace.org\/static\/planet4-finland-stateless\/2023\/11\/6a4cf863-black-friday-mega-sale-300x251.png 300w, https:\/\/www.greenpeace.org\/static\/planet4-finland-stateless\/2023\/11\/6a4cf863-black-friday-mega-sale-768x644.png 768w, https:\/\/www.greenpeace.org\/static\/planet4-finland-stateless\/2023\/11\/6a4cf863-black-friday-mega-sale-406x340.png 406w\" sizes=\"auto, (max-width: 940px) 100vw, 940px\" \/><\/figure>\n\n<p>Black Friday ja sen hurjat alennukset ovat taas t\u00e4\u00e4ll\u00e4. Toinen toistaan houkuttelevammat tarjoukset valtaavat j\u00e4lleen kadut, mainoskatkot ja somefiidit. Ilmi\u00f6 tuntuu laajenevan vuosi vuodelta, sill\u00e4 pelk\u00e4n Black Friday -perjantain lis\u00e4ksi puhutaan meill\u00e4 Suomessakin jo kokonaisesta Black Week -viikosta sek\u00e4 verkkokauppojen Cyber Monday -maanantaista kiitosp\u00e4iv\u00e4n j\u00e4lkeen. <strong>Ylikulutus on todellinen ongelma <\/strong>ja ilmastokriisin kiihtyess\u00e4 t\u00e4llainen maailmanlaajuinen ostamiseen kannustava kulutusjuhla tuntuu k\u00e4sitt\u00e4m\u00e4tt\u00f6m\u00e4lt\u00e4.<\/p>\n\n<p>Toki tarjoukset ja kilpaa halpuutetut hinnat n\u00e4ytt\u00e4v\u00e4t houkuttelevilta ja suuret yritykset luovat mielell\u00e4\u00e4n keinotekoisesti tarpeita kuluttajille \u2013 kuka nyt p\u00e4rj\u00e4isik\u00e4\u00e4n ilman v\u00e4h\u00e4n suurempaa TV:t\u00e4 tai t\u00e4m\u00e4n talven trendisaappaita? Varsinkin, jos hinnasta on viel\u00e4 tiputettu puolet ja <strong>vain t\u00e4n\u00e4\u00e4n<\/strong>. Keskeinen osa ongelmaa on siis ilmi\u00f6n ymp\u00e4rille syntynyt kulttuuri ja v\u00e4\u00e4ristynyt k\u00e4sitys siit\u00e4, mik\u00e4 on tavoittelemisen arvoista ja tarpeellista.&nbsp;<\/p>\n\n<p>Monella meist\u00e4 on varmasti varaa tarkastella kulutustapojaan kriittisemmin sek\u00e4 korjata ja k\u00e4ytt\u00e4\u00e4 loppuun se mit\u00e4 on tullut jo hankittua. Keskim\u00e4\u00e4rin me suomalaiset kulutamme maapallon hupenevia varoja aivan liikaa ja heit\u00e4mme pois k\u00e4ytt\u00f6kelpoista tavaraa.<\/p>\n\n<p>Onko taloushuolien ja inflaation kanssa painivan yksil\u00f6n syyttely ja syyllist\u00e4minen kuitenkaan kaikista hedelm\u00e4llisin, saati tehokkain, keino hillit\u00e4 ylikulutusta ja shoppailuriehaa? <strong>Vastuun tulisi olla my\u00f6s suurilla yrityksill\u00e4, jotka kilpaa halpuuttavat tavaraa jota emme oikeastaan tarvitse.<\/strong> Tehokkaita tapoja vaikuttaa t\u00e4h\u00e4n kulutusmaniaan ovat esimerkiksi suora palaute yritykselle, tarpeettomien uutiskirjeiden postituslistalta poistuminen ja asian nostaminen puheeksi oman l\u00e4hipiirin kanssa.<\/p>\n\n<h2 class=\"wp-block-heading\">Ylikulutus ja luontokato kulkevat k\u00e4si k\u00e4dess\u00e4<\/h2>\n\n<p>Ei ole sattumaa, ett\u00e4 el\u00e4mme ylt\u00e4kyll\u00e4isess\u00e4 valintojen ja tarjousten maailmassa ja samaan aikaan ilmasto l\u00e4mpenee enn\u00e4tyslukemiin ja luontokato kiihtyy. Meid\u00e4t houkutellaan haluamaan robotti-imureita ja l\u00e4j\u00e4p\u00e4in uutta pikamuotia, kun samaan aikaan vesist\u00f6t saastuvat, mets\u00e4t kaadetaan pahvilaatikoiksi, merten pohjat kaivetaan auki ja kaatopaikat t\u00e4yttyv\u00e4t roinasta joka on siivottava uuden tielt\u00e4 pois.<\/p>\n\n<p>Kiihtyv\u00e4 ylikulutus ja hupenevat luonnonvarat liittyv\u00e4t siis suoraan toisiinsa. Suomalaisilla olisi t\u00e4ss\u00e4 roimasti parantamisen varaa, sill\u00e4 <strong>t\u00e4n\u00e4 vuonna me vietimme ylikulutusp\u00e4iv\u00e4\u00e4 jo 31.3.<\/strong>, kun viisi vuotta sitten ylikulutusp\u00e4iv\u00e4\u00e4mme \u201cjuhlittiin\u201d 11.4. Vauhti on kiihtyv\u00e4, vaikka ymp\u00e4rist\u00f6asioista puhutaan enemm\u00e4n kuin koskaan. Jos muu maailma kuluttaisi kanssamme samaan tahtiin, tarvitsisimme noin nelj\u00e4 maapalloa kattamaan kuluttamamme luonnonvarat.<\/p>\n\n<figure class=\"wp-block-image size-large\"><img loading=\"lazy\" decoding=\"async\" width=\"1024\" height=\"683\" src=\"https:\/\/www.greenpeace.org\/static\/planet4-finland-stateless\/2023\/11\/a6e1978a-gp1swme3_medium_res-1024x683.jpg\" title=\"Pit\u00e4n valoitusajan avulla otettu kuva K\u00f6\u00f6penhaminassa, jossa lukee &quot;If You Don&#039;t Need It, Don&#039;t Buy It.&quot;\" alt=\"\" class=\"wp-image-55708\" srcset=\"https:\/\/www.greenpeace.org\/static\/planet4-finland-stateless\/2023\/11\/a6e1978a-gp1swme3_medium_res-1024x683.jpg 1024w, https:\/\/www.greenpeace.org\/static\/planet4-finland-stateless\/2023\/11\/a6e1978a-gp1swme3_medium_res-300x200.jpg 300w, https:\/\/www.greenpeace.org\/static\/planet4-finland-stateless\/2023\/11\/a6e1978a-gp1swme3_medium_res-768x512.jpg 768w, https:\/\/www.greenpeace.org\/static\/planet4-finland-stateless\/2023\/11\/a6e1978a-gp1swme3_medium_res-510x340.jpg 510w, https:\/\/www.greenpeace.org\/static\/planet4-finland-stateless\/2023\/11\/a6e1978a-gp1swme3_medium_res.jpg 1200w\" sizes=\"auto, (max-width: 1024px) 100vw, 1024px\" \/><figcaption class=\"wp-element-caption\">Black Fridayn LED-valoheijastus K\u00f6\u00f6penhaminan keskustassa muistuttamassa, ettei tarpeetonta tavaraa kannata ostaa.<\/figcaption><\/figure>\n\n<h2 class=\"wp-block-heading\">Harkitse, harkitse ja viel\u00e4 kerran harkitse<\/h2>\n\n<p>Loppuvuoden kulutusjuhlaan kannattaa siis suhtautua harkiten. Tarjouksia kohdatessaan valveutuneen kuluttajan kannattaa pit\u00e4\u00e4 mieless\u00e4, ett\u00e4 monille yrityksille vuoden loppu on t\u00e4rkeint\u00e4 aikaa takoa tulosta ja <a href=\"https:\/\/yle.fi\/a\/74-20059953\">osa yrityksist\u00e4 jopa nostaa hintojaan juuri ennen tarjousviikkoja<\/a>, jotta alennusprosentit saadaan n\u00e4ytt\u00e4m\u00e4\u00e4n mahdollisimman muhkeilta ja houkuttelevilta.&nbsp;<\/p>\n\n<p>On my\u00f6s hyv\u00e4 muistaa, ett\u00e4 monelle tarjouskimara saattaa olla ainut mahdollisuus hankkia v\u00e4ltt\u00e4m\u00e4tt\u00f6myyksi\u00e4 arkeen ja esimerkiksi joululahjoja rakkaimmilleen. Todellinen tarve ja taloudelliset haasteet joiden kanssa moni t\u00e4ll\u00e4 hetkell\u00e4 painii ovat nimitt\u00e4in asia erikseen.<\/p>\n\n<p>Jos Black Fridayn alennukset houkuttelevat ja joululahjalista kaipaa lyhent\u00e4mist\u00e4, voisiko pukin konttiin l\u00f6yt\u00e4\u00e4 tarjousviidakon seasta jotain aineetonta, kuten leffalipun tai hierontalahjakortin? Tai kenties l\u00e4heist\u00e4si ilahduttaisi lupaus yhteisest\u00e4 laatuajasta tai <strong><a href=\"https:\/\/lahjoita.greenpeace.org\/joulu\/~lahjoitukseni?\" target=\"_blank\" rel=\"noreferrer noopener\">lahjoitus luonnon hyv\u00e4ksi sek\u00e4 suloinen joulukortti<\/a><\/strong>?&nbsp;<\/p>\n\n<p>Houkutusten keskell\u00e4 olo voi tuntua ristiriitaiselta. Kannattaa mietti\u00e4, mit\u00e4 muuta voisit tarjousviikon aikaan tehd\u00e4. Voisiko tulevan perjantain viett\u00e4\u00e4 esimerkiksi ilman sosiaalista mediaa, jolloin altistat itse\u00e4si v\u00e4hemm\u00e4n mainoksille? <strong>Sanotaan yhdess\u00e4 \u201cei kiitos\u201d p\u00e4\u00e4tt\u00f6m\u00e4lle ostosmanialle ja kannustetaan muitakin ilmastoviisaaseen kuluttamiseen.<\/strong><\/p>\n","protected":false},"excerpt":{"rendered":"<p>Kyseess\u00e4 on Yhdysvalloista ymp\u00e4ri maailmaa levinnyt ilmi\u00f6, jonka keski\u00f6ss\u00e4 ovat toinen toistaan houkuttelevammat tarjoukset ja valtavan volyymin shoppailurieha. Onko yksitt\u00e4isen kuluttajan vastuulla kielt\u00e4yty\u00e4 houkutuksista ja potea syyllisyytt\u00e4, vai olisiko syyt\u00e4&hellip;<\/p>\n","protected":false},"author":82,"featured_media":55707,"comment_status":"closed","ping_status":"closed","sticky":false,"template":"","format":"standard","meta":{"_improvement_type_select":"improve_an_existing","_thumb_yes_seoaic":false,"_frame_yes_seoaic":false,"seoaic_generate_description":"","seoaic_improve_instructions_prompt":"","seoaic_rollback_content_improvement":"","seoaic_idea_thumbnail_generator":"","thumbnail_generated":false,"thumbnail_generate_prompt":"","seoaic_article_description":"","ep_exclude_from_search":false,"seoaic_article_subtitles":[],"p4_og_title":"","p4_og_description":"","p4_og_image":"","p4_og_image_id":"","p4_seo_canonical_url":"","p4_campaign_name":"","p4_local_project":"","p4_basket_name":"","p4_department":"","footnotes":""},"categories":[1],"tags":[76,70,58],"p4-page-type":[16],"class_list":["post-55706","post","type-post","status-publish","format-standard","has-post-thumbnail","hentry","category-ilmastonmuutos","tag-vinkit","tag-luontokato","tag-ilmastokriisinsyyt","p4-page-type-blogit"],"_links":{"self":[{"href":"https:\/\/www.greenpeace.org\/finland\/wp-json\/wp\/v2\/posts\/55706","targetHints":{"allow":["GET"]}}],"collection":[{"href":"https:\/\/www.greenpeace.org\/finland\/wp-json\/wp\/v2\/posts"}],"about":[{"href":"https:\/\/www.greenpeace.org\/finland\/wp-json\/wp\/v2\/types\/post"}],"author":[{"embeddable":true,"href":"https:\/\/www.greenpeace.org\/finland\/wp-json\/wp\/v2\/users\/82"}],"replies":[{"embeddable":true,"href":"https:\/\/www.greenpeace.org\/finland\/wp-json\/wp\/v2\/comments?post=55706"}],"version-history":[{"count":5,"href":"https:\/\/www.greenpeace.org\/finland\/wp-json\/wp\/v2\/posts\/55706\/revisions"}],"predecessor-version":[{"id":55935,"href":"https:\/\/www.greenpeace.org\/finland\/wp-json\/wp\/v2\/posts\/55706\/revisions\/55935"}],"wp:featuredmedia":[{"embeddable":true,"href":"https:\/\/www.greenpeace.org\/finland\/wp-json\/wp\/v2\/media\/55707"}],"wp:attachment":[{"href":"https:\/\/www.greenpeace.org\/finland\/wp-json\/wp\/v2\/media?parent=55706"}],"wp:term":[{"taxonomy":"category","embeddable":true,"href":"https:\/\/www.greenpeace.org\/finland\/wp-json\/wp\/v2\/categories?post=55706"},{"taxonomy":"post_tag","embeddable":true,"href":"https:\/\/www.greenpeace.org\/finland\/wp-json\/wp\/v2\/tags?post=55706"},{"taxonomy":"p4-page-type","embeddable":true,"href":"https:\/\/www.greenpeace.org\/finland\/wp-json\/wp\/v2\/p4-page-type?post=55706"}],"curies":[{"name":"wp","href":"https:\/\/api.w.org\/{rel}","templated":true}]}}