{"id":56167,"date":"2024-02-12T12:55:38","date_gmt":"2024-02-12T09:55:38","guid":{"rendered":"https:\/\/www.greenpeace.org\/finland\/?p=56167"},"modified":"2024-02-12T14:02:32","modified_gmt":"2024-02-12T11:02:32","slug":"greenpeacen-maajohtaja-metsahallitus-heittaa-bussin-alle-seka-metsat-etta-metsayhtiot","status":"publish","type":"post","link":"https:\/\/www.greenpeace.org\/finland\/blogit\/metsat\/greenpeacen-maajohtaja-metsahallitus-heittaa-bussin-alle-seka-metsat-etta-metsayhtiot\/","title":{"rendered":"Greenpeacen maajohtaja: Mets\u00e4hallitus heitt\u00e4\u00e4 bussin alle sek\u00e4 mets\u00e4t ett\u00e4 mets\u00e4yhti\u00f6t"},"content":{"rendered":"\n<figure class=\"wp-block-image size-full\"><img loading=\"lazy\" decoding=\"async\" width=\"900\" height=\"506\" src=\"https:\/\/www.greenpeace.org\/static\/planet4-finland-stateless\/2024\/02\/6df19e96-touko-sipilainen_pieni.jpg\" alt=\"\" class=\"wp-image-56171\" srcset=\"https:\/\/www.greenpeace.org\/static\/planet4-finland-stateless\/2024\/02\/6df19e96-touko-sipilainen_pieni.jpg 900w, https:\/\/www.greenpeace.org\/static\/planet4-finland-stateless\/2024\/02\/6df19e96-touko-sipilainen_pieni-300x169.jpg 300w, https:\/\/www.greenpeace.org\/static\/planet4-finland-stateless\/2024\/02\/6df19e96-touko-sipilainen_pieni-768x432.jpg 768w, https:\/\/www.greenpeace.org\/static\/planet4-finland-stateless\/2024\/02\/6df19e96-touko-sipilainen_pieni-510x287.jpg 510w\" sizes=\"auto, (max-width: 900px) 100vw, 900px\" \/><figcaption class=\"wp-element-caption\">Greenpeacen Suomen maajohtaja Touko Sipil\u00e4inen. Kuvat: Pyry Kantonen ja Jonne Sippola \/ Greenpeace.<\/figcaption><\/figure>\n\n<p><strong>Mets\u00e4hallitus heitt\u00e4\u00e4 luonnonmets\u00e4t, mutta my\u00f6s omat puun ostajansa bussin alle uhkaamalla hakkuilla kohteissa, joiden suojeluarvot ovat selv\u00e4t. Nyt mets\u00e4firmoilta vaaditaan viisautta puhaltaa peli poikki.<\/strong><\/p>\n\n<p>Suomessa on j\u00e4ljell\u00e4 en\u00e4\u00e4 hyvin v\u00e4h\u00e4n arvokkaita luonnonmetsi\u00e4. Silti niit\u00e4k\u00e4\u00e4n kaikkia ei ole saatu turvaan hakkuilta. Ylip\u00e4\u00e4ns\u00e4 suojeltua mets\u00e4\u00e4 on yh\u00e4 aivan liian v\u00e4h\u00e4n ja <a href=\"https:\/\/luontopaneeli.fi\/ajankohtaista\/luontokato-jatkuu-ilman-merkittavaa-suojelupinta-alan-lisaysta-suomen-luontotavoitteisiin-tarvitaan-konkretiaa-ja-selkeat-mittarit\/\" target=\"_blank\" rel=\"noreferrer noopener\">tutkijat varoittavat<\/a>, ett\u00e4 ilman merkitt\u00e4v\u00e4\u00e4 suojelupinta-alan lis\u00e4yst\u00e4 luontokato jatkuu.<\/p>\n\n<p>Suojelullisesti arvokkaita metsi\u00e4 ei siis ole varaa menett\u00e4\u00e4 selluksi, polttoon ja kertak\u00e4ytt\u00f6tuotteiksi. T\u00e4st\u00e4 huolimatta Mets\u00e4hallitus suunnittelee parhaillaan hakkaavansa yli <a href=\"https:\/\/www.greenpeace.org\/finland\/blogit\/metsat\/luontohakkuita-valtionmailla\/\" target=\"_blank\" rel=\"noreferrer noopener\">20 luonnonmets\u00e4ss\u00e4<\/a>. Mukana on esimerkiksi Etel\u00e4-Suomen arvokkain vanha lintumets\u00e4 Lapinj\u00e4rvell\u00e4 ja laajasti <a href=\"https:\/\/www.hs.fi\/kotimaa\/art-2000010141734.html\" target=\"_blank\" rel=\"noreferrer noopener\">ihmetyst\u00e4<\/a> her\u00e4tt\u00e4nyt osin yli 150-vuotiaiden rantametsien hakkuu Kuhmossa.<\/p>\n\n<p>Joukko ymp\u00e4rist\u00f6j\u00e4rjest\u00f6j\u00e4 on julistanut luonnonmetsi\u00e4 hukkaavien hakkuiden vuoksi <a href=\"https:\/\/www.greenpeace.org\/finland\/blogit\/metsat\/suomeen-luonnonmetsahalytys\/\" target=\"_blank\" rel=\"noreferrer noopener\">luonnonmets\u00e4h\u00e4lytyksen<\/a>, joka on n\u00e4kynyt niin sosiaalisessa mediassa, kuin mets\u00e4yhti\u00f6iden p\u00e4\u00e4konttoreillakin.<\/p>\n\n<figure class=\"wp-block-image size-full\"><img loading=\"lazy\" decoding=\"async\" width=\"900\" height=\"563\" src=\"https:\/\/www.greenpeace.org\/static\/planet4-finland-stateless\/2024\/02\/25416ec8-karttimonjoki-risto-sauso_pieni.jpg\" title=\"Kuusivoittoista naavaista mets\u00e4\u00e4, jossa on my\u00f6s lahoavia kaatuneita puita.\" alt=\"\" class=\"wp-image-56172\" srcset=\"https:\/\/www.greenpeace.org\/static\/planet4-finland-stateless\/2024\/02\/25416ec8-karttimonjoki-risto-sauso_pieni.jpg 900w, https:\/\/www.greenpeace.org\/static\/planet4-finland-stateless\/2024\/02\/25416ec8-karttimonjoki-risto-sauso_pieni-300x188.jpg 300w, https:\/\/www.greenpeace.org\/static\/planet4-finland-stateless\/2024\/02\/25416ec8-karttimonjoki-risto-sauso_pieni-768x480.jpg 768w, https:\/\/www.greenpeace.org\/static\/planet4-finland-stateless\/2024\/02\/25416ec8-karttimonjoki-risto-sauso_pieni-510x319.jpg 510w\" sizes=\"auto, (max-width: 900px) 100vw, 900px\" \/><figcaption class=\"wp-element-caption\">Karttimonjoen luonnonmets\u00e4 on yksi yli 20 akuutin hakkuu-uhan alla olevista valtion luonnonmetsist\u00e4. Kuva: Risto Sauso.<\/figcaption><\/figure>\n\n<p>Suomalainen tiedeyhteis\u00f6 on todennut varsin selv\u00e4sanaisesti, ett\u00e4 j\u00e4ljell\u00e4 olevat luonnonmets\u00e4t on suojeltava, kun haluamme pys\u00e4ytt\u00e4\u00e4 luontokadon. T\u00e4ll\u00f6in ei haeta kapeinta mahdollista tulkintaa vanhoista, luonnontilaisista metsist\u00e4, kuten Orpon hallitus tekee, vaan suojellaan kaikki vanhat mets\u00e4t ja kaikki luonnontilaiset mets\u00e4t sek\u00e4 kohdennetaan suojelua varttuneisiin metsiin, joiden luonnon monimuotoisuuspotentiaali on suurinta, kuten <a href=\"https:\/\/luontopaneeli.fi\/wp-content\/uploads\/2023\/11\/suomen-luontopaneelin-julkaisuja-3-2023-luontotavoitteiden-mittarien-ja-vertailutilan-valinnan-merkitys.pdf\" target=\"_blank\" rel=\"noreferrer noopener\">Luontopaneeli ohjeistaa<\/a>.\u00a0<\/p>\n\n<p>Luonnonmets\u00e4ty\u00f6ryhm\u00e4n <a href=\"https:\/\/koneensaatio.fi\/tarinat-ja-julkaisut\/luonnonmetsatutkimuksen-loppusuoralla\/\" target=\"_blank\" rel=\"noreferrer noopener\">kartoittamat<\/a> monimuotoisuudeltaan arvokkaat mets\u00e4t valtion mailla <a href=\"https:\/\/luontopaneeli.fi\/ajankohtaista\/luontokato-jatkuu-ilman-merkittavaa-suojelupinta-alan-lisaysta-suomen-luontotavoitteisiin-tarvitaan-konkretiaa-ja-selkeat-mittarit\/\" target=\"_blank\" rel=\"noreferrer noopener\">tulisi Luontopaneelin mukaan asettaa suojeluun<\/a>. T\u00e4st\u00e4 huolimatta Mets\u00e4hallituksella on t\u00e4ll\u00e4 hetkell\u00e4 hakkuusuunnitelmia juuri n\u00e4iss\u00e4 luonnonmetsiss\u00e4, poikkeuksellisen paljon, vaikka niit\u00e4 ei pit\u00e4isi olla yht\u00e4k\u00e4\u00e4n.<\/p>\n\n<h2 class=\"wp-block-heading\"><strong>T\u00e4ss\u00e4 menee raja: luonnonmetsien hakkuut on peruttava<\/strong><\/h2>\n\n<p>Ymp\u00e4rist\u00f6j\u00e4rjest\u00f6jen n\u00e4kemyksen mukaan raja on vedett\u00e4v\u00e4 t\u00e4ss\u00e4 ja nyt.&nbsp;Luonnonmets\u00e4ty\u00f6ryhm\u00e4n jo kartoittamissa kohteissa, joiden suojeluarvot ovat kiistattomat, ei voi hakata nyt eik\u00e4 tulevaisuudessa.<\/p>\n\n<p>Luonnonmetsi\u00e4 ei hakata, ellei niiden puuta osteta. Siksi Mets\u00e4hallituksen puun ostajilla on valta ja vastuu vihelt\u00e4\u00e4 uhkaava tilanne poikki. Mets\u00e4hallituksen suurimpien puun ostajien, eli Mets\u00e4 Groupin, Stora Enson ja UPM:n on linjattava selv\u00e4sanaisesti, ett\u00e4 hakkuut luonnonmetsiss\u00e4 eiv\u00e4t niille sovi.&nbsp;<\/p>\n\n<p>Muussa tapauksessa Suomen mets\u00e4j\u00e4tit ovat suoraan syyllisi\u00e4 n\u00e4iden korvaamattomien luontokohteiden menett\u00e4miseen \u2013\u00a0ja t\u00e4llainen vastuun pakoilu ei j\u00e4\u00e4 huomaamatta my\u00f6sk\u00e4\u00e4n heid\u00e4n asiakkailtaan. <a href=\"https:\/\/www.greenpeace.org\/finland\/tiedotteet\/metsat\/jalleen-uusi-saunamielenosoitus-upmn-taytyy-lopettaa-puun-ostaminen-luonnonmetsista\/\" target=\"_blank\" rel=\"noreferrer noopener\">Mielenosoittajat ovat t\u00e4ll\u00e4 viikolla vaatineet<\/a> mets\u00e4yhti\u00f6iden p\u00e4\u00e4konttoreilla mets\u00e4j\u00e4ttej\u00e4 vihelt\u00e4m\u00e4\u00e4n pelin poikki, perumaan hakkuut luonnonmetsiss\u00e4 ja ilmoittamaan, ett\u00e4 vastaavista luonnonmetsist\u00e4 ne eiv\u00e4t osta jatkossakaan.<\/p>\n\n<figure class=\"wp-block-image size-full\"><img loading=\"lazy\" decoding=\"async\" width=\"900\" height=\"600\" src=\"https:\/\/www.greenpeace.org\/static\/planet4-finland-stateless\/2024\/02\/89af17db-080224-upm-greenpeace-jonnesippola-2-pieni.jpg\" title=\"Greenpeacen aktivisti seisoo UPM:n p\u00e4\u00e4konttorin edess\u00e4 pidellen kyltti\u00e4, jossa on UMP:n toimitusjohtaja Massimo Reynaudo ja teksti &quot;H\u00e4n voi p\u00e4\u00e4tt\u00e4\u00e4, hakataanko luonnonmetsi\u00e4&quot;.\" alt=\"\" class=\"wp-image-56163\" srcset=\"https:\/\/www.greenpeace.org\/static\/planet4-finland-stateless\/2024\/02\/89af17db-080224-upm-greenpeace-jonnesippola-2-pieni.jpg 900w, https:\/\/www.greenpeace.org\/static\/planet4-finland-stateless\/2024\/02\/89af17db-080224-upm-greenpeace-jonnesippola-2-pieni-300x200.jpg 300w, https:\/\/www.greenpeace.org\/static\/planet4-finland-stateless\/2024\/02\/89af17db-080224-upm-greenpeace-jonnesippola-2-pieni-768x512.jpg 768w, https:\/\/www.greenpeace.org\/static\/planet4-finland-stateless\/2024\/02\/89af17db-080224-upm-greenpeace-jonnesippola-2-pieni-510x340.jpg 510w\" sizes=\"auto, (max-width: 900px) 100vw, 900px\" \/><figcaption class=\"wp-element-caption\">Greenpeacen, Luontoliiton, Elokapinan ja Mets\u00e4liikkeen aktivistit osoittivat viime viikolla mielt\u00e4 mets\u00e4yhti\u00f6iden p\u00e4\u00e4konttoreilla ja vaativat niit\u00e4 lopettamaan puun ostamisen luonnometsist\u00e4. Kuva: Jonne Sippola \/ Greenpeace.<\/figcaption><\/figure>\n\n<h2 class=\"wp-block-heading\"><strong>L\u00f6ytyyk\u00f6 ratkaisu luontokatoon Orpon hallituksen mets\u00e4kriteereist\u00e4?<\/strong><\/h2>\n\n<p><strong>Petteri Orpon<\/strong> hallitus sorvaa t\u00e4ll\u00e4 hetkell\u00e4 poliittisessa prosessissa omia kriteerej\u00e4\u00e4n metsille, jotka tulee EU:n biodiversiteettistrategian valossa suojella, osana laajempia suojelutavoitteita.\u00a0<\/p>\n\n<p>Mets\u00e4teollisuuden suunnalta tulossa oleviin Orpon hallituksen mets\u00e4kriteereihin on suhtauduttu toiveikkaasti. Niiden toivotaan tuovan selkeytt\u00e4 siihen, mit\u00e4 sopii hakata ja mit\u00e4 ei. Esimerkiksi Mets\u00e4 Groupin toimitusjohtaja <strong>Ilkka H\u00e4m\u00e4l\u00e4<\/strong> <a href=\"https:\/\/www.metsagroup.com\/fi\/uutiset-ja-julkaisut\/tiedotteet\/2024\/metsien-kohdennettu-lisasuojelu-on-luonnon-metsanomistajien-ja-metsateollisuuden-etu\/\" target=\"_blank\" rel=\"noreferrer noopener\">toivoi<\/a> yhti\u00f6n tiedotteessa nykyist\u00e4 selke\u00e4mp\u00e4\u00e4 rajanvetoa, joka \u201cmy\u00f6s vakauttaa puunhankinnan ja mets\u00e4nomistamisen toimintaymp\u00e4rist\u00f6\u00e4.\u201d\u00a0<\/p>\n\n<p>Jaan toiveen vahvasti. Valitettavasti n\u00e4ytt\u00e4\u00e4 kuitenkin silt\u00e4, ett\u00e4 Orpon mets\u00e4kriteereist\u00e4 ei t\u00e4llaisiksi selkeytt\u00e4jiksi ole. Ellei ihmeit\u00e4 tapahdu, tulemme n\u00e4kem\u00e4\u00e4n poliittisen paineen alla keinotekoisen ulos sulkeviksi m\u00e4\u00e4ritetyt kriteerit, jotka on valmisteltu EU:n ohjeen vastaisesti suljetussa prosessissa. T\u00e4ll\u00f6in kriteereilt\u00e4 j\u00e4\u00e4 puuttumaan yleinen hyv\u00e4ksynt\u00e4, eiv\u00e4tk\u00e4 ne ratkaise mit\u00e4\u00e4n.<\/p>\n\n<p>EU:n strategia velvoittaa suojelemaan kaikki luonnontilaiset mets\u00e4t ja vanhat mets\u00e4t sek\u00e4 huolehtimaan niiden asianmukaisista puskurivy\u00f6hykkeist\u00e4. Orpon hallituksen pyrkimyksen\u00e4 on kuitenkin suojella vain t\u00e4t\u00e4 kapeamman m\u00e4\u00e4ritelm\u00e4n mets\u00e4t (ks. Luontopaneelin <a href=\"https:\/\/luontopaneeli.fi\/wp-content\/uploads\/2023\/11\/suomen-luontopaneelin-julkaisuja-3-2023-luontotavoitteiden-mittarien-ja-vertailutilan-valinnan-merkitys.pdf\" target=\"_blank\" rel=\"noreferrer noopener\">kritiikki<\/a> hallitusohjelman muotoilusta) ja nekin vain aiempia prosesseja <a href=\"https:\/\/yle.fi\/a\/74-20058926\">ahtaammilla kriteereill\u00e4<\/a>, jotta suojelutarve j\u00e4isi v\u00e4h\u00e4iseksi (ks.<a href=\"https:\/\/yle.fi\/a\/74-20058926\" target=\"_blank\" rel=\"noreferrer noopener\"> tutkijoiden kritiikk<\/a>i).\u00a0<\/p>\n\n<p>N\u00e4ytt\u00e4\u00e4kin jo varsin selv\u00e4lt\u00e4, ett\u00e4 tekeill\u00e4 ei ole \u201ckansalliset kriteerit\u201d, jotka olisivat \u201cyleisesti hyv\u00e4ksytyt\u201d ja m\u00e4\u00e4ritt\u00e4isiv\u00e4t, mist\u00e4 mets\u00e4yhti\u00f6iden on vastuullista ostaa ja mist\u00e4 ei, vaan jotka j\u00e4tt\u00e4v\u00e4t kiistat auki ja luonnonmetsi\u00e4 hakkuu-uhan alle. T\u00e4ll\u00f6in katseet kohdistuvat yh\u00e4 tarkemmin kansainv\u00e4listen mets\u00e4j\u00e4ttien omiin puunhankintakriteereihin sek\u00e4 siihen, kenen tuotteisiin puu arvometsist\u00e4 p\u00e4\u00e4tyy.<\/p>\n\n<h3 class=\"wp-block-heading\"><strong>Mit\u00e4 on teht\u00e4v\u00e4?<\/strong><\/h3>\n\n<ul class=\"wp-block-list\">\n<li>Mets\u00e4hallituksen on luovuttava hakkuusuunnitelmistaan.&nbsp;<\/li>\n\n\n\n<li>Puun ostajien \u2013&nbsp;suurimpina Mets\u00e4, Stora ja UPM \u2013&nbsp;on todettava yksiselitteisesti, ett\u00e4 t\u00e4llainen puu ei heille kelpaa.&nbsp;<\/li>\n\n\n\n<li>P\u00e4\u00e4ministeri Orpon on l\u00f6ydett\u00e4v\u00e4 oma selk\u00e4rankansa kriteerien m\u00e4\u00e4rittelyss\u00e4.<\/li>\n<\/ul>\n\n<p>Suomalainen mets\u00e4teollisuus maalaa itsest\u00e4\u00e4n osin ep\u00e4rehellist\u00e4 kuvaa kest\u00e4vien arvojen edist\u00e4j\u00e4n\u00e4. Nyt on muuttaa toiminta oikeasti kest\u00e4v\u00e4ksi.<\/p>\n\n<p>Pallo on nyt teill\u00e4 mets\u00e4teollisuus: linjatkaa, ett\u00e4 ostot suojelullisesti arvokkaista metsist\u00e4 loppuvat.\u00a0<\/p>\n\n<p><strong>Touko Sipil\u00e4inen<\/strong><\/p>\n\n<p>Maajohtaja, Greenpeace<\/p>\n\n<h3 class=\"wp-block-heading\"><strong>Fakta: Luonnonmets\u00e4h\u00e4lytys<\/strong><\/h3>\n\n<ul class=\"wp-block-list\">\n<li>Valtion metsi\u00e4 hoitava Mets\u00e4hallitus suunnittelee hakkuita yli 20 luonnonmets\u00e4ss\u00e4<\/li>\n\n\n\n<li><a href=\"https:\/\/www.greenpeace.org\/finland\/blogit\/metsat\/suomeen-luonnonmetsahalytys\/\" target=\"_blank\" rel=\"noreferrer noopener\">Luonnonmets\u00e4h\u00e4lytyksen<\/a> ovat k\u00e4ynnist\u00e4neet Greenpeace, Mets\u00e4liike, Luontoliitto ja Elokapina<\/li>\n\n\n\n<li>J\u00e4rjest\u00f6t vaativat mets\u00e4yhti\u00f6it\u00e4 kielt\u00e4ytym\u00e4\u00e4n luonnonmetsien ostoista ja Mets\u00e4hallitusta perumaan hakkuut<\/li>\n\n\n\n<li>Itsen\u00e4inen Koneen s\u00e4\u00e4ti\u00f6n rahoittama Luonnonmets\u00e4ty\u00f6ryhm\u00e4 on kartoittanut luonnonmets\u00e4t valtion mailla, saamelaisten kotiseutualueen etel\u00e4puolella<\/li>\n\n\n\n<li>Ryhm\u00e4n kartoituksissaan k\u00e4ytt\u00e4m\u00e4t kriteerit perustuvat mets\u00e4teollisuuden jo kertaalleen hyv\u00e4ksymiin <a href=\"https:\/\/wwf.fi\/alueet\/suomen-metsat\/luonnonmetsa\/\" target=\"_blank\" rel=\"noreferrer noopener\">kriteereihin<\/a>, kuten METSO-ohjelman ja FSC:n korkean suojeluarvon HCV-m\u00e4\u00e4ritelmiin ja ovat varsin yhteensopivat EU-komission ohjeistuksen kanssa<\/li>\n<\/ul>\n\n<figure class=\"wp-block-image size-large\"><img loading=\"lazy\" decoding=\"async\" width=\"1024\" height=\"1024\" src=\"https:\/\/www.greenpeace.org\/static\/planet4-finland-stateless\/2024\/01\/a8cea87e-luonnonmetsahalytys-1024x1024.png\" alt=\"\" class=\"wp-image-56097\" srcset=\"https:\/\/www.greenpeace.org\/static\/planet4-finland-stateless\/2024\/01\/a8cea87e-luonnonmetsahalytys-1024x1024.png 1024w, https:\/\/www.greenpeace.org\/static\/planet4-finland-stateless\/2024\/01\/a8cea87e-luonnonmetsahalytys-300x300.png 300w, https:\/\/www.greenpeace.org\/static\/planet4-finland-stateless\/2024\/01\/a8cea87e-luonnonmetsahalytys-150x150.png 150w, https:\/\/www.greenpeace.org\/static\/planet4-finland-stateless\/2024\/01\/a8cea87e-luonnonmetsahalytys-768x768.png 768w, https:\/\/www.greenpeace.org\/static\/planet4-finland-stateless\/2024\/01\/a8cea87e-luonnonmetsahalytys-340x340.png 340w, https:\/\/www.greenpeace.org\/static\/planet4-finland-stateless\/2024\/01\/a8cea87e-luonnonmetsahalytys.png 1080w\" sizes=\"auto, (max-width: 1024px) 100vw, 1024px\" \/><\/figure>\n","protected":false},"excerpt":{"rendered":"<p>Mets\u00e4hallitus heitt\u00e4\u00e4 luonnonmets\u00e4t, mutta my\u00f6s omat puun ostajansa bussin alle uhkaamalla hakkuilla kohteissa, joiden suojeluarvot ovat selv\u00e4t. Nyt mets\u00e4firmoilta vaaditaan viisautta puhaltaa peli poikki.<\/p>\n","protected":false},"author":43,"featured_media":56171,"comment_status":"closed","ping_status":"closed","sticky":false,"template":"","format":"standard","meta":{"_improvement_type_select":"improve_an_existing","_thumb_yes_seoaic":false,"_frame_yes_seoaic":false,"seoaic_generate_description":"","seoaic_improve_instructions_prompt":"","seoaic_rollback_content_improvement":"","seoaic_idea_thumbnail_generator":"","thumbnail_generated":false,"thumbnail_generate_prompt":"","seoaic_article_description":"","ep_exclude_from_search":false,"seoaic_article_subtitles":[],"p4_og_title":"","p4_og_description":"","p4_og_image":"","p4_og_image_id":"","p4_seo_canonical_url":"","p4_campaign_name":"","p4_local_project":"","p4_basket_name":"","p4_department":"","footnotes":""},"categories":[3],"tags":[6,70,75,71],"p4-page-type":[16],"class_list":["post-56167","post","type-post","status-publish","format-standard","has-post-thumbnail","hentry","category-metsat","tag-luonnonmetsa","tag-luontokato","tag-metsateollisuus","tag-suojellaanmetsat","p4-page-type-blogit"],"_links":{"self":[{"href":"https:\/\/www.greenpeace.org\/finland\/wp-json\/wp\/v2\/posts\/56167","targetHints":{"allow":["GET"]}}],"collection":[{"href":"https:\/\/www.greenpeace.org\/finland\/wp-json\/wp\/v2\/posts"}],"about":[{"href":"https:\/\/www.greenpeace.org\/finland\/wp-json\/wp\/v2\/types\/post"}],"author":[{"embeddable":true,"href":"https:\/\/www.greenpeace.org\/finland\/wp-json\/wp\/v2\/users\/43"}],"replies":[{"embeddable":true,"href":"https:\/\/www.greenpeace.org\/finland\/wp-json\/wp\/v2\/comments?post=56167"}],"version-history":[{"count":10,"href":"https:\/\/www.greenpeace.org\/finland\/wp-json\/wp\/v2\/posts\/56167\/revisions"}],"predecessor-version":[{"id":56181,"href":"https:\/\/www.greenpeace.org\/finland\/wp-json\/wp\/v2\/posts\/56167\/revisions\/56181"}],"wp:featuredmedia":[{"embeddable":true,"href":"https:\/\/www.greenpeace.org\/finland\/wp-json\/wp\/v2\/media\/56171"}],"wp:attachment":[{"href":"https:\/\/www.greenpeace.org\/finland\/wp-json\/wp\/v2\/media?parent=56167"}],"wp:term":[{"taxonomy":"category","embeddable":true,"href":"https:\/\/www.greenpeace.org\/finland\/wp-json\/wp\/v2\/categories?post=56167"},{"taxonomy":"post_tag","embeddable":true,"href":"https:\/\/www.greenpeace.org\/finland\/wp-json\/wp\/v2\/tags?post=56167"},{"taxonomy":"p4-page-type","embeddable":true,"href":"https:\/\/www.greenpeace.org\/finland\/wp-json\/wp\/v2\/p4-page-type?post=56167"}],"curies":[{"name":"wp","href":"https:\/\/api.w.org\/{rel}","templated":true}]}}