{"id":56354,"date":"2024-03-12T14:52:37","date_gmt":"2024-03-12T11:52:37","guid":{"rendered":"https:\/\/www.greenpeace.org\/finland\/?p=56354"},"modified":"2024-03-12T14:52:43","modified_gmt":"2024-03-12T11:52:43","slug":"galapagos-kuhisee-elamaa-katso-upeita-kuvia-laivakiertueelta","status":"publish","type":"post","link":"https:\/\/www.greenpeace.org\/finland\/blogit\/meret\/galapagos-kuhisee-elamaa-katso-upeita-kuvia-laivakiertueelta\/","title":{"rendered":"Galapagos kuhisee el\u00e4m\u00e4\u00e4! Katso upeita kuvia laivakiertueelta"},"content":{"rendered":"\n<p><em>Greenpeacen kuuluisat laivat seilaavat j\u00e4lleen maailman meri\u00e4! Yhdess\u00e4 tutkijoiden ja meribiologien kanssa henkil\u00f6st\u00f6mme matkaa tutkimaan mertemme haavoittuvimpia kolkkia. Arctic Sunrise -laivamme on juuri nyt Galapagossaarilla ker\u00e4\u00e4m\u00e4ss\u00e4 tutkimusn\u00e4ytt\u00f6\u00e4 saarten suojelualueen laajentamisen tueksi.<\/em><\/p>\n\n<figure class=\"wp-block-image size-large\"><img loading=\"lazy\" decoding=\"async\" width=\"1024\" height=\"683\" src=\"https:\/\/www.greenpeace.org\/static\/planet4-finland-stateless\/2024\/02\/e1edde69-gp0stzniw_medium_res-1024x683.jpg\" title=\"Veike\u00e4 Sinijalkasuula levittelee siipi\u00e4\u00e4n kalliolla.\" alt=\"\" class=\"wp-image-56265\" srcset=\"https:\/\/www.greenpeace.org\/static\/planet4-finland-stateless\/2024\/02\/e1edde69-gp0stzniw_medium_res-1024x683.jpg 1024w, https:\/\/www.greenpeace.org\/static\/planet4-finland-stateless\/2024\/02\/e1edde69-gp0stzniw_medium_res-300x200.jpg 300w, https:\/\/www.greenpeace.org\/static\/planet4-finland-stateless\/2024\/02\/e1edde69-gp0stzniw_medium_res-768x512.jpg 768w, https:\/\/www.greenpeace.org\/static\/planet4-finland-stateless\/2024\/02\/e1edde69-gp0stzniw_medium_res-510x340.jpg 510w, https:\/\/www.greenpeace.org\/static\/planet4-finland-stateless\/2024\/02\/e1edde69-gp0stzniw_medium_res.jpg 1200w\" sizes=\"auto, (max-width: 1024px) 100vw, 1024px\" \/><figcaption class=\"wp-element-caption\">Alueelle tyypillinen ja veike\u00e4n n\u00e4k\u00f6inen sinijalkasuula (&#8221;Sula nebouxii&#8221;). Kuva: Markus Mauthe \/ Greenpeace<\/figcaption><\/figure>\n\n<p>Laivakiertue alkoi Galapagossaarilta ja tulee jatkumaan kuluvan vuoden aikana viel\u00e4 esimerkiksi Sargassonmerelle ja Saya de Malhan meriniityille Intian valtamerell\u00e4. Saamme tiimilt\u00e4mme viikottain upeita kuvia ja videoita luonnosta ja el\u00e4m\u00e4st\u00e4 laivalla. Halusimme jakaa niist\u00e4 osan kanssasi. Tule siis mukaan ja kurkista milt\u00e4 seikkailu Galapagossaarilla ja Arctic Sunrisen kyydiss\u00e4 n\u00e4ytt\u00e4\u00e4!<\/p>\n\n<figure class=\"wp-block-image size-large\"><img loading=\"lazy\" decoding=\"async\" width=\"1024\" height=\"683\" src=\"https:\/\/www.greenpeace.org\/static\/planet4-finland-stateless\/2024\/03\/cd3b38d6-gp0stznkt_medium_res-1024x683.jpg\" title=\"Utelias merileijona uiskentelee katsoen kameraan Galapagoksella.\" alt=\"\" class=\"wp-image-56355\" srcset=\"https:\/\/www.greenpeace.org\/static\/planet4-finland-stateless\/2024\/03\/cd3b38d6-gp0stznkt_medium_res-1024x683.jpg 1024w, https:\/\/www.greenpeace.org\/static\/planet4-finland-stateless\/2024\/03\/cd3b38d6-gp0stznkt_medium_res-300x200.jpg 300w, https:\/\/www.greenpeace.org\/static\/planet4-finland-stateless\/2024\/03\/cd3b38d6-gp0stznkt_medium_res-768x512.jpg 768w, https:\/\/www.greenpeace.org\/static\/planet4-finland-stateless\/2024\/03\/cd3b38d6-gp0stznkt_medium_res-510x340.jpg 510w, https:\/\/www.greenpeace.org\/static\/planet4-finland-stateless\/2024\/03\/cd3b38d6-gp0stznkt_medium_res.jpg 1200w\" sizes=\"auto, (max-width: 1024px) 100vw, 1024px\" \/><figcaption class=\"wp-element-caption\">Leikkis\u00e4 Galapagoksen merileijona keimaili kameralle San Cristobal -saaren edustalla.  Kuva: Markus Mauthe \/ Greenpeace<\/figcaption><\/figure>\n\n<figure class=\"wp-block-image size-large\"><img loading=\"lazy\" decoding=\"async\" width=\"1024\" height=\"683\" src=\"https:\/\/www.greenpeace.org\/static\/planet4-finland-stateless\/2024\/02\/c7cddbf1-gp0stznm0_medium_res-1024x683.jpg\" title=\"Kaksi Galapagossaarten j\u00e4ttil\u00e4iskilpikonnaa seisomassa vastakkain mudassa.\" alt=\"\" class=\"wp-image-56267\" srcset=\"https:\/\/www.greenpeace.org\/static\/planet4-finland-stateless\/2024\/02\/c7cddbf1-gp0stznm0_medium_res-1024x683.jpg 1024w, https:\/\/www.greenpeace.org\/static\/planet4-finland-stateless\/2024\/02\/c7cddbf1-gp0stznm0_medium_res-300x200.jpg 300w, https:\/\/www.greenpeace.org\/static\/planet4-finland-stateless\/2024\/02\/c7cddbf1-gp0stznm0_medium_res-768x512.jpg 768w, https:\/\/www.greenpeace.org\/static\/planet4-finland-stateless\/2024\/02\/c7cddbf1-gp0stznm0_medium_res-510x340.jpg 510w, https:\/\/www.greenpeace.org\/static\/planet4-finland-stateless\/2024\/02\/c7cddbf1-gp0stznm0_medium_res.jpg 1200w\" sizes=\"auto, (max-width: 1024px) 100vw, 1024px\" \/><figcaption class=\"wp-element-caption\">Galapagossaarten j\u00e4ttil\u00e4iskilpikonnia Santa Cruz -saarella. Kuva: Markus Mauthe \/ Greenpeace<\/figcaption><\/figure>\n\n<figure class=\"wp-block-image size-large\"><img loading=\"lazy\" decoding=\"async\" width=\"1024\" height=\"683\" src=\"https:\/\/www.greenpeace.org\/static\/planet4-finland-stateless\/2024\/03\/d5d85167-gp0stzngh_medium_res-1024x683.jpg\" title=\"MigraMarin tutkija Cesar Pe\u00f1aherrera nostamassa BRUVS-laitetta miehist\u00f6n kanssa.\" alt=\"\" class=\"wp-image-56357\" srcset=\"https:\/\/www.greenpeace.org\/static\/planet4-finland-stateless\/2024\/03\/d5d85167-gp0stzngh_medium_res-1024x683.jpg 1024w, https:\/\/www.greenpeace.org\/static\/planet4-finland-stateless\/2024\/03\/d5d85167-gp0stzngh_medium_res-300x200.jpg 300w, https:\/\/www.greenpeace.org\/static\/planet4-finland-stateless\/2024\/03\/d5d85167-gp0stzngh_medium_res-768x512.jpg 768w, https:\/\/www.greenpeace.org\/static\/planet4-finland-stateless\/2024\/03\/d5d85167-gp0stzngh_medium_res-510x340.jpg 510w, https:\/\/www.greenpeace.org\/static\/planet4-finland-stateless\/2024\/03\/d5d85167-gp0stzngh_medium_res.jpg 1200w\" sizes=\"auto, (max-width: 1024px) 100vw, 1024px\" \/><figcaption class=\"wp-element-caption\">MigraMarin tutkija Cesar Pe\u00f1aherrera nostamassa BRUVS-laitetta (Baited Remote Underwater Video System) laivan henkil\u00f6st\u00f6n kanssa. Kuva: Tom\u00e1s Munita \/ Greenpeace<\/figcaption><\/figure>\n\n<figure class=\"wp-block-image size-large\"><img loading=\"lazy\" decoding=\"async\" width=\"1024\" height=\"683\" src=\"https:\/\/www.greenpeace.org\/static\/planet4-finland-stateless\/2024\/03\/f49beace-gp0stzncv_medium_res-1024x683.jpg\" title=\"Sinijalkasuulan poikanen uiskentelee vedess\u00e4.\" alt=\"\" class=\"wp-image-56358\" srcset=\"https:\/\/www.greenpeace.org\/static\/planet4-finland-stateless\/2024\/03\/f49beace-gp0stzncv_medium_res-1024x683.jpg 1024w, https:\/\/www.greenpeace.org\/static\/planet4-finland-stateless\/2024\/03\/f49beace-gp0stzncv_medium_res-300x200.jpg 300w, https:\/\/www.greenpeace.org\/static\/planet4-finland-stateless\/2024\/03\/f49beace-gp0stzncv_medium_res-768x512.jpg 768w, https:\/\/www.greenpeace.org\/static\/planet4-finland-stateless\/2024\/03\/f49beace-gp0stzncv_medium_res-510x340.jpg 510w, https:\/\/www.greenpeace.org\/static\/planet4-finland-stateless\/2024\/03\/f49beace-gp0stzncv_medium_res.jpg 1200w\" sizes=\"auto, (max-width: 1024px) 100vw, 1024px\" \/><figcaption class=\"wp-element-caption\">Pieni sinijalkasuulan poikanen uiskentelemassa ja etsim\u00e4ss\u00e4 sy\u00f6t\u00e4v\u00e4\u00e4 Darwin-saaren edustalla. Kuva: Markus Mauthes \/ Greenpeace<\/figcaption><\/figure>\n\n<figure class=\"wp-block-image size-large\"><img loading=\"lazy\" decoding=\"async\" width=\"1024\" height=\"684\" src=\"https:\/\/www.greenpeace.org\/static\/planet4-finland-stateless\/2024\/03\/5cc5ac36-gp0stzngm_medium_res-1024x684.jpg\" title=\"Keltaista banneria maalataan Artic Sunrisella.\" alt=\"\" class=\"wp-image-56359\" srcset=\"https:\/\/www.greenpeace.org\/static\/planet4-finland-stateless\/2024\/03\/5cc5ac36-gp0stzngm_medium_res-1024x684.jpg 1024w, https:\/\/www.greenpeace.org\/static\/planet4-finland-stateless\/2024\/03\/5cc5ac36-gp0stzngm_medium_res-300x200.jpg 300w, https:\/\/www.greenpeace.org\/static\/planet4-finland-stateless\/2024\/03\/5cc5ac36-gp0stzngm_medium_res-768x513.jpg 768w, https:\/\/www.greenpeace.org\/static\/planet4-finland-stateless\/2024\/03\/5cc5ac36-gp0stzngm_medium_res-510x340.jpg 510w, https:\/\/www.greenpeace.org\/static\/planet4-finland-stateless\/2024\/03\/5cc5ac36-gp0stzngm_medium_res.jpg 1200w\" sizes=\"auto, (max-width: 1024px) 100vw, 1024px\" \/><figcaption class=\"wp-element-caption\">Laivan hekil\u00f6st\u00f6\u00e4 ja viestint\u00e4tiimin j\u00e4seni\u00e4 maalaamassa bannereita tulevia kuvaustilanteita varten. Kuva: Tom\u00e1s Munita \/ Greenpeace<\/figcaption><\/figure>\n\n<figure class=\"wp-block-image size-large\"><img loading=\"lazy\" decoding=\"async\" width=\"1024\" height=\"683\" src=\"https:\/\/www.greenpeace.org\/static\/planet4-finland-stateless\/2024\/03\/b37f1f8a-gp0stzngr_medium_res-1024x683.jpg\" title=\"Miehist\u00f6 laulaa Happy Birthday laulua.\" alt=\"\" class=\"wp-image-56360\" srcset=\"https:\/\/www.greenpeace.org\/static\/planet4-finland-stateless\/2024\/03\/b37f1f8a-gp0stzngr_medium_res-1024x683.jpg 1024w, https:\/\/www.greenpeace.org\/static\/planet4-finland-stateless\/2024\/03\/b37f1f8a-gp0stzngr_medium_res-300x200.jpg 300w, https:\/\/www.greenpeace.org\/static\/planet4-finland-stateless\/2024\/03\/b37f1f8a-gp0stzngr_medium_res-768x512.jpg 768w, https:\/\/www.greenpeace.org\/static\/planet4-finland-stateless\/2024\/03\/b37f1f8a-gp0stzngr_medium_res-510x340.jpg 510w, https:\/\/www.greenpeace.org\/static\/planet4-finland-stateless\/2024\/03\/b37f1f8a-gp0stzngr_medium_res.jpg 1200w\" sizes=\"auto, (max-width: 1024px) 100vw, 1024px\" \/><figcaption class=\"wp-element-caption\">Laivan henkil\u00f6st\u00f6\u00e4 ja videokuvaaja Fabio Erdos (keskell\u00e4) laulamassa syntym\u00e4p\u00e4iv\u00e4onnitteluja Arctic Sunrisen kyydiss\u00e4. Kuva: Tom\u00e1s Munita \/ Greenpeace<\/figcaption><\/figure>\n\n<figure class=\"wp-block-image size-large\"><img loading=\"lazy\" decoding=\"async\" width=\"1024\" height=\"683\" src=\"https:\/\/www.greenpeace.org\/static\/planet4-finland-stateless\/2024\/03\/7a25276a-gp0stznia_medium_res-1024x683.jpg\" title=\"N\u00e4ytt\u00e4v\u00e4 Iguaani lep\u00e4\u00e4 kiven p\u00e4\u00e4ll\u00e4 Galapagoksella.\" alt=\"\" class=\"wp-image-56361\" srcset=\"https:\/\/www.greenpeace.org\/static\/planet4-finland-stateless\/2024\/03\/7a25276a-gp0stznia_medium_res-1024x683.jpg 1024w, https:\/\/www.greenpeace.org\/static\/planet4-finland-stateless\/2024\/03\/7a25276a-gp0stznia_medium_res-300x200.jpg 300w, https:\/\/www.greenpeace.org\/static\/planet4-finland-stateless\/2024\/03\/7a25276a-gp0stznia_medium_res-768x512.jpg 768w, https:\/\/www.greenpeace.org\/static\/planet4-finland-stateless\/2024\/03\/7a25276a-gp0stznia_medium_res-510x340.jpg 510w, https:\/\/www.greenpeace.org\/static\/planet4-finland-stateless\/2024\/03\/7a25276a-gp0stznia_medium_res.jpg 1200w\" sizes=\"auto, (max-width: 1024px) 100vw, 1024px\" \/><figcaption class=\"wp-element-caption\">Uljas meri-iguaani l\u00e4mmittelem\u00e4ss\u00e4 rantakalliolla. Kuva: Markus Mauthe \/ Greenpeace<\/figcaption><\/figure>\n\n<figure class=\"wp-block-image size-large\"><img loading=\"lazy\" decoding=\"async\" width=\"1024\" height=\"683\" src=\"https:\/\/www.greenpeace.org\/static\/planet4-finland-stateless\/2024\/03\/e85daaa4-gp0stznjp_medium_res-1024x683.jpg\" title=\"Galapagoksella orettu kuva oksalla istuasta kirkkaan punaisesta pikkulinnusta.\" alt=\"\" class=\"wp-image-56362\" srcset=\"https:\/\/www.greenpeace.org\/static\/planet4-finland-stateless\/2024\/03\/e85daaa4-gp0stznjp_medium_res-1024x683.jpg 1024w, https:\/\/www.greenpeace.org\/static\/planet4-finland-stateless\/2024\/03\/e85daaa4-gp0stznjp_medium_res-300x200.jpg 300w, https:\/\/www.greenpeace.org\/static\/planet4-finland-stateless\/2024\/03\/e85daaa4-gp0stznjp_medium_res-768x512.jpg 768w, https:\/\/www.greenpeace.org\/static\/planet4-finland-stateless\/2024\/03\/e85daaa4-gp0stznjp_medium_res-510x340.jpg 510w, https:\/\/www.greenpeace.org\/static\/planet4-finland-stateless\/2024\/03\/e85daaa4-gp0stznjp_medium_res.jpg 1200w\" sizes=\"auto, (max-width: 1024px) 100vw, 1024px\" \/><figcaption class=\"wp-element-caption\">Galapagossaarille endeeminen, n\u00e4ytt\u00e4v\u00e4 mutta pieni tyrannilintujen heimoon kuuluva lintu (<em><strong>Pyrocephalus nanus<\/strong><\/em>), joka tunnetaan my\u00f6s nimell\u00e4 &#8221;Darwin&#8217;s flycatcher&#8221;. Kuva: Markus Mauthe \/ Greenpeace<\/figcaption><\/figure>\n\n<p>Laivat ovat liikkeell\u00e4, koska mertensuojelua on kiireesti laajennettava. Haluamme yhdess\u00e4 teid\u00e4n tukijoiden kanssa vakuuttaa valtioiden p\u00e4\u00e4tt\u00e4j\u00e4t siit\u00e4, ett\u00e4 tasan vuosi sitten hyv\u00e4ksytty YK:n mertensuojelusopimus, suurin ymp\u00e4rist\u00f6sopimus sukupolviin, on pantava pian k\u00e4yt\u00e4nt\u00f6\u00f6n. <strong>Aikaa odotteluun ei en\u00e4\u00e4 ole, sill\u00e4 30 prosenttia maailman merist\u00e4 on suojeltava vuoteen 2030 menness\u00e4.<\/strong> Juuri siksi teemme t\u00e4t\u00e4 kriittisen t\u00e4rke\u00e4\u00e4 kartoitusty\u00f6t\u00e4.<\/p>\n\n<p>Yhdess\u00e4 voimme tehd\u00e4 valtamerten suojelualueista vihdoin totta. Tule siis mukaamme seikkailuun ja <strong>osoita tukesi ty\u00f6llemme allekirjoittamalla vetoomus<\/strong>:<\/p>\n\t\t\t<section\n\t\t\tclass=\"boxout post-56246 \"\n\t\t\t\n\t\t>\n\t\t\t<a\n\t\t\t\tdata-ga-category=\"Take Action Boxout\"\n\t\t\t\tdata-ga-action=\"Image\"\n\t\t\t\tdata-ga-label=\"n\/a\"\n\t\t\t\tclass=\"cover-card-overlay\"\n\t\t\t\thref=\"https:\/\/www.greenpeace.org\/finland\/toimi\/mertensuojelualueet-todeksi\/\" \n\t\t\t><\/a>\n\t\t\t\t\t\t\t<img\n\t\t\t\t\t\tsrc=\"https:\/\/www.greenpeace.org\/static\/planet4-finland-stateless\/2024\/03\/4a0953b2-gp0stznhq_medium_res-1024x684.jpg\"\n\t\t\t\t\t\tsrcset=\"https:\/\/www.greenpeace.org\/static\/planet4-finland-stateless\/2024\/03\/4a0953b2-gp0stznhq_medium_res-300x200.jpg 300w, https:\/\/www.greenpeace.org\/static\/planet4-finland-stateless\/2024\/03\/4a0953b2-gp0stznhq_medium_res-1024x684.jpg 1024w, https:\/\/www.greenpeace.org\/static\/planet4-finland-stateless\/2024\/03\/4a0953b2-gp0stznhq_medium_res-768x513.jpg 768w, https:\/\/www.greenpeace.org\/static\/planet4-finland-stateless\/2024\/03\/4a0953b2-gp0stznhq_medium_res-510x340.jpg 510w, https:\/\/www.greenpeace.org\/static\/planet4-finland-stateless\/2024\/03\/4a0953b2-gp0stznhq_medium_res.jpg 1200w\"\n\t\t\t\t\t\tsizes=\"(min-width: 1000px) 358px, (min-width: 780px) 313px, 88px\"\n\t\t\t\t\t\talt=\"Henkil\u00f6 pitelee banneria, jossa lukee ratifioikaa valtamerisopimus.\" title=\"Henkil\u00f6 pitelee banneria, jossa lukee ratifioikaa valtamerisopimus.\"\n\t\t\t\t\/>\n            \t\t\t<div class=\"boxout-content\">\n\t\t\t\t\t\t\t\t\t<a\n\t\t\t\t\t\tclass=\"boxout-heading medium\"\n\t\t\t\t\t\tdata-ga-category=\"Take Action Boxout\"\n\t\t\t\t\t\tdata-ga-action=\"Title\"\n\t\t\t\t\t\tdata-ga-label=\"n\/a\"\n\t\t\t\t\t\thref=\"https:\/\/www.greenpeace.org\/finland\/toimi\/mertensuojelualueet-todeksi\/\"\n\t\t\t\t\t\t\n\t\t\t\t\t>\n\t\t\t\t\t\tMertensuojelualueet todeksi\n\t\t\t\t\t<\/a>\n\t\t\t\t\t\t\t\t\t\t\t\t\t<p class=\"boxout-excerpt\">Olemme tutkimusmatkalla tehd\u00e4ksemme mertensuojelualueista vihdoin totta. Tule mukaan!<\/p>\n\t\t\t\t                                    <a\n                        class=\"btn btn-primary\"\n                        data-ga-category=\"Take Action Boxout\"\n                        data-ga-action=\"Call to Action\"\n                        data-ga-label=\"n\/a\"\n                        href=\"https:\/\/www.greenpeace.org\/finland\/toimi\/mertensuojelualueet-todeksi\/\"\n                        \n                    >\n                        Tule mukaan\n                    <\/a>\n                \t\t\t<\/div>\n\t\t\t\t\t<\/section>\n\t","protected":false},"excerpt":{"rendered":"<p>Greenpeacen kuuluisat laivat seilaavat j\u00e4lleen maailman meri\u00e4 tutkien mertemme haavoittuvimpia kolkkia. Kurkista Arctic Sunrise -laivan kyytiin Galapagossaarilla!<\/p>\n","protected":false},"author":33,"featured_media":56265,"comment_status":"closed","ping_status":"closed","sticky":false,"template":"","format":"standard","meta":{"_improvement_type_select":"improve_an_existing","_thumb_yes_seoaic":false,"_frame_yes_seoaic":false,"seoaic_generate_description":"","seoaic_improve_instructions_prompt":"","seoaic_rollback_content_improvement":"","seoaic_idea_thumbnail_generator":"","thumbnail_generated":false,"thumbnail_generate_prompt":"","seoaic_article_description":"","ep_exclude_from_search":false,"seoaic_article_subtitles":[],"p4_og_title":"","p4_og_description":"","p4_og_image":"","p4_og_image_id":"","p4_seo_canonical_url":"","p4_campaign_name":"","p4_local_project":"","p4_basket_name":"","p4_department":"","footnotes":""},"categories":[4],"tags":[62,73,78,25],"p4-page-type":[16],"class_list":["post-56354","post","type-post","status-publish","format-standard","has-post-thumbnail","hentry","category-meret","tag-greenpeacenlaivat","tag-maailmanmeret","tag-monimuotoisuus","tag-suojellaanmeret","p4-page-type-blogit"],"_links":{"self":[{"href":"https:\/\/www.greenpeace.org\/finland\/wp-json\/wp\/v2\/posts\/56354","targetHints":{"allow":["GET"]}}],"collection":[{"href":"https:\/\/www.greenpeace.org\/finland\/wp-json\/wp\/v2\/posts"}],"about":[{"href":"https:\/\/www.greenpeace.org\/finland\/wp-json\/wp\/v2\/types\/post"}],"author":[{"embeddable":true,"href":"https:\/\/www.greenpeace.org\/finland\/wp-json\/wp\/v2\/users\/33"}],"replies":[{"embeddable":true,"href":"https:\/\/www.greenpeace.org\/finland\/wp-json\/wp\/v2\/comments?post=56354"}],"version-history":[{"count":3,"href":"https:\/\/www.greenpeace.org\/finland\/wp-json\/wp\/v2\/posts\/56354\/revisions"}],"predecessor-version":[{"id":56367,"href":"https:\/\/www.greenpeace.org\/finland\/wp-json\/wp\/v2\/posts\/56354\/revisions\/56367"}],"wp:featuredmedia":[{"embeddable":true,"href":"https:\/\/www.greenpeace.org\/finland\/wp-json\/wp\/v2\/media\/56265"}],"wp:attachment":[{"href":"https:\/\/www.greenpeace.org\/finland\/wp-json\/wp\/v2\/media?parent=56354"}],"wp:term":[{"taxonomy":"category","embeddable":true,"href":"https:\/\/www.greenpeace.org\/finland\/wp-json\/wp\/v2\/categories?post=56354"},{"taxonomy":"post_tag","embeddable":true,"href":"https:\/\/www.greenpeace.org\/finland\/wp-json\/wp\/v2\/tags?post=56354"},{"taxonomy":"p4-page-type","embeddable":true,"href":"https:\/\/www.greenpeace.org\/finland\/wp-json\/wp\/v2\/p4-page-type?post=56354"}],"curies":[{"name":"wp","href":"https:\/\/api.w.org\/{rel}","templated":true}]}}