{"id":56623,"date":"2024-05-13T16:22:50","date_gmt":"2024-05-13T13:22:50","guid":{"rendered":"https:\/\/www.greenpeace.org\/finland\/?p=56623"},"modified":"2024-05-13T16:22:54","modified_gmt":"2024-05-13T13:22:54","slug":"ymparistojarjestot-hallituksen-valmisteilla-olevat-metsakriteerit-ovat-taydellinen-rimanalitus","status":"publish","type":"post","link":"https:\/\/www.greenpeace.org\/finland\/tiedotteet\/metsat\/ymparistojarjestot-hallituksen-valmisteilla-olevat-metsakriteerit-ovat-taydellinen-rimanalitus\/","title":{"rendered":"Ymp\u00e4rist\u00f6j\u00e4rjest\u00f6t: Hallituksen valmisteilla olevat mets\u00e4kriteerit ovat t\u00e4ydellinen rimanalitus"},"content":{"rendered":"\n<p>Ylen <a href=\"https:\/\/yle.fi\/a\/74-20087923\">t\u00e4n\u00e4\u00e4n julkaisemat tiedot<\/a> viittaavat siihen, ett\u00e4 Petteri Orpon hallitus pyrkii v\u00e4ltt\u00e4m\u00e4\u00e4n valtion metsien suojelua. Greenpeace, Suomen luonnonsuojeluliitto ja WWF Suomi tuomitsevat hallituksen valmisteilla olevat mets\u00e4kriteerit ja muistuttavat Petteri Orpoa lupauksestaan suojella valtion vanhat mets\u00e4t. Jos kriteerit j\u00e4\u00e4v\u00e4t n\u00e4in heikoiksi, uhkaa valtion luonnonmetsien m\u00e4\u00e4r\u00e4 huveta entisest\u00e4\u00e4n, Orpon vahtivuorolla.<\/p>\n\n<figure class=\"wp-block-image size-full\"><img loading=\"lazy\" decoding=\"async\" width=\"800\" height=\"533\" src=\"https:\/\/www.greenpeace.org\/static\/planet4-finland-stateless\/2023\/12\/38af81e0-kuhmo-halkomannikko-1-c-risto-sauso.jpg\" title=\"Vanhaa mets\u00e4\u00e4, jonka keskell\u00e4 on pieni lammikko.\" alt=\"\" class=\"wp-image-55783\" srcset=\"https:\/\/www.greenpeace.org\/static\/planet4-finland-stateless\/2023\/12\/38af81e0-kuhmo-halkomannikko-1-c-risto-sauso.jpg 800w, https:\/\/www.greenpeace.org\/static\/planet4-finland-stateless\/2023\/12\/38af81e0-kuhmo-halkomannikko-1-c-risto-sauso-300x200.jpg 300w, https:\/\/www.greenpeace.org\/static\/planet4-finland-stateless\/2023\/12\/38af81e0-kuhmo-halkomannikko-1-c-risto-sauso-768x512.jpg 768w, https:\/\/www.greenpeace.org\/static\/planet4-finland-stateless\/2023\/12\/38af81e0-kuhmo-halkomannikko-1-c-risto-sauso-510x340.jpg 510w\" sizes=\"auto, (max-width: 800px) 100vw, 800px\" \/><figcaption class=\"wp-element-caption\">Suojelematonta luonnonmets\u00e4\u00e4 valtion mailla Kuhmossa. Kuva: Risto Sauso.<\/figcaption><\/figure>\n\n<p>\u201cValmisteilla oleva esitys mets\u00e4kriteereist\u00e4 kuulostaa rimanalitukselta. Vaikuttaa silt\u00e4, ett\u00e4 esityksell\u00e4 pyrit\u00e4\u00e4n l\u00e4hinn\u00e4 varmistamaan, ett\u00e4 suojeltavaa mets\u00e4\u00e4 l\u00f6ytyy mahdollisimman v\u00e4h\u00e4n. T\u00e4m\u00e4 rikkoo r\u00e4ike\u00e4sti hallituksen omia lupauksia luontokadon pys\u00e4ytt\u00e4misest\u00e4\u201d, sanoo Suomen luonnonsuojeluliiton toiminnanjohtaja <strong>Tapani Veistola<\/strong>.<\/p>\n\n<p>Ymp\u00e4rist\u00f6j\u00e4rjest\u00f6jen mukaan valmisteilla olevissa mets\u00e4kriteereiss\u00e4 on ohitettu tieteen viestit t\u00e4ysin. K\u00e4yt\u00e4nn\u00f6ss\u00e4 kriteereist\u00e4 on tulossa niin ulossulkevat, ett\u00e4 valtaosa jo tiedossa olevista, suojelup\u00e4\u00e4t\u00f6st\u00e4 odottavista luonnonmetsist\u00e4 j\u00e4\u00e4 suojelematta.<\/p>\n\n<p>\u201cPetteri Orpon hallitus lupasi riippumattomat kriteerit, mutta nyt valmisteilla on jotain aivan muuta. Luontokadon pys\u00e4ytt\u00e4misen sijaan hallitus haluaa pys\u00e4ytt\u00e4\u00e4 metsien suojelun\u201d, sanoo WWF Suomen johtava mets\u00e4asiantuntija <strong>Mai Suominen<\/strong>.<\/p>\n\n<p>Ylen julkaisemat tiedot koskevat luonnosta, jonka ymp\u00e4rist\u00f6ministeri\u00f6 sek\u00e4 maa- ja mets\u00e4talousministeri\u00f6 ovat laatineet hallitukselle. Luonnos on toimitettu vastuuministereille, joiden on m\u00e4\u00e4r\u00e4 p\u00e4\u00e4tt\u00e4\u00e4 asiasta l\u00e4hiaikoina.\u00a0<\/p>\n\n<p>\u201cJos Orpon hallitukselta ei l\u00f6ydy selk\u00e4rankaa suojella valtion arvokkaita luonnonmetsi\u00e4, j\u00e4\u00e4 vastuu puun ostajille eli mets\u00e4yhti\u00f6ille. Suomalaisten mets\u00e4yhti\u00f6iden kansainv\u00e4lisi\u00e4 asiakkaita kyll\u00e4 kiinnostaa, p\u00e4\u00e4tyyk\u00f6 tuotteisiin luonnonmets\u00e4\u00e4 vai ei. Riitt\u00e4v\u00e4n vahva suojelup\u00e4\u00e4t\u00f6s on siis koko mets\u00e4alan etu\u201d, sanoo Greenpeacen Suomen maajohtaja <strong>Touko Sipil\u00e4inen<\/strong>.<\/p>\n\n<p>Ylen julkaisemien tietojen perusteella ymp\u00e4rist\u00f6ministeri\u00f6 olisi esitt\u00e4nyt suojelun m\u00e4\u00e4r\u00e4ksi 100 000 hehtaaria mets\u00e4- ja kitumaata saamelaisalueen etel\u00e4puolisesta Suomesta. Ymp\u00e4rist\u00f6j\u00e4rjest\u00f6t muistuttavat, ett\u00e4 luku voi kuitenkin t\u00e4ytty\u00e4 pitk\u00e4lti metsill\u00e4, jotka on jo valmiiksi suojeltu Mets\u00e4hallituksen omin p\u00e4\u00e4t\u00f6ksin. Mets\u00e4hallituksen mailla on koko maan tasolla satoja tuhansia hehtaareja vanhoja ja luonnontilaisia metsi\u00e4, jotka on jo aiemmin rajattu hakkuiden ulkopuolelle, vaikkakaan ei suojeltu luonnonsuojelulailla. J\u00e4rjest\u00f6t pelk\u00e4\u00e4v\u00e4tkin, ett\u00e4 hallitus pyrkii v\u00e4ist\u00e4m\u00e4\u00e4n suojelun laajentamisen suojelemalla l\u00e4hinn\u00e4 n\u00e4it\u00e4 jo mets\u00e4talousk\u00e4yt\u00f6n ulkopuolella olevia alueita \u2013 ja niist\u00e4kin vain osan.<\/p>\n\n<p><strong>Yhteystiedot ja haastattelupyynn\u00f6t:<\/strong><\/p>\n\n<p>Touko Sipil\u00e4inen<br>Greenpeacen Suomen maajohtaja<br>044 239 4404<br>touko.sipilainen@greenpeace.org<\/p>\n\n<p>Tapani Veistola<br>Suomen luonnonsuojeluliiton toiminnanjohtaja<br>0400 615 530<br>tapani.veistola@sll.fi<\/p>\n\n<p>Mai Suominen<br>WWF Suomen johtava mets\u00e4asiantuntija<br>050 322 4363<br>mai.suominen@wwf.fi<\/p>\n\n<p>Mari Vaara<br>Greenpeacen tiedottaja<br>040 751 7957<br>mari.vaara@greenpeace.org<\/p>\n","protected":false},"excerpt":{"rendered":"<p>Ylen t\u00e4n\u00e4\u00e4n julkaisemat tiedot viittaavat siihen, ett\u00e4 Petteri Orpon hallitus pyrkii v\u00e4ltt\u00e4m\u00e4\u00e4n valtion metsien suojelua. Greenpeace, Suomen luonnonsuojeluliitto ja WWF Suomi tuomitsevat hallituksen valmisteilla olevat mets\u00e4kriteerit ja muistuttavat Petteri Orpoa lupauksestaan suojella valtion vanhat mets\u00e4t.<\/p>\n","protected":false},"author":33,"featured_media":55783,"comment_status":"closed","ping_status":"closed","sticky":false,"template":"","format":"standard","meta":{"_improvement_type_select":"improve_an_existing","_thumb_yes_seoaic":false,"_frame_yes_seoaic":false,"seoaic_generate_description":"","seoaic_improve_instructions_prompt":"","seoaic_rollback_content_improvement":"","seoaic_idea_thumbnail_generator":"","thumbnail_generated":false,"thumbnail_generate_prompt":"","seoaic_article_description":"","ep_exclude_from_search":false,"seoaic_article_subtitles":[],"p4_og_title":"","p4_og_description":"","p4_og_image":"","p4_og_image_id":"","p4_seo_canonical_url":"","p4_campaign_name":"","p4_local_project":"","p4_basket_name":"","p4_department":"","footnotes":""},"categories":[3],"tags":[6,70,71],"p4-page-type":[14],"class_list":["post-56623","post","type-post","status-publish","format-standard","has-post-thumbnail","hentry","category-metsat","tag-luonnonmetsa","tag-luontokato","tag-suojellaanmetsat","p4-page-type-tiedotteet"],"_links":{"self":[{"href":"https:\/\/www.greenpeace.org\/finland\/wp-json\/wp\/v2\/posts\/56623","targetHints":{"allow":["GET"]}}],"collection":[{"href":"https:\/\/www.greenpeace.org\/finland\/wp-json\/wp\/v2\/posts"}],"about":[{"href":"https:\/\/www.greenpeace.org\/finland\/wp-json\/wp\/v2\/types\/post"}],"author":[{"embeddable":true,"href":"https:\/\/www.greenpeace.org\/finland\/wp-json\/wp\/v2\/users\/33"}],"replies":[{"embeddable":true,"href":"https:\/\/www.greenpeace.org\/finland\/wp-json\/wp\/v2\/comments?post=56623"}],"version-history":[{"count":1,"href":"https:\/\/www.greenpeace.org\/finland\/wp-json\/wp\/v2\/posts\/56623\/revisions"}],"predecessor-version":[{"id":56625,"href":"https:\/\/www.greenpeace.org\/finland\/wp-json\/wp\/v2\/posts\/56623\/revisions\/56625"}],"wp:featuredmedia":[{"embeddable":true,"href":"https:\/\/www.greenpeace.org\/finland\/wp-json\/wp\/v2\/media\/55783"}],"wp:attachment":[{"href":"https:\/\/www.greenpeace.org\/finland\/wp-json\/wp\/v2\/media?parent=56623"}],"wp:term":[{"taxonomy":"category","embeddable":true,"href":"https:\/\/www.greenpeace.org\/finland\/wp-json\/wp\/v2\/categories?post=56623"},{"taxonomy":"post_tag","embeddable":true,"href":"https:\/\/www.greenpeace.org\/finland\/wp-json\/wp\/v2\/tags?post=56623"},{"taxonomy":"p4-page-type","embeddable":true,"href":"https:\/\/www.greenpeace.org\/finland\/wp-json\/wp\/v2\/p4-page-type?post=56623"}],"curies":[{"name":"wp","href":"https:\/\/api.w.org\/{rel}","templated":true}]}}