{"id":56822,"date":"2024-06-11T15:32:32","date_gmt":"2024-06-11T12:32:32","guid":{"rendered":"https:\/\/www.greenpeace.org\/finland\/?p=56822"},"modified":"2024-06-12T12:51:24","modified_gmt":"2024-06-12T09:51:24","slug":"historiallista-vain-vastuun-pakoilu-ymparistojarjestot-tyrmistyivat-hallituksen-metsalinjauksista","status":"publish","type":"post","link":"https:\/\/www.greenpeace.org\/finland\/tiedotteet\/metsat\/historiallista-vain-vastuun-pakoilu-ymparistojarjestot-tyrmistyivat-hallituksen-metsalinjauksista\/","title":{"rendered":"&#8221;Historiallista vain vastuun pakoilu&#8221; \u2013 ymp\u00e4rist\u00f6j\u00e4rjest\u00f6t tyrmistyiv\u00e4t hallituksen mets\u00e4linjauksista"},"content":{"rendered":"\n<p><strong><em>Ymp\u00e4rist\u00f6j\u00e4rjest\u00f6t ovat syv\u00e4sti pettyneit\u00e4 Petteri Orpon hallituksen t\u00e4n\u00e4\u00e4n julkistamiin linjauksiin metsien suojelusta. J\u00e4rjest\u00f6t toteavat, ett\u00e4 luonnonmetsien m\u00e4\u00e4r\u00e4 Suomessa hupenee nyt entisest\u00e4\u00e4n, kun vanhoja metsi\u00e4 j\u00e4tet\u00e4\u00e4n hakkuiden piiriin. Erillisp\u00e4\u00e4t\u00f6s suojelusta l\u00e4hinn\u00e4 alleviivaa, mit\u00e4 tullaan j\u00e4tt\u00e4m\u00e4\u00e4n tiukan suojelun ulkopuolelle, eik\u00e4 tosiasiallinen suojelupinta-ala lis\u00e4\u00e4nny v\u00e4ltt\u00e4m\u00e4tt\u00e4 lainkaan. Varsinkin yksityismaiden osalta hallituksen p\u00e4\u00e4t\u00f6ksen valmistelu on t\u00e4ysin puutteellista.<\/em><\/strong><\/p>\n\n<figure class=\"wp-block-image size-full is-resized\"><img loading=\"lazy\" decoding=\"async\" width=\"900\" height=\"563\" src=\"https:\/\/www.greenpeace.org\/static\/planet4-finland-stateless\/2024\/06\/265ebbae-karttimonjoki-risto-sauso_pieni.jpg\" title=\"Kuusivoittoista, naavaista mets\u00e4\u00e4, jossa n\u00e4kyy my\u00f6s kaatuneita puita.\" alt=\"\" class=\"wp-image-56823\" style=\"width:736px;height:auto\" srcset=\"https:\/\/www.greenpeace.org\/static\/planet4-finland-stateless\/2024\/06\/265ebbae-karttimonjoki-risto-sauso_pieni.jpg 900w, https:\/\/www.greenpeace.org\/static\/planet4-finland-stateless\/2024\/06\/265ebbae-karttimonjoki-risto-sauso_pieni-300x188.jpg 300w, https:\/\/www.greenpeace.org\/static\/planet4-finland-stateless\/2024\/06\/265ebbae-karttimonjoki-risto-sauso_pieni-768x480.jpg 768w, https:\/\/www.greenpeace.org\/static\/planet4-finland-stateless\/2024\/06\/265ebbae-karttimonjoki-risto-sauso_pieni-510x319.jpg 510w\" sizes=\"auto, (max-width: 900px) 100vw, 900px\" \/><figcaption class=\"wp-element-caption\">Suojelematonta luonnonmets\u00e4\u00e4 valtion mailla Karttimonjoella. Kuva: Risto Sauso.<\/figcaption><\/figure>\n\n<p>Hallitus on t\u00e4n\u00e4\u00e4n julkistanut kauan odotetut linjauksensa valtion vanhojen metsien suojelusta. Ymp\u00e4rist\u00f6j\u00e4rjest\u00f6t ovat j\u00e4rkyttyneit\u00e4 Orpon hallituksen linjauksista, joita on aitojen suojelutavoitteiden sijaan ohjannut pyrkimys v\u00e4ltt\u00e4\u00e4 metsien suojelua. Hallituksen historiallisiksi kutsumat linjaukset otettiin ymp\u00e4rist\u00f6j\u00e4rjest\u00f6iss\u00e4 vastaan silm\u00e4nk\u00e4\u00e4nt\u00f6temppuna.&nbsp;<\/p>\n\n<p>\u201cEllei esityst\u00e4 korjata, hallituksen suojelutoimet j\u00e4\u00e4v\u00e4t t\u00e4ydeksi ved\u00e4tykseksi. Ensin tehd\u00e4\u00e4n kriteerit, jotka tunnistaisivat l\u00e4hinn\u00e4 satumets\u00e4t. T\u00e4n\u00e4\u00e4n julkistettiin pienen pinta-alan kattava erillisp\u00e4\u00e4t\u00f6s, joka ei juuri sis\u00e4ll\u00e4 uutta suojelua ja joka ainoastaan alleviivaa, miten valtavia kokonaisuuksia tiukan suojelun ulkopuolelle aiotaan j\u00e4tt\u00e4\u00e4. Ep\u00e4selv\u00e4ksi j\u00e4\u00e4, lis\u00e4\u00e4ntyyk\u00f6 kaiken t\u00e4m\u00e4n teatterin j\u00e4lkeen tosiasiallinen suojelupinta-ala lainkaan. K\u00e4rsij\u00e4n\u00e4 t\u00e4ss\u00e4 poliittisessa peliss\u00e4 on Suomen korvaamaton luonto\u201d, sanoo Greenpeacen Suomen maajohtaja <strong>Touko Sipil\u00e4inen<\/strong>.<\/p>\n\n<p>Hallituksen linjaukset kriteereist\u00e4 ovat juuri niin ahtaat kuin ennakoitiin. Erillisen\u00e4 lis\u00e4p\u00e4\u00e4t\u00f6ksen\u00e4 hallitus esitteli noin 31 000 hehtaarin p\u00e4\u00e4t\u00f6ksen metsist\u00e4, kitumaista ja joutomaista, jotka siirrett\u00e4isiin alue-ekologisen verkoston sis\u00e4lt\u00e4 suoraan tiukkaan suojeluun ilman kartoituksia.&nbsp;<\/p>\n\n<p>Ymp\u00e4rist\u00f6j\u00e4rjest\u00f6jen mukaan kyseinen pinta-ala&nbsp; on k\u00e4sitt\u00e4m\u00e4tt\u00f6m\u00e4n pieni ja kattaa vain murto-osan niist\u00e4 alue-ekologisesta verkostosta l\u00f6ytyvist\u00e4 luontokohteista, jotka Syken arvion mukaan t\u00e4ytt\u00e4v\u00e4t vanhojen metsien tai luonnonmetsien m\u00e4\u00e4ritelm\u00e4t ja tulisi siksi siirt\u00e4\u00e4 suoraan tiukkaan suojeluun. Pelk\u00e4st\u00e4\u00e4n aarniomets\u00e4kuvioissa, hakkuiden ulkopuolella mutta ilman tiukan suojelun turvaa, on t\u00e4llaisia metsi\u00e4 259 000 hehtaaria. Lis\u00e4\u00e4 l\u00f6ytyy muista mets\u00e4isist\u00e4 luontokohteista sek\u00e4 luontaistalousalueilta. T\u00e4m\u00e4 tarkoittaa sit\u00e4, ett\u00e4 koko hallituksen suojelutavoite (80 000\u201390 0000 hehtaaria) t\u00e4yttyy tarvittaessa ilman, ett\u00e4 tosiasiallinen suojelupinta-ala kasvaa yht\u00e4\u00e4n.<\/p>\n\n<p><strong>\u201c<\/strong>Vanhoja metsi\u00e4 on j\u00e4ljell\u00e4 en\u00e4\u00e4 v\u00e4h\u00e4isi\u00e4 rippeit\u00e4, meill\u00e4 ei ole varaa menett\u00e4\u00e4 niist\u00e4 yht\u00e4k\u00e4\u00e4n. Silti n\u00e4in nyt k\u00e4y. Vanhojen metsien m\u00e4\u00e4r\u00e4 hupenee entisest\u00e4\u00e4n, kun niit\u00e4 rajataan kriteerien ulkopuolelle. Meill\u00e4 on metsist\u00e4mme erityinen vastuu, mutta nyt historiallista on ainoastaan vastuun pakoilu<strong>\u201d,<\/strong> sanoo Suomen luonnonsuojeluliiton puheenjohtaja <strong>Hanna Halmeenp\u00e4\u00e4<\/strong>.&nbsp;<\/p>\n\n<p>EU:n biodiversiteettistrategian mukaan kaikki luonnontilaiset mets\u00e4t ja vanhat mets\u00e4t tulee suojella ja toimeenpanoa varten on laadittava tiedepohjaiset kriteerit. Hallituksen nyt esitt\u00e4m\u00e4t kriteerit eiv\u00e4t vastaa asetettua tavoitetta ja niiden laadinnassa on ohitettu kaikki aiemmat Suomessa k\u00e4yt\u00f6ss\u00e4 olleet kriteerit vanhojen metsien suojelemiseksi. Valtion maiden lis\u00e4ksi hallituksen p\u00e4\u00e4tt\u00e4m\u00e4t kriteerit tulevat koskemaan my\u00f6s yksityisi\u00e4 mets\u00e4nomistajia.&nbsp;&nbsp;<\/p>\n\n<p><strong>\u201c<\/strong>T\u00e4llainen poukkoileva politiikka tuntuu mets\u00e4nomistajista h\u00e4mment\u00e4v\u00e4lt\u00e4. Suomessa on sovittu yhdess\u00e4 toimivasta suojeluohjelmasta, saatu lukuisat mets\u00e4nomistajat ehdottamaan kohteitaan suojeluun ja nyt hallitus on leikannut rahoituksesta ja suojeluneuvonnasta. N\u00e4ill\u00e4 leikkauksilla ja kriteereill\u00e4 hallitus l\u00e4hett\u00e4\u00e4 vahvan viestin mets\u00e4nomistajille siit\u00e4, ettei suojelu olisi t\u00e4rke\u00e4\u00e4\u201d, muistuttaa WWF Suomen johtava mets\u00e4asiantuntija <strong>Mai Suominen<\/strong>.<\/p>\n\n<p>Yksityismailla vanhojen metsien suojelup\u00e4\u00e4t\u00f6ksen piiriin on otettava METSO-ohjelman I-luokan kriteerit t\u00e4ytt\u00e4v\u00e4t mets\u00e4t ja n\u00e4in ollen hallituksen tulisikin lis\u00e4t\u00e4 tuntuvasti suojelurahoitusta, ja kohdentaa kattavasti viestint\u00e4\u00e4 metsien omistajille kannustaakseen n\u00e4iden metsien suojeluun vapaaehtoisesti.&nbsp;<\/p>\n\n<h2 class=\"wp-block-heading\"><strong>\u201cKansallisia kriteerej\u00e4\u201d valmisteltu ep\u00e4m\u00e4\u00e4r\u00e4isesti suhmuroiden<\/strong><\/h2>\n\n<p>Hallitus ei ole valmistellut suojelup\u00e4\u00e4t\u00f6st\u00e4 ja valtion metsien kartoitusta l\u00e4pin\u00e4kyv\u00e4sti, vaikka n\u00e4in on julkisesti luvattu. My\u00f6s EU:n komissio edellytt\u00e4\u00e4 biodiversiteettistrategian toimeenpanolta l\u00e4pin\u00e4kyvyytt\u00e4.&nbsp;<\/p>\n\n<p>Mets\u00e4hallitus ei ole luovuttanut valtionmaiden mets\u00e4varatietoa ymp\u00e4rist\u00f6hallinnon k\u00e4ytett\u00e4v\u00e4ksi, mik\u00e4 tekee valtionmaiden suojelusuunnittelusta ja vaikuttavuuden arvioinnista vaikeaa. Parhaillaan Mets\u00e4hallituksen oma kartoitus on jo k\u00e4ynniss\u00e4 ilman, ett\u00e4 kartoitukseen valittavat mets\u00e4t, kartoituksen valintaperusteet ja inventointiohjeet olisivat julkisesti tiedossa.&nbsp;<\/p>\n\n<p>Yksityismaiden osalta valmistelussa ei ole edes tarkasteltu kriteerilinjausten taloudellisia ja sosiaalisia vaikutuksia, mik\u00e4 on oikeudenmukaisuuden n\u00e4k\u00f6kulmasta keskeinen puute.&nbsp; Ymp\u00e4rist\u00f6j\u00e4rjest\u00f6t pit\u00e4v\u00e4t kriteerien kommentointiin varattua, lomakauteen sijoittuvaa, 24. hein\u00e4kuuta&nbsp; p\u00e4\u00e4ttyv\u00e4\u00e4 lausuntoaikaa t\u00e4ysin ala-arvoisena.&nbsp;<\/p>\n\n<p>\u201cAiomme edelleen tehd\u00e4 kaikkemme, jotta Suomi ottaisi luontokadon torjumisen tosissaan ja t\u00e4ytt\u00e4isi kansainv\u00e4liset velvoitteensa\u201d, j\u00e4rjest\u00f6ist\u00e4 todetaan.<\/p>\n\n<h4 class=\"wp-block-heading\"><strong>Lis\u00e4tiedot<\/strong><\/h4>\n\n<p>Touko Sipil\u00e4inen, Greenpeacen Suomen maajohtaja, <a href=\"mailto:touko.sipilainen@greenpeace.org\">touko.sipilainen@greenpeace.org<\/a>, 044 239 4404<\/p>\n\n<p>Mai Suominen, johtava mets\u00e4asiantuntija, WWF Suomi, <a href=\"mailto:mai.suominen@wwf.fi\">mai.suominen@wwf.fi<\/a>, 050 322 4363<\/p>\n\n<p>Liisa Toopakka, monimuotoisuusasiantuntija, Suomen luonnonsuojeluliitto, <a href=\"mailto:liisa.toopakka@sll.fi\">liisa.toopakka@sll.fi<\/a>, 040 5042 989<\/p>\n","protected":false},"excerpt":{"rendered":"<p>Ymp\u00e4rist\u00f6j\u00e4rjest\u00f6t ovat syv\u00e4sti pettyneit\u00e4 Petteri Orpon hallituksen t\u00e4n\u00e4\u00e4n julkistamiin linjauksiin metsien suojelusta. J\u00e4rjest\u00f6t toteavat, ett\u00e4 luonnonmetsien m\u00e4\u00e4r\u00e4 Suomessa hupenee nyt entisest\u00e4\u00e4n, kun vanhoja metsi\u00e4 j\u00e4tet\u00e4\u00e4n hakkuiden piiriin. <\/p>\n","protected":false},"author":33,"featured_media":56823,"comment_status":"closed","ping_status":"closed","sticky":false,"template":"","format":"standard","meta":{"_improvement_type_select":"improve_an_existing","_thumb_yes_seoaic":false,"_frame_yes_seoaic":false,"seoaic_generate_description":"","seoaic_improve_instructions_prompt":"","seoaic_rollback_content_improvement":"","seoaic_idea_thumbnail_generator":"","thumbnail_generated":false,"thumbnail_generate_prompt":"","seoaic_article_description":"","ep_exclude_from_search":false,"seoaic_article_subtitles":[],"p4_og_title":"","p4_og_description":"","p4_og_image":"","p4_og_image_id":"","p4_seo_canonical_url":"","p4_campaign_name":"","p4_local_project":"","p4_basket_name":"","p4_department":"","footnotes":""},"categories":[3],"tags":[6,70,71],"p4-page-type":[14],"class_list":["post-56822","post","type-post","status-publish","format-standard","has-post-thumbnail","hentry","category-metsat","tag-luonnonmetsa","tag-luontokato","tag-suojellaanmetsat","p4-page-type-tiedotteet"],"_links":{"self":[{"href":"https:\/\/www.greenpeace.org\/finland\/wp-json\/wp\/v2\/posts\/56822","targetHints":{"allow":["GET"]}}],"collection":[{"href":"https:\/\/www.greenpeace.org\/finland\/wp-json\/wp\/v2\/posts"}],"about":[{"href":"https:\/\/www.greenpeace.org\/finland\/wp-json\/wp\/v2\/types\/post"}],"author":[{"embeddable":true,"href":"https:\/\/www.greenpeace.org\/finland\/wp-json\/wp\/v2\/users\/33"}],"replies":[{"embeddable":true,"href":"https:\/\/www.greenpeace.org\/finland\/wp-json\/wp\/v2\/comments?post=56822"}],"version-history":[{"count":4,"href":"https:\/\/www.greenpeace.org\/finland\/wp-json\/wp\/v2\/posts\/56822\/revisions"}],"predecessor-version":[{"id":56829,"href":"https:\/\/www.greenpeace.org\/finland\/wp-json\/wp\/v2\/posts\/56822\/revisions\/56829"}],"wp:featuredmedia":[{"embeddable":true,"href":"https:\/\/www.greenpeace.org\/finland\/wp-json\/wp\/v2\/media\/56823"}],"wp:attachment":[{"href":"https:\/\/www.greenpeace.org\/finland\/wp-json\/wp\/v2\/media?parent=56822"}],"wp:term":[{"taxonomy":"category","embeddable":true,"href":"https:\/\/www.greenpeace.org\/finland\/wp-json\/wp\/v2\/categories?post=56822"},{"taxonomy":"post_tag","embeddable":true,"href":"https:\/\/www.greenpeace.org\/finland\/wp-json\/wp\/v2\/tags?post=56822"},{"taxonomy":"p4-page-type","embeddable":true,"href":"https:\/\/www.greenpeace.org\/finland\/wp-json\/wp\/v2\/p4-page-type?post=56822"}],"curies":[{"name":"wp","href":"https:\/\/api.w.org\/{rel}","templated":true}]}}