{"id":5691,"date":"2020-09-12T16:52:03","date_gmt":"2020-09-12T13:52:03","guid":{"rendered":"https:\/\/www.greenpeace.org\/finland\/?p=5691"},"modified":"2022-11-25T14:39:26","modified_gmt":"2022-11-25T11:39:26","slug":"ilmastohallituksen-nayton-paikka","status":"publish","type":"post","link":"https:\/\/www.greenpeace.org\/finland\/blogit\/ilmastonmuutos\/ilmastohallituksen-nayton-paikka\/","title":{"rendered":"Ilmastohallituksen n\u00e4yt\u00f6n paikka"},"content":{"rendered":"\n<p>Huh, mit\u00e4 uutisia taas maailmalta.&nbsp;<\/p>\n\n<ul class=\"wp-block-list\">\n<li>Mannerj\u00e4\u00e4t sulavat nyt <a href=\"https:\/\/www.sciencealert.com\/ice-sheet-melting-is-perfectly-in-line-with-our-worst-case-scenario-scientists-warn\/amp?__twitter_impression=true&amp;fbclid=IwAR17xY-Svs1k3027IrvA_bdWKz2zcYaNYqu8QiXdDa7BNT47LMiOGdZDQmw\">kaikkein pahimman skenaarion mukaan<\/a>.&nbsp;<\/li>\n\n\n\n<li>Yhdysvaltain l\u00e4nsirannikolla roihuaa <a href=\"https:\/\/grist.org\/climate\/how-apocalyptic-this-california-western-fire-season-is-in-1-flaming-chart\/\">apokalyptiset, enn\u00e4tykselliset palot<\/a>.&nbsp;<\/li>\n\n\n\n<li>Amatsonin sademetsien tuho l\u00e4hestyy pistett\u00e4, <a href=\"https:\/\/edition.cnn.com\/2020\/09\/10\/americas\/brazil-amazon-fires-carlos-nobre-intl\/index.html\">josta ei ole en\u00e4\u00e4 paluuta<\/a>.<\/li>\n\n\n\n<li>Luontoa tuhotaan <a href=\"https:\/\/wwf.fi\/uutiset\/2020\/09\/wwfn-uusi-raportti-selkarankaisten-villielainten-populaatiot-kutistuneet-edelleen-erittain-halyttavasti\/\">nopeammin kuin koskaan<\/a> ja lajikato pahenee.<\/li>\n<\/ul>\n\n<p><strong>Jos t\u00e4m\u00e4 olisi katastrofielokuva<\/strong>, niin t\u00e4m\u00e4 olisi se kohta, jossa pidett\u00e4isiin h\u00e4t\u00e4istuntoja, laadittaisiin h\u00e4t\u00e4suunnitelmia, juostaisiin toteuttamaan niit\u00e4 ja vaadittaisiin nopeita p\u00e4\u00e4t\u00f6ksi\u00e4.<\/p>\n\n<p><strong>Sen sijaan meill\u00e4 kyt\u00e4t\u00e4\u00e4n, miten \u201cvihreiden\u201d ilmastovaatimuksille ensi viikon budjettip\u00e4\u00e4t\u00f6ksiss\u00e4 k\u00e4y.<\/strong> Ett\u00e4 suostuuko se keskusta nyt sitten yht\u00e4\u00e4n mihink\u00e4\u00e4n. Eli ketk\u00e4 voittaa ja ketk\u00e4 h\u00e4vi\u00e4\u00e4.<\/p>\n\n<h2 class=\"wp-block-heading\">\u00d6\u00f6\u00f6&#8230;wat?<\/h2>\n\n<p>Ihan kuin hallitusohjelma ei yht\u00e4kki\u00e4 sitoisikaan <strong><em>koko<\/em><\/strong> hallitusta. Ja ihan kuin t\u00e4ss\u00e4 olisi kyse vain vihreiden intresseist\u00e4.<\/p>\n\n<p>Se on, ensinn\u00e4kin, Sanna Marinin hallituksen ohjelma, ei Maria Ohisalon hallituksen ohjelma. Ja siell\u00e4 hallituksessa on vihreiden lis\u00e4ksi nelj\u00e4 muutakin puoluetta.<br><br>Ja toisekseen, ne vahvat ilmastotavoitteet on siell\u00e4 hallitusohjelmassa siksi, ett\u00e4 suomalaisten vahva enemmist\u00f6 niin vaati. Ja koska Suomen huippututkijoista koostuva ilmastopaneeli niin suositti.<br><br>Jos &#8221;vihre\u00e4t h\u00e4vi\u00e4\u00e4&#8221;, niin kyll\u00e4 siin\u00e4 h\u00e4vi\u00e4\u00e4 koko hallitus. Ja me kaikki, jotka ilmastotoimia odotamme.<br><br>Ker\u00e4sin v\u00e4h\u00e4n muistinvirkistyst\u00e4 twiittiketjuun:<\/p>\n\n<figure class=\"wp-block-embed is-type-rich is-provider-twitter wp-block-embed-twitter\"><div class=\"wp-block-embed__wrapper\">\n<blockquote class=\"twitter-tweet\" data-width=\"500\" data-dnt=\"true\"><p lang=\"fi\" dir=\"ltr\">Miten niin VIHREILL\u00c4 n\u00e4yt\u00f6n paikka?<br><br>Kyll\u00e4 se on koko hallitus ja erityisesti p\u00e4\u00e4ministeripuolue <a href=\"https:\/\/twitter.com\/Demarit?ref_src=twsrc%5Etfw\">@Demarit<\/a> sek\u00e4 <a href=\"https:\/\/twitter.com\/keskusta?ref_src=twsrc%5Etfw\">@keskusta<\/a>, joilla on n\u00e4yt\u00f6n paikka: <br>\u00e4\u00e4nest\u00e4jille luvatut ilmastotavoitteet maaliin!<br><br>Kerrataanpa muutama juttu.<a href=\"https:\/\/twitter.com\/hashtag\/budjetti2021?src=hash&amp;ref_src=twsrc%5Etfw\">#budjetti2021<\/a> <a href=\"https:\/\/twitter.com\/hashtag\/NytOnPakko?src=hash&amp;ref_src=twsrc%5Etfw\">#NytOnPakko<\/a><br><br>1\/n<a href=\"https:\/\/t.co\/1bLYsKUfRu\">https:\/\/t.co\/1bLYsKUfRu<\/a><\/p>&mdash; Kaisa Kosonen (@kaisakosonen) <a href=\"https:\/\/twitter.com\/kaisakosonen\/status\/1304777211736621056?ref_src=twsrc%5Etfw\">September 12, 2020<\/a><\/blockquote><script async src=\"https:\/\/platform.twitter.com\/widgets.js\" charset=\"utf-8\"><\/script>\n<\/div><\/figure>\n\n<h2 class=\"wp-block-heading\">Mit\u00e4 v\u00e4li\u00e4?<\/h2>\n\n<p>Suomi on pieni maa, jonka pienet p\u00e4\u00e4st\u00f6t eiv\u00e4t maailman ilmastokriisi\u00e4 pys\u00e4yt\u00e4, vaikka leikkaisimme kaikki p\u00e4\u00e4st\u00f6t huomenna nollaan.<\/p>\n\n<p>Samalla Suomi on <a href=\"http:\/\/www.tilastokeskus.fi\/tup\/tilastokirjasto\/itsenaisyyspaiva-2019.html\">k\u00e4sitt\u00e4m\u00e4tt\u00f6m\u00e4n monella mittarilla<\/a> yksi maailman vauraimmista, osaavimmista ja kyvykk\u00e4immist\u00e4 maista ja toimivimmista yhteiskunnista. Siksi <strong>juuri meid\u00e4n kaltaisiin maihin &#8211; Pohjoismaihin &#8211; kohdistuu nyt erityisen suuret odotukset ilmastokriisin ratkaisuissa<\/strong>. <br><br>Jos edes me emme pysty osoittamaan, ett\u00e4 fossiilivapaasta hyvinvoinnista voidaan tehd\u00e4 totta, luontokatoa kiihdytt\u00e4m\u00e4tt\u00e4 ja hyvinvointia romahduttamatta, niin sitten ei kukaan.<\/p>\n\n<p>Toisaalta, jos juuri Suomi, juuri nyt, pystyy tekem\u00e4\u00e4n ilmastotavoitteistaan totta ja nousemaan talouskriisist\u00e4 entist\u00e4 v\u00e4h\u00e4p\u00e4\u00e4st\u00f6isemp\u00e4n\u00e4 ja kriisinkest\u00e4v\u00e4mp\u00e4n\u00e4, olemme luoneet menestystarinan, joka inspiroi ymp\u00e4ri maailman. Se, jos joku, on vahva myyntivaltti my\u00f6s suomalaisen osaamisen ja teknologian viennille markkinoilla, joiden kasvu on taattu.<\/p>\n\n<h2 class=\"wp-block-heading\">Eli, se budjettiriihi.<\/h2>\n\n<p>Hallitus kokoontuu maanantaina ja tiistaina S\u00e4\u00e4tytalolle neuvotteluihin jossa se p\u00e4\u00e4tt\u00e4\u00e4 talousarvioesityksest\u00e4\u00e4n ensi vuodelle ja linjaa elvytystoimien seuraavia askeleita.<br><br>Ty\u00f6llisyysp\u00e4\u00e4t\u00f6sten lis\u00e4ksi budjetiriihess\u00e4 on teht\u00e4v\u00e4 vahvoja p\u00e4\u00e4t\u00f6ksi\u00e4, joilla hallitus todistaa, ett\u00e4 ilmasto- ja luontotavoitteista tehd\u00e4\u00e4n totta.<br><br><strong>Kerrataanpa viel\u00e4 ne olennaisimmat:<\/strong><\/p>\n\n<h3 class=\"wp-block-heading\"><mark style=\"background-color:rgba(0, 0, 0, 0)\" class=\"has-inline-color has-green-500-color\">1. Elvytystoimilla systeeminen hypp\u00e4ys ilmastokest\u00e4v\u00e4\u00e4n hyvinvointiin<\/mark><\/h3>\n\n<ul class=\"wp-block-list\">\n<li>Ohjataan EU-elvytysrahoista <strong>v\u00e4hint\u00e4\u00e4n puolet<\/strong> ilmasto- ja luontoinvestointeihin.<br><\/li>\n\n\n\n<li>Mahdollistetaan elvytystoimilla <strong>systeeminen hypp\u00e4ys<\/strong> irti fossiilitaloudesta, polttoon perustumattomat ratkaisut edell\u00e4, <strong>Ilmastopaneelin <\/strong><a href=\"https:\/\/www.ilmastopaneeli.fi\/tiedotteet\/suomen-ilmastopaneeli-esittelee-vihreita-elvytystoimia-tehokkaimpia-keinoja-uusiutuvan-energian-lisaaminen-ja-energiatehokkuuden-edistaminen\/\"><strong>Vihre\u00e4 elvytys <\/strong>-esityksen<\/a> pohjalta.<br><\/li>\n\n\n\n<li>Huolehditaan, ett\u00e4 kaikki elvytys l\u00e4p\u00e4isee<strong> do no harm <\/strong>-periaatteen, mist\u00e4 YM:n kest\u00e4v\u00e4 elvytys -ty\u00f6ryhm\u00e4, eduskunnan ymp\u00e4rist\u00f6valiokunta ja Hetem\u00e4en ty\u00f6ryhm\u00e4kin ovat muistuttaneet.&nbsp;<\/li>\n<\/ul>\n\n<h3 class=\"wp-block-heading\"><mark style=\"background-color:rgba(0, 0, 0, 0)\" class=\"has-inline-color has-green-500-color\">2. Fossiilituet johdonmukaisesti pois<\/mark><\/h3>\n\n<ul class=\"wp-block-list\">\n<li><strong>Tehd\u00e4\u00e4n selke\u00e4 periaatep\u00e4\u00e4t\u00f6s fossiilituista luopumisesta<\/strong> <strong>hiilineutraliuus 2035-tavoitteen vaatimalla aikataululla<\/strong>. T\u00e4m\u00e4 mahdollistaa verolains\u00e4\u00e4d\u00e4nn\u00f6n suunnittelun ja toteutuksen johdonmukaisesti, ennakoitavasti ja kokemusten perusteella tarkentuvasti, mink\u00e4 t\u00e4rkeytt\u00e4 my\u00f6s VM:n energiaveroty\u00f6ryhm\u00e4 painotti.<br><\/li>\n\n\n\n<li><strong>Karsitaan fossiilitukia v\u00e4hint\u00e4\u00e4n energiaveroty\u00f6ryhm\u00e4n <a href=\"https:\/\/api.hankeikkuna.fi\/asiakirjat\/bc7e56e2-e03b-4268-873d-8510cd4a8318\/f9300aea-0928-4503-b74e-aa86717ae225\/LIITE_20200903115321.pdf\">esityksen<\/a> mukaisesti,<\/strong> eli l\u00e4mmityspolttoaineiden 100 miljoonan veronkorotuksen<em> lis\u00e4ksi<\/em>\n<ul class=\"wp-block-list\">\n<li>Turpeelle 3 x 1,5\u20ac \/ MWh veronkorotus 2021-2023;&nbsp;<\/li>\n\n\n\n<li>Kaivostoiminnan energiaverotukien poisto 2021 alkaen;<\/li>\n\n\n\n<li>Teollisuuden ja maatalouden energiaveronpalautusten poisto 2021-2024.<br><\/li>\n<\/ul>\n<\/li>\n\n\n\n<li><strong>Tehd\u00e4\u00e4n fossiilituista irtautuminen kest\u00e4v\u00e4sti<\/strong>, eli\n<ul class=\"wp-block-list\">\n<li>P\u00e4\u00e4tet\u00e4\u00e4n ehk\u00e4ist\u00e4 ainespuun ohjautuminen polttoon veroteknisin keinoin.<\/li>\n\n\n\n<li>P\u00e4\u00e4tet\u00e4\u00e4n turvata maatalouden lis\u00e4tuet ja kannusteet, jotka kompensoivat veronpalautusten poistoa ja vauhdittavat irtautumista fossiilisista polttoaineista.<\/li>\n\n\n\n<li>Sitoudutaan vahvaan reilun siirtym\u00e4n ohjelmaan.<br><\/li>\n<\/ul>\n<\/li>\n\n\n\n<li><strong>P\u00e4\u00e4st\u00f6kauppakompensaatiosta luovutaan tehottomana ja kilpailua v\u00e4\u00e4rist\u00e4v\u00e4n\u00e4<\/strong>, osana yritystukien painopisteen siirt\u00e4mist\u00e4 yll\u00e4pit\u00e4vist\u00e4 uudistaviin tukiin.<br><\/li>\n\n\n\n<li><strong>Ty\u00f6matkaliikenteen insentiivit <\/strong>uusitaan suosimaan v\u00e4h\u00e4p\u00e4\u00e4st\u00f6ist\u00e4 liikkumista.<\/li>\n<\/ul>\n\n<h3 class=\"wp-block-heading\"><mark style=\"background-color:rgba(0, 0, 0, 0)\" class=\"has-inline-color has-green-500-color\">3. Luonnonsuojelun rahat kohdilleen ja haittatuet pois<\/mark><\/h3>\n\n<ul class=\"wp-block-list\">\n<li><strong>Turvataan hallitusohjelman luonnonsuojelurahat <\/strong>(METSO, HELMI) ja nostetaan kokonaistasoa elvytysrahojen turvin luonnonsuojelun <a href=\"https:\/\/yle.fi\/aihe\/artikkeli\/2019\/06\/06\/luonnon-monimuotoisuus-nakyy-hallitusohjelmassa-isommin-kuin-koskaan-mutta-ei\">rahoituskuilun<\/a> kuromiseksi.<br><\/li>\n\n\n\n<li><strong>Lasketaan Mets\u00e4hallituksen tulostavoitetta <\/strong>metsien suojelun lis\u00e4\u00e4miseksi valtion mailla.<br><\/li>\n\n\n\n<li><strong>Osoitetaan resurssit kansallispuistoverkoston laajennuksiin<\/strong> (Porkkala, Evo, Punkaharju-Haarikko, Salla ja Korouoma).<br><\/li>\n\n\n\n<li><strong>Lopetetaan tuki suometsien ojitukselle ja mets\u00e4teille<\/strong>, ensimm\u00e4isen\u00e4 askeleena mets\u00e4talouden kannustinj\u00e4rjestelm\u00e4n muuttamiseksi ja ymp\u00e4rist\u00f6haitallisten tukien poistamiseksi (ks. Luke, Syke &amp; HY:n <a href=\"http:\/\/urn.fi\/URN:ISBN:978-952-326-955-2\">politiikkasuositukset<\/a>).<\/li>\n<\/ul>\n\n<h2 class=\"wp-block-heading\">Katse palloon<\/h2>\n\n<p>Vaikka korona-kriisi on vienyt hallituksen akuutin huomion, on juuri nyt pidett\u00e4v\u00e4 katse my\u00f6s isommissa kriiseiss\u00e4 ja niiden ratkaisuissa, mihin kest\u00e4v\u00e4n elvytyksen toimet voivat vastata.<br><br>Hallituksen nimitt\u00e4m\u00e4 arvovaltainen COVID-19 -tiedepaneelihan sen <a href=\"https:\/\/twitter.com\/kaisakosonen\/status\/1267751525058850817\">summasi mainiosti<\/a>:<\/p>\n\n<ul class=\"wp-block-list\">\n<li>Vihre\u00e4 elvytys ja hiilineutraliuustavoitteen edist\u00e4minen tulee rakentaa <strong>elvytystoimien ytimeksi<\/strong>.<\/li>\n\n\n\n<li>Elvytystoimilla tulee laajemminkin rakentaa uutta kunnianhimoista, vastuullista ja <strong>ymp\u00e4rist\u00f6llisesti kest\u00e4v\u00e4\u00e4 yhteiskuntaa<\/strong>.<\/li>\n\n\n\n<li>My\u00f6s pandemian syvempi opetus tulee ottaa vakavasti: <strong>Suomen on tehostettava merkitt\u00e4v\u00e4sti toimiaan luonnon monimuotoisuuden suojelemiseksi<\/strong>. Sen ty\u00f6n painopiste on maa- ja mets\u00e4taloudessa.<\/li>\n<\/ul>\n\n<p><strong>Nyt on pakko.<\/strong><\/p>\n","protected":false},"excerpt":{"rendered":"<p>Jos juuri Suomi, juuri nyt, pystyy tekem\u00e4\u00e4n ilmastotavoitteistaan totta ja nousemaan talouskriisist\u00e4 entist\u00e4 v\u00e4h\u00e4p\u00e4\u00e4st\u00f6isemp\u00e4n\u00e4 ja kriisinkest\u00e4v\u00e4mp\u00e4n\u00e4, olemme luoneet menestystarinan, joka inspiroi ymp\u00e4ri maailman. Nousun pit\u00e4\u00e4 alkaa budjettiriihest\u00e4.<\/p>\n","protected":false},"author":40,"featured_media":5663,"comment_status":"closed","ping_status":"open","sticky":false,"template":"","format":"standard","meta":{"_improvement_type_select":"improve_an_existing","_thumb_yes_seoaic":false,"_frame_yes_seoaic":false,"seoaic_generate_description":"","seoaic_improve_instructions_prompt":"","seoaic_rollback_content_improvement":"","seoaic_idea_thumbnail_generator":"","thumbnail_generated":false,"thumbnail_generate_prompt":"","seoaic_article_description":"","ep_exclude_from_search":false,"seoaic_article_subtitles":[],"p4_og_title":"","p4_og_description":"","p4_og_image":"","p4_og_image_id":"","p4_seo_canonical_url":"","p4_campaign_name":"not set","p4_local_project":"not set","p4_basket_name":"not set","p4_department":"","footnotes":""},"categories":[1],"tags":[60,58,61,71],"p4-page-type":[16],"class_list":["post-5691","post","type-post","status-publish","format-standard","has-post-thumbnail","hentry","category-ilmastonmuutos","tag-ilmastopolitiikka","tag-ilmastokriisinsyyt","tag-fossiiliset","tag-suojellaanmetsat","p4-page-type-blogit"],"_links":{"self":[{"href":"https:\/\/www.greenpeace.org\/finland\/wp-json\/wp\/v2\/posts\/5691","targetHints":{"allow":["GET"]}}],"collection":[{"href":"https:\/\/www.greenpeace.org\/finland\/wp-json\/wp\/v2\/posts"}],"about":[{"href":"https:\/\/www.greenpeace.org\/finland\/wp-json\/wp\/v2\/types\/post"}],"author":[{"embeddable":true,"href":"https:\/\/www.greenpeace.org\/finland\/wp-json\/wp\/v2\/users\/40"}],"replies":[{"embeddable":true,"href":"https:\/\/www.greenpeace.org\/finland\/wp-json\/wp\/v2\/comments?post=5691"}],"version-history":[{"count":6,"href":"https:\/\/www.greenpeace.org\/finland\/wp-json\/wp\/v2\/posts\/5691\/revisions"}],"predecessor-version":[{"id":52464,"href":"https:\/\/www.greenpeace.org\/finland\/wp-json\/wp\/v2\/posts\/5691\/revisions\/52464"}],"wp:featuredmedia":[{"embeddable":true,"href":"https:\/\/www.greenpeace.org\/finland\/wp-json\/wp\/v2\/media\/5663"}],"wp:attachment":[{"href":"https:\/\/www.greenpeace.org\/finland\/wp-json\/wp\/v2\/media?parent=5691"}],"wp:term":[{"taxonomy":"category","embeddable":true,"href":"https:\/\/www.greenpeace.org\/finland\/wp-json\/wp\/v2\/categories?post=5691"},{"taxonomy":"post_tag","embeddable":true,"href":"https:\/\/www.greenpeace.org\/finland\/wp-json\/wp\/v2\/tags?post=5691"},{"taxonomy":"p4-page-type","embeddable":true,"href":"https:\/\/www.greenpeace.org\/finland\/wp-json\/wp\/v2\/p4-page-type?post=5691"}],"curies":[{"name":"wp","href":"https:\/\/api.w.org\/{rel}","templated":true}]}}