{"id":57237,"date":"2024-08-22T20:04:35","date_gmt":"2024-08-22T17:04:35","guid":{"rendered":"https:\/\/www.greenpeace.org\/finland\/?p=57237"},"modified":"2025-07-02T10:16:43","modified_gmt":"2025-07-02T07:16:43","slug":"defending-finlands-net-zero-2035-climate-law-in-court","status":"publish","type":"post","link":"https:\/\/www.greenpeace.org\/finland\/blogit\/ilmastonmuutos\/defending-finlands-net-zero-2035-climate-law-in-court\/","title":{"rendered":"Defending Finland\u2019s net zero 2035 climate law in court"},"content":{"rendered":"\n<p>Finnish Sami Youth together with Finnish environmental and human rights organisations are taking their state to court. Finland has committed to become climate neutral by 2035. This, along with other science-based targets, are set in Finland\u2019s climate law. But now Orpo\u2019s government is failing to respect the law.<\/p>\n\n<p>Here are 10 things you should know about the case filed by Greenpeace Norden (Nordic) and five other NGOs in August 2024. The appeal has been coordinated by the Finnish Association for Nature Conservation.<\/p>\n\n<h2 class=\"wp-block-heading\"><strong>1. Finland\u2019s net zero 2035 target is science-based and people powered<\/strong><\/h2>\n\n<p>Finland\u2019s target of becoming climate neutral by 2035 is one of the strongest among industrialized countries. <strong>Not perfect<\/strong>, for sure. But it was recommended by scientists (<a href=\"https:\/\/ilmastopaneeli.fi\/en\/etusivu-en\/\">The Finnish Climate Change Panel<\/a>) in the aftermath of the IPCC 1.5 degrees report, called for <a href=\"https:\/\/www.greenpeace.org\/finland\/blogit\/ilmastonmuutos\/5-things-you-need-to-know-about-finlands-net-zero-by-2035-climate-target\/\">by citizens<\/a>, adopted with a broad majority across political parties, and is supported by <a href=\"https:\/\/ek.fi\/en\/current\/news\/finlands-low-carbon-roadmaps-a-benchmark-for-the-international-climate-audience\/\">Finnish business<\/a> and trade unions alike.<br><br>It\u2019s all people-powered. Finland\u2019s climate law was originally initiated by a determined NGO campaign (<a href=\"http:\/\/www.polttavakysymys.fi\/\">The Big Ask<\/a>) and came into force in 2015. Then later the Act was strengthened, including with net zero 2035 and other new emission reduction targets, under Sanna Marin\u2019s government, following the biggest climate uprisings in Finland\u2019s history in 2018\u20132019. (Read more <a href=\"https:\/\/www.greenpeace.org\/finland\/blogit\/ilmastonmuutos\/5-things-you-need-to-know-about-finlands-net-zero-by-2035-climate-target\/\">here<\/a>.)<\/p>\n\n<figure class=\"wp-block-image size-full\"><img loading=\"lazy\" decoding=\"async\" width=\"800\" height=\"533\" src=\"https:\/\/www.greenpeace.org\/static\/planet4-finland-stateless\/2021\/09\/6719e17f-gp0stslqc_web_size-1.jpg\" alt=\"\" class=\"wp-image-49119\" srcset=\"https:\/\/www.greenpeace.org\/static\/planet4-finland-stateless\/2021\/09\/6719e17f-gp0stslqc_web_size-1.jpg 800w, https:\/\/www.greenpeace.org\/static\/planet4-finland-stateless\/2021\/09\/6719e17f-gp0stslqc_web_size-1-300x200.jpg 300w, https:\/\/www.greenpeace.org\/static\/planet4-finland-stateless\/2021\/09\/6719e17f-gp0stslqc_web_size-1-768x512.jpg 768w, https:\/\/www.greenpeace.org\/static\/planet4-finland-stateless\/2021\/09\/6719e17f-gp0stslqc_web_size-1-510x340.jpg 510w\" sizes=\"auto, (max-width: 800px) 100vw, 800px\" \/><figcaption class=\"wp-element-caption\">2018-2019 saw the largest ever climate demonstrations in Finland. Thanks to broad public pressure across the society, Finland&#8217;s climate targets were strengthened.<div class=\"credit icon-left\"> \u00a9 Jonne Sippola<\/div><\/figcaption><\/figure>\n\n<h2 class=\"wp-block-heading\">2. <strong>It\u2019s less dodgy than you might think<\/strong><\/h2>\n\n<p>Finland will reach climate neutrality by 2035 if emissions are cut by 70 % and removals are increased to a level they were historically, on average, since 1990 &#8211; and then not stopping there! <strong>Beyond 2035, Finland must become climate negative<\/strong>, meaning removals become bigger than emissions.<\/p>\n\n<p>Sounds dodgy? Avoiding emission cuts by relying on removals? No, not really. It just means that Finland will have to deliver <strong><em>both<\/em><\/strong> on emissions <strong><em>and<\/em><\/strong> removals, and not stop at net zero. Fossil emissions must keep declining steadily towards zero, but in parallel, Finland will also have to strengthen its natural carbon sinks and stocks and reduce agriculture emissions, and gradually implement technological sinks for permanent removals, should they materialise. For a country like Finland, with a big forest industry, high use of biomass for energy and lots of peatlands in commercial use (and electricity already <a href=\"https:\/\/stat.fi\/en\/publication\/cln1mjvxa5ml00bw1vf1pzcvo\">nearly fossil free<\/a>),<strong><em> this is actually the hard part.<\/em><\/strong><\/p>\n\n<p>International offsets have not played part in the target-setting or implementation plans.&nbsp;<\/p>\n\n<h2 class=\"wp-block-heading\">3. <strong>We\u2019re cool with wind, but in trouble with cars, peatlands and forestry<\/strong><\/h2>\n\n<p>Finland <em>has<\/em> taken action. Our energy sector emissions have already declined by nearly 60 % since their peak in 2003. <strong>Fossil fuel use is down to 30% of total energy consumption<\/strong>, and 6 % of electricity. In a couple of years, wind is becoming the biggest source of power, and by 2030, wind <a href=\"https:\/\/www.fingrid.fi\/globalassets\/dokumentit\/fi\/kantaverkko\/kantaverkon-kehittaminen\/sahkon-tuotannon-ja-kulutuksen-kehitysnakymat-q1-2024-fingrid.pdf\">is set to<\/a> produce half of Finland\u2019s electricity, while solar could contribute 5\u201310 %.<\/p>\n\n<p>But then there\u2019s the rest. Transport emissions aren\u2019t declining as fast as they should, agricultural emissions have not declined at all, and then there\u2019s the whole land use sector, where the main problem lies.<\/p>\n\n<p>Despite warnings by scientists, wood harvesting levels have been allowed to grow too high, clearcuts still dominate in peatland forests, biomass use for energy exceeds sustainability, measures to reduce emissions from peat fields remain undone and even some deforestation still occurs for agriculture purposes. At the same time forest growth has slowed. As a result, in 2021 for the first time, Finland\u2019s land use sector was revealed to be a net emission <strong><em>source<\/em><\/strong>. This means <strong><em>we\u2019re really badly off track from our binding sink targets under the <a href=\"https:\/\/climate.ec.europa.eu\/eu-action\/land-use-sector_en\">EU LULUCF regulation<\/a><\/em><\/strong>.<\/p>\n\n<h2 class=\"wp-block-heading\">4. <strong>Forests and land really matter<\/strong><\/h2>\n\n<p>In fighting global heating, phasing out fossil fuels is a priority. But alone that\u2019s not enough. As the <a href=\"https:\/\/www.ipcc.ch\/report\/ar6\/wg3\/downloads\/press\/IPCC_AR6_WGIII_PressConferenceSlides.pdf\">IPCC has underlined<\/a>, we\u2019ll also have to protect and restore natural ecosystems to remove carbon and build resilience, and transition to climate smart food systems.<\/p>\n\n<p>Finland\u2019s carbon sink did not collapse on its own. Scientists have been <a href=\"https:\/\/www.climatechangenews.com\/2017\/07\/10\/finlands-plan-increase-logging-danger-climate\/\">warning for years<\/a> that if logging levels are increased, the ability of forests to cool the climate will decrease and biodiversity goals won\u2019t be met. And so it happened.<br><br><strong>The results are mindblowing<\/strong>: Finland\u2019s total emissions are now -43 % below 1990 levels, but this excludes the land sector (so-called LULUCF). When all sectors are included<strong><em> Finland\u2019s <\/em><\/strong><strong><em>net emissions<\/em><\/strong><strong><em> haven\u2019t practically declined at all since 1990! <\/em><\/strong>(1)<\/p>\n\n<figure class=\"wp-block-image size-large\"><img loading=\"lazy\" decoding=\"async\" width=\"1024\" height=\"658\" src=\"https:\/\/www.greenpeace.org\/static\/planet4-finland-stateless\/2024\/11\/2cc29a8f-screenshot-2024-11-21-at-12.21.42-1024x658.png\" alt=\"\" class=\"wp-image-57877\" srcset=\"https:\/\/www.greenpeace.org\/static\/planet4-finland-stateless\/2024\/11\/2cc29a8f-screenshot-2024-11-21-at-12.21.42-1024x658.png 1024w, https:\/\/www.greenpeace.org\/static\/planet4-finland-stateless\/2024\/11\/2cc29a8f-screenshot-2024-11-21-at-12.21.42-300x193.png 300w, https:\/\/www.greenpeace.org\/static\/planet4-finland-stateless\/2024\/11\/2cc29a8f-screenshot-2024-11-21-at-12.21.42-768x493.png 768w, https:\/\/www.greenpeace.org\/static\/planet4-finland-stateless\/2024\/11\/2cc29a8f-screenshot-2024-11-21-at-12.21.42-1536x986.png 1536w, https:\/\/www.greenpeace.org\/static\/planet4-finland-stateless\/2024\/11\/2cc29a8f-screenshot-2024-11-21-at-12.21.42-2048x1315.png 2048w, https:\/\/www.greenpeace.org\/static\/planet4-finland-stateless\/2024\/11\/2cc29a8f-screenshot-2024-11-21-at-12.21.42-510x327.png 510w\" sizes=\"auto, (max-width: 1024px) 100vw, 1024px\" \/><\/figure>\n\n<p>The situation won\u2019t change unless policies and economic incentives change.<br><\/p>\n\n<h2 class=\"wp-block-heading\"><strong>5. Technological sinks? Won\u2019t fix the current problem.<\/strong><\/h2>\n\n<p>Instead of restoring Finland\u2019s net sink with tools available <em>right now<\/em>, the Finnish government and forest industry would rather talk about so-called technological sinks (technology-based carbon removal) that might produce removals in the <em>future<\/em>, by capturing and storing emissions from facilities burning biomass. And ok sure, there is technical potential, as Finland\u2019s biogenic CO2 emissions are already <a href=\"https:\/\/pxdata.stat.fi\/PxWeb\/pxweb\/en\/StatFin\/StatFin__tilma\/statfin_tilma_pxt_11ig.px\/\">higher<\/a> than its fossil CO2 emissions! But then we\u2019re talking about measures that are multiple times more costly (\u20ac120\u2013240\/tCO2), and won\u2019t deliver in the near future anyway. Meanwhile, effective measures to restore the net sink in the land sector, with only a fraction of that cost, <a href=\"https:\/\/x.com\/RaisaMakipaa\/status\/1774164689506705510\">remain undone<\/a> right now, for no good reason. <\/p>\n\n<p>So again, delaying action is not an option.<\/p>\n\n<h2 class=\"wp-block-heading\"><strong>6. Time to walk the talk on economic<\/strong>s<\/h2>\n\n<p>So there\u2019s a problem. But Mr Petteri Orpo should know what to do. For he is not only Finland\u2019s Prime Minister, but also the Co-Founder of the Coalition of Finance Ministers for Climate Action, as he<a href=\"https:\/\/x.com\/PetteriOrpo?ref_src=twsrc%5Egoogle%7Ctwcamp%5Eserp%7Ctwgr%5Eauthor\"> proudly mentions in his Twitter\/X profile<\/a>. This is a coalition of over 90 countries, <strong><em>aiming to wield fiscal and economic instruments to achieve climate goals<\/em><\/strong>.<\/p>\n\n<p><\/p>\n\n<figure class=\"wp-block-image size-full\"><img loading=\"lazy\" decoding=\"async\" width=\"700\" height=\"290\" src=\"https:\/\/www.greenpeace.org\/static\/planet4-finland-stateless\/2024\/08\/fb68cfd4-screenshot-2024-08-22-at-19.50.22.png\" title=\"Petteri Orpon profiili, jossa lukee &quot;Suomen p\u00e4\u00e4ministeri. Kokoomuksen johtaja. Yksi perustajista valtionvarainministerien liittoon ilmastotoimia varten.\" alt=\"\" class=\"wp-image-57238\" srcset=\"https:\/\/www.greenpeace.org\/static\/planet4-finland-stateless\/2024\/08\/fb68cfd4-screenshot-2024-08-22-at-19.50.22.png 700w, https:\/\/www.greenpeace.org\/static\/planet4-finland-stateless\/2024\/08\/fb68cfd4-screenshot-2024-08-22-at-19.50.22-300x124.png 300w, https:\/\/www.greenpeace.org\/static\/planet4-finland-stateless\/2024\/08\/fb68cfd4-screenshot-2024-08-22-at-19.50.22-510x211.png 510w\" sizes=\"auto, (max-width: 700px) 100vw, 700px\" \/><\/figure>\n\n<p>Now it\u2019s time for PM Orpo himself to walk the talk, and follow the coalition\u2019s \u201c<a href=\"https:\/\/thedocs.worldbank.org\/en\/doc\/600041555089009395-0020022019\/original\/FMCoalitionPrinciplesfinalv3.pdf\">Helsinki Principles<\/a>\u201d, to align Finland\u2019s economic tools with the Paris Agreement.<\/p>\n\n<p>How? Well, Finland has been getting advice on this from the<a href=\"https:\/\/www.imf.org\/en\/News\/Articles\/2024\/03\/07\/pr-2475-finland-imf-executive-board-concludes-2024-article-iv-consultation\"> IMF<\/a>, the<a href=\"https:\/\/www.oecd.org\/en\/topics\/sub-issues\/economic-surveys\/finland-economic-snapshot.html\"> OECD<\/a> and the<a href=\"https:\/\/talouspolitiikanarviointineuvosto.fi\/wp-content\/uploads\/2024\/01\/EPC-Report-2023.pdf\"> Economic Policy Council<\/a> (EPC), who\u2019ve all said in their <strong>economic<\/strong> reviews that more is needed to achieve Finland\u2019s climate targets, particularly in the land-use sector. They all point to economic tools and to the principle of making polluters pay. In the case of sinks, this means, for example, <a href=\"https:\/\/talouspolitiikanarviointineuvosto.fi\/wp-content\/uploads\/2024\/01\/EPC-Report-2023.pdf\">forest industry having to pay<\/a> for the loss of carbon sinks they cause, rather than taxpayers subsidising the forest sector.<\/p>\n\n<h2 class=\"wp-block-heading\">7. <strong>The way out? Listen to science and follow the law.<\/strong><\/h2>\n\n<p>For over two years now, Finnish scientists have been pointing to different solutions to bridge the gap between targets and action, but decisions have not been made. On the contrary, Orpo\u2019s government has even canceled some earlier agreed climate policies. There are no signs of the government taking the situation seriously, or aiming to respect the relevant provisions of the Climate Act, which is why NGOs decided to take legal action.&nbsp;<\/p>\n\n<p>An administrative appeal was filed to the Supreme Administrative Court in August 2024, with a simple demand: <strong>respect the law.<\/strong> The government must decide on sufficient additional measures and revise essential policy plans to meet its climate targets and other obligations laid out in the Climate Act and EU climate legislation, the Constitution of Finland and the European Convention on Human Rights.<\/p>\n\n<figure class=\"wp-block-image size-large  caption-alignment-center\"><img loading=\"lazy\" decoding=\"async\" width=\"1024\" height=\"665\" src=\"https:\/\/www.greenpeace.org\/static\/planet4-finland-stateless\/2024\/08\/4d15c59f-ryhmakuva_portaikko_liisahulkko-1024x665.jpg\" title=\"Saamelaisnuorten ja eri j\u00e4rjestjen edustajat pitelev\u00e4t kylttej\u00e4, joissa lukee &quot;Ilmastotekoja nyt!&quot; ja &quot;Ilmastolaki kaiken rakkaan puolesta&quot;.\" alt=\"\" class=\"wp-image-57239\" srcset=\"https:\/\/www.greenpeace.org\/static\/planet4-finland-stateless\/2024\/08\/4d15c59f-ryhmakuva_portaikko_liisahulkko-1024x665.jpg 1024w, https:\/\/www.greenpeace.org\/static\/planet4-finland-stateless\/2024\/08\/4d15c59f-ryhmakuva_portaikko_liisahulkko-300x195.jpg 300w, https:\/\/www.greenpeace.org\/static\/planet4-finland-stateless\/2024\/08\/4d15c59f-ryhmakuva_portaikko_liisahulkko-768x499.jpg 768w, https:\/\/www.greenpeace.org\/static\/planet4-finland-stateless\/2024\/08\/4d15c59f-ryhmakuva_portaikko_liisahulkko-1536x998.jpg 1536w, https:\/\/www.greenpeace.org\/static\/planet4-finland-stateless\/2024\/08\/4d15c59f-ryhmakuva_portaikko_liisahulkko-2048x1330.jpg 2048w, https:\/\/www.greenpeace.org\/static\/planet4-finland-stateless\/2024\/08\/4d15c59f-ryhmakuva_portaikko_liisahulkko-510x331.jpg 510w\" sizes=\"auto, (max-width: 1024px) 100vw, 1024px\" \/><figcaption class=\"wp-element-caption\">Representatives of S\u00e1mi Youth Finland, Luontoliitto, Climate Grandparents, Amnesty Finland, Greenpeace Norden and Finnish Association for Nature Conservation. Picture by: Liisa Hulkko.<\/figcaption><\/figure>\n\n<h2 class=\"wp-block-heading\">8. <strong>We\u2019re defending our national treasures and rights<\/strong><\/h2>\n\n<p>Finland is an Arctic country, the northernmost country in the European Union. Having snow, ice and healthy nature is essential to our wellbeing and identity &#8211; forming a key part of who we are as Finns. Now the Arctic region is warming much faster than other parts of the world, putting everything we love at risk. For the S\u00e0mi, whose homeland is in the northernmost part of Lapland, this is particularly the case.<br><br>Finland&#8217;s Climate Act recognises the special rights and vulnerabilities of the S\u00e1mi, <strong><em>the only designated indigenous people in the European Union<\/em><\/strong>. By violating its own climate law, Finland is also violating the rights of the S\u00e1mi, which is why the Finnish S\u00e1mi Youth joined the coalition that\u2019s taking legal action.<\/p>\n\n<h2 class=\"wp-block-heading\"><strong>9. We\u2019re grateful for the Swiss seniors who paved the way!<\/strong><\/h2>\n\n<p>The legal case has been filed by the Finnish Association for Nature Conservation, Greenpeace Norden (Nordic), Amnesty International Finland, Grandparents for Climate, the Finnish Nature League and the Finnish S\u00e1mi Youth.<\/p>\n\n<p>Primarily, it builds on a previous court ruling by Finland\u2019s Supreme Administrative Court, which <a href=\"https:\/\/sites.uef.fi\/cceel\/finlands-first-climate-judgment-putting-the-government-on-notice\/\">put the government on notice<\/a>. But it\u2019s also the first national case to build on the groundbreaking climate ruling by the European Court on Human Rights in the case of <a href=\"https:\/\/www.greenpeace.org\/international\/press-release\/66344\/victory-for-swiss-senior-women-for-climate-protection-climate-protection-is-a-human-right\/\">KlimaSeniorinnen v Switzerland<\/a>, which is expected to inspire a new wave of climate justice litigation in the member states of the Council of Europe. <em>(Yay! We got there first!)<\/em><\/p>\n\n<h2 class=\"wp-block-heading\"><strong>10. This drop in the ocean matters<\/strong><\/h2>\n\n<p class=\"has-medium-font-size\">Finland\u2019s climate law isn\u2019t perfect. The targets could and should be stronger and fairer still, and cover consumption emissions too. And that will come, as the climate law<em> does<\/em> require the targets to be monitored for scientific and legal adequacy. But now we want to ensure the current targets are swiftly implemented.<br><br>Finland\u2019s emissions are a drop in the ocean, but every drop counts. Finland is a country ranking high in wealth, technological skills, capability, innovation and responsibility. It enjoys broad public support for strong climate action, and is home to Europe\u2019s largest climate business network <a href=\"https:\/\/clc.fi\/\">CLC<\/a> &#8211; who also stands behind Finland\u2019s climate neutrality 2035 goal. If countries like Finland don\u2019t even <strong><em>try<\/em><\/strong> delivering their part<strong><em> in full<\/em><\/strong>, and instead give up when the first hurdles come, why should anyone else?<br><br><strong>We want Finland to succeed!<\/strong><\/p>\n\n<p><em>(1) Preliminary data for 2023 <\/em><a href=\"https:\/\/www.treasuryfinland.fi\/investor-relations\/sustainability-and-finnish-government-bonds\/data-and-facts-energy-transition\/\"><em>shows<\/em><\/a><em> some decline in Finland\u2019s net emissions, compared to 1990, but this isn\u2019t changing the big picture, as wood harvests are set to <\/em><a href=\"https:\/\/www.ptt.fi\/ennusteet\/metsaala-kevat-2024\/#mak249\"><em>grow<\/em><\/a><em> again this year and next year, turning the curve back up.<\/em><\/p>\n","protected":false},"excerpt":{"rendered":"<p>Greenpeace together with 5 other NGOs took the state of Finland to court, for failing to respect its own climate law. Here are 10 things you should know about the case.<\/p>\n","protected":false},"author":40,"featured_media":57228,"comment_status":"closed","ping_status":"closed","sticky":false,"template":"","format":"standard","meta":{"_improvement_type_select":"improve_an_existing","_thumb_yes_seoaic":false,"_frame_yes_seoaic":false,"seoaic_generate_description":"","seoaic_improve_instructions_prompt":"","seoaic_rollback_content_improvement":"","seoaic_idea_thumbnail_generator":"","thumbnail_generated":false,"thumbnail_generate_prompt":"","seoaic_article_description":"","ep_exclude_from_search":false,"seoaic_article_subtitles":[],"p4_og_title":"","p4_og_description":"","p4_og_image":"","p4_og_image_id":"","p4_seo_canonical_url":"","p4_campaign_name":"Climate Justice Liability","p4_local_project":"","p4_basket_name":"Climate &amp; Energy","p4_department":"","footnotes":""},"categories":[1],"tags":[79,60,72],"p4-page-type":[16],"class_list":["post-57237","post","type-post","status-publish","format-standard","has-post-thumbnail","hentry","category-ilmastonmuutos","tag-hiilinielu","tag-ilmastopolitiikka","tag-alkuperaiskansojenoikeudet","p4-page-type-blogit"],"_links":{"self":[{"href":"https:\/\/www.greenpeace.org\/finland\/wp-json\/wp\/v2\/posts\/57237","targetHints":{"allow":["GET"]}}],"collection":[{"href":"https:\/\/www.greenpeace.org\/finland\/wp-json\/wp\/v2\/posts"}],"about":[{"href":"https:\/\/www.greenpeace.org\/finland\/wp-json\/wp\/v2\/types\/post"}],"author":[{"embeddable":true,"href":"https:\/\/www.greenpeace.org\/finland\/wp-json\/wp\/v2\/users\/40"}],"replies":[{"embeddable":true,"href":"https:\/\/www.greenpeace.org\/finland\/wp-json\/wp\/v2\/comments?post=57237"}],"version-history":[{"count":11,"href":"https:\/\/www.greenpeace.org\/finland\/wp-json\/wp\/v2\/posts\/57237\/revisions"}],"predecessor-version":[{"id":60129,"href":"https:\/\/www.greenpeace.org\/finland\/wp-json\/wp\/v2\/posts\/57237\/revisions\/60129"}],"wp:featuredmedia":[{"embeddable":true,"href":"https:\/\/www.greenpeace.org\/finland\/wp-json\/wp\/v2\/media\/57228"}],"wp:attachment":[{"href":"https:\/\/www.greenpeace.org\/finland\/wp-json\/wp\/v2\/media?parent=57237"}],"wp:term":[{"taxonomy":"category","embeddable":true,"href":"https:\/\/www.greenpeace.org\/finland\/wp-json\/wp\/v2\/categories?post=57237"},{"taxonomy":"post_tag","embeddable":true,"href":"https:\/\/www.greenpeace.org\/finland\/wp-json\/wp\/v2\/tags?post=57237"},{"taxonomy":"p4-page-type","embeddable":true,"href":"https:\/\/www.greenpeace.org\/finland\/wp-json\/wp\/v2\/p4-page-type?post=57237"}],"curies":[{"name":"wp","href":"https:\/\/api.w.org\/{rel}","templated":true}]}}