{"id":5756,"date":"2020-09-22T08:33:27","date_gmt":"2020-09-22T05:33:27","guid":{"rendered":"https:\/\/www.greenpeace.org\/finland\/?p=5756"},"modified":"2024-09-02T15:22:51","modified_gmt":"2024-09-02T12:22:51","slug":"arktinen-merijaa-on-tana-vuonna-historiallisen-pieni-greenpeacen-laiva-ja-tutkijat-paikan-paalla","status":"publish","type":"post","link":"https:\/\/www.greenpeace.org\/finland\/tiedotteet\/ilmastonmuutos\/arktinen-merijaa-on-tana-vuonna-historiallisen-pieni-greenpeacen-laiva-ja-tutkijat-paikan-paalla\/","title":{"rendered":"Arktinen merij\u00e4\u00e4 on t\u00e4n\u00e4 vuonna historiallisen pieni: Greenpeacen laiva ja tutkijat paikan p\u00e4\u00e4ll\u00e4"},"content":{"rendered":"\n<p><em>Svalbard, Norja, 22. syyskuuta 2020.<\/em><\/p>\n\n<p><em>Arktinen merij\u00e4\u00e4 oli t\u00e4n\u00e4 vuonna pienimmill\u00e4\u00e4n noin 15. syyskuuta 2020, selvi\u00e4\u00e4 <\/em><a href=\"https:\/\/nsidc.org\/\"><em>National Snow and Ice Data Center -tutkimuslaitoksen<\/em><\/a><em> uusista laskelmista. T\u00e4m\u00e4n vuoden j\u00e4\u00e4minimi on <a href=\"https:\/\/nsidc.org\/arcticseaicenews\/2020\/09\/arctic-sea-ice-decline-stalls-out-at-second-lowest-minimum\/\">historian toiseksi pienin<\/a>. Greenpeace Suomen meriasiantuntija Laura Meller on paikan p\u00e4\u00e4ll\u00e4 Arktiksella dokumentoimassa historiallista j\u00e4\u00e4minimi\u00e4 Greenpeacen kansainv\u00e4lisen tutkimustiimin kanssa.<\/em><\/p>\n\n<p>Arktiksen j\u00e4\u00e4peite on juuri nyt pienimmill\u00e4\u00e4n: sen pinta-ala on 3,74 miljoonaa neli\u00f6kilometri\u00e4, mik\u00e4 on toiseksi v\u00e4hiten koko mittaushistorian aikana. Arktinen <a href=\"https:\/\/climate.nasa.gov\/news\/2817\/with-thick-ice-gone-arctic-sea-ice-changes-more-slowly\/\">j\u00e4\u00e4peite on jo menett\u00e4nyt kaksi kolmasosaa massastaan<\/a>, ja<a href=\"https:\/\/climate.nasa.gov\/vital-signs\/arctic-sea-ice\/\"> j\u00e4\u00e4peitteen laajuus on pienentynyt jatkuvasti<\/a> viimeisten vuosikymmenien aikana.<\/p>\n\n<p>&#8221;Merij\u00e4\u00e4n nopea katoaminen on vakava varoitus. Kun yh\u00e4 enemm\u00e4n j\u00e4\u00e4t\u00e4 sulaa Arktikselta vuosittain, meri imee itseens\u00e4 yh\u00e4 enemm\u00e4n l\u00e4mp\u00f6\u00e4. T\u00e4m\u00e4 kiihdytt\u00e4\u00e4 ilmastokriisin tuhoisia vaikutuksia, joille olemme kaikki alttiita\u201d, sanoo Greenpeacen meriasiantuntija <strong>Laura Meller<\/strong> Arctic Sunrise -laivan kannelta Arktiksella.<\/p>\n\n<p>Hyvinvoivat meret sitovat ja varastoivat hiilt\u00e4 ilmakeh\u00e4st\u00e4. Tutkijoiden mukaan Arktis on yksi eniten suojelua tarvitsevista alueista, sill\u00e4 sen vaikutus ilmastoon on suuri. [1]<\/p>\n\n<p>\u201cArktinen napaj\u00e4\u00e4 tarvitsee pikaista suojelua. YK:n biodiversiteettikokoukseen kokoontuvien johtajien tulee ymm\u00e4rt\u00e4\u00e4, ett\u00e4 merill\u00e4 on suuri rooli ilmastokriisin torjumisessa. Meid\u00e4n t\u00e4ytyy suojella v\u00e4hint\u00e4\u00e4n 30 prosenttia maailman valtamerist\u00e4 vuoteen 2030 menness\u00e4, jotta meren ekosysteemit voivat toipua ja sopeutua nopeisiin muutoksiin\u201d, Laura Meller sanoo.<\/p>\n\n<p>Greenpeace on juuri nyt paikan p\u00e4\u00e4ll\u00e4 Arktiksella dokumentoimassa j\u00e4\u00e4minimi\u00e4 ja tutkimassa alueen lajistoa. Mukana Arctic Sunrise -laivalla on Greenpeacen kampanjoitsijoita, aktivisteja ja tutkijoita.<\/p>\n\n<p>YK:n biodiversiteettikokous j\u00e4rjestet\u00e4\u00e4n 30. syyskuuta. Greenpeace vaatii, ett\u00e4 biodiversiteettikokoukseen kokoontuvat johtajat ottavat huomioon merien merkityksen ilmastokriisin vastaisissa toimissa ja luovat kansainv\u00e4lisen mertensuojelusopimuksen, jonka my\u00f6t\u00e4 30 prosenttia maailman valtamerist\u00e4 suojellaan vuoteen 2030 menness\u00e4.<\/p>\n\n<p><strong>Kuvat ja videot:<\/strong><\/p>\n\n<p>Tuoreet kuvat Arktikselta l\u00f6ytyv\u00e4t <a href=\"https:\/\/media.greenpeace.org\/collection\/27MZIFJLJOEUA\">t\u00e4\u00e4lt\u00e4<\/a>.&nbsp;<\/p>\n\n<p><strong>Taustatietoa:<\/strong><\/p>\n\n<p>[1]<a href=\"https:\/\/www.greenpeace.org\/international\/publication\/21604\/30x30-a-blueprint-for-ocean-protection\/\">https:\/\/www.greenpeace.org\/international\/publication\/21604\/30&#215;30-a-blueprint-for-ocean-protection\/<\/a><\/p>\n\n<p><strong>Lis\u00e4tiedot:<\/strong><\/p>\n\n<p>Hanna Paulom\u00e4ki, Greenpeace Suomen maajohtaja<br>040 701 8933<br>hanna.paulomaki@greenpeace.org<br><br>Mari Vaara, tiedottaja<br>040 751 7957<br>mari.vaara@greenpeace.org<\/p>\n","protected":false},"excerpt":{"rendered":"<p>Arktinen merij\u00e4\u00e4 oli t\u00e4n\u00e4 vuonna pienimmill\u00e4\u00e4n noin 15. syyskuuta 2020, selvi\u00e4\u00e4 National Snow and Ice Data Center -tutkimuslaitoksen uusista laskelmista. T\u00e4m\u00e4n vuoden j\u00e4\u00e4minimi on historian toiseksi pienin.<\/p>\n","protected":false},"author":43,"featured_media":5757,"comment_status":"closed","ping_status":"open","sticky":false,"template":"","format":"standard","meta":{"_improvement_type_select":"improve_an_existing","_thumb_yes_seoaic":false,"_frame_yes_seoaic":false,"seoaic_generate_description":"","seoaic_improve_instructions_prompt":"","seoaic_rollback_content_improvement":"","seoaic_idea_thumbnail_generator":"","thumbnail_generated":false,"thumbnail_generate_prompt":"","seoaic_article_description":"","ep_exclude_from_search":false,"seoaic_article_subtitles":[],"p4_og_title":"Arktinen merij\u00e4\u00e4 on t\u00e4n\u00e4 vuonna historiallisen pieni: Greenpeacen laiva ja tutkijat paikan p\u00e4\u00e4ll\u00e4","p4_og_description":"<p><em data-rich-text-format-boundary=\"true\">Arktinen merij\u00e4\u00e4 oli t\u00e4n\u00e4 vuonna pienimmill\u00e4\u00e4n noin 15. syyskuuta 2020, selvi\u00e4\u00e4 <\/em><a href=\"https:\/\/nsidc.org\/\"><em>National Snow and Ice Data Center -tutkimuslaitoksen<\/em><\/a><em> uusista laskelmista. T\u00e4m\u00e4n vuoden j\u00e4\u00e4minimi on <a href=\"https:\/\/nsidc.org\/arcticseaicenews\/2020\/09\/arctic-sea-ice-decline-stalls-out-at-second-lowest-minimum\/\">historian toiseksi pienin<\/a>. <\/em><\/p>","p4_og_image":"","p4_og_image_id":"","p4_seo_canonical_url":"","p4_campaign_name":"not set","p4_local_project":"not set","p4_basket_name":"not set","p4_department":"","footnotes":""},"categories":[1],"tags":[25,59,62],"p4-page-type":[14],"class_list":["post-5756","post","type-post","status-publish","format-standard","has-post-thumbnail","hentry","category-ilmastonmuutos","tag-suojellaanmeret","tag-ilmastokriisinvaikutukset","tag-greenpeacenlaivat","p4-page-type-tiedotteet"],"_links":{"self":[{"href":"https:\/\/www.greenpeace.org\/finland\/wp-json\/wp\/v2\/posts\/5756","targetHints":{"allow":["GET"]}}],"collection":[{"href":"https:\/\/www.greenpeace.org\/finland\/wp-json\/wp\/v2\/posts"}],"about":[{"href":"https:\/\/www.greenpeace.org\/finland\/wp-json\/wp\/v2\/types\/post"}],"author":[{"embeddable":true,"href":"https:\/\/www.greenpeace.org\/finland\/wp-json\/wp\/v2\/users\/43"}],"replies":[{"embeddable":true,"href":"https:\/\/www.greenpeace.org\/finland\/wp-json\/wp\/v2\/comments?post=5756"}],"version-history":[{"count":4,"href":"https:\/\/www.greenpeace.org\/finland\/wp-json\/wp\/v2\/posts\/5756\/revisions"}],"predecessor-version":[{"id":5765,"href":"https:\/\/www.greenpeace.org\/finland\/wp-json\/wp\/v2\/posts\/5756\/revisions\/5765"}],"wp:featuredmedia":[{"embeddable":true,"href":"https:\/\/www.greenpeace.org\/finland\/wp-json\/wp\/v2\/media\/5757"}],"wp:attachment":[{"href":"https:\/\/www.greenpeace.org\/finland\/wp-json\/wp\/v2\/media?parent=5756"}],"wp:term":[{"taxonomy":"category","embeddable":true,"href":"https:\/\/www.greenpeace.org\/finland\/wp-json\/wp\/v2\/categories?post=5756"},{"taxonomy":"post_tag","embeddable":true,"href":"https:\/\/www.greenpeace.org\/finland\/wp-json\/wp\/v2\/tags?post=5756"},{"taxonomy":"p4-page-type","embeddable":true,"href":"https:\/\/www.greenpeace.org\/finland\/wp-json\/wp\/v2\/p4-page-type?post=5756"}],"curies":[{"name":"wp","href":"https:\/\/api.w.org\/{rel}","templated":true}]}}