{"id":57700,"date":"2024-10-23T13:33:21","date_gmt":"2024-10-23T10:33:21","guid":{"rendered":"https:\/\/www.greenpeace.org\/finland\/?p=57700"},"modified":"2024-10-24T13:50:12","modified_gmt":"2024-10-24T10:50:12","slug":"greenpeacen-aktivistit-olivat-vastassa-metsa-groupin-vieraita-kemi-tornion-lentoasemalla-metsateollisuuden-on-mahduttava-luonnon-rajoihin","status":"publish","type":"post","link":"https:\/\/www.greenpeace.org\/finland\/tiedotteet\/metsat\/greenpeacen-aktivistit-olivat-vastassa-metsa-groupin-vieraita-kemi-tornion-lentoasemalla-metsateollisuuden-on-mahduttava-luonnon-rajoihin\/","title":{"rendered":"Greenpeacen aktivistit  olivat vastassa Mets\u00e4 Groupin vieraita Kemi-Tornion lentoasemalla \u2013 \u201cmets\u00e4teollisuuden on mahduttava luonnon rajoihin\u201d"},"content":{"rendered":"\n<figure class=\"wp-block-image size-large\"><img loading=\"lazy\" decoding=\"async\" width=\"1024\" height=\"683\" src=\"https:\/\/www.greenpeace.org\/static\/planet4-finland-stateless\/2024\/10\/afcc23d8-20241023_greenpeace_sami_sorasalmi-1-1024x683.jpg\" alt=\"\" class=\"wp-image-57705\" srcset=\"https:\/\/www.greenpeace.org\/static\/planet4-finland-stateless\/2024\/10\/afcc23d8-20241023_greenpeace_sami_sorasalmi-1-1024x683.jpg 1024w, https:\/\/www.greenpeace.org\/static\/planet4-finland-stateless\/2024\/10\/afcc23d8-20241023_greenpeace_sami_sorasalmi-1-300x200.jpg 300w, https:\/\/www.greenpeace.org\/static\/planet4-finland-stateless\/2024\/10\/afcc23d8-20241023_greenpeace_sami_sorasalmi-1-768x512.jpg 768w, https:\/\/www.greenpeace.org\/static\/planet4-finland-stateless\/2024\/10\/afcc23d8-20241023_greenpeace_sami_sorasalmi-1-1536x1025.jpg 1536w, https:\/\/www.greenpeace.org\/static\/planet4-finland-stateless\/2024\/10\/afcc23d8-20241023_greenpeace_sami_sorasalmi-1-510x340.jpg 510w, https:\/\/www.greenpeace.org\/static\/planet4-finland-stateless\/2024\/10\/afcc23d8-20241023_greenpeace_sami_sorasalmi-1.jpg 2048w\" sizes=\"auto, (max-width: 1024px) 100vw, 1024px\" \/><\/figure>\n\n<p><strong>Greenpeacen aktivistit olivat Kemi-Tornion lentoasemalla vastassa Mets\u00e4 Groupin uuden sellutehtaan vihki\u00e4isvieraita. Aktivistit vaativat vahvempaa s\u00e4\u00e4ntely\u00e4 mets\u00e4teollisuuden aiheuttaman luontokadon pys\u00e4ytt\u00e4miseksi.<\/strong><\/p>\n\n<p>\u201c<a href=\"https:\/\/www.ymparisto.fi\/fi\/luonto-vesistot-ja-meri\/luonnon-monimuotoisuus\/luontotyyppien-monimuotoisuus\/luontotyyppien-uhanalaisuus\/metsat#mets%C3%A4luontotyyppien-uhanalaistumisen-syyt-ja-uhkatekij%C3%A4t\">Mets\u00e4talous on suurin luontokadon aiheuttaja Suomessa<\/a>. Silti mets\u00e4teollisuus merkitt\u00e4vimp\u00e4n\u00e4 puun k\u00e4ytt\u00e4j\u00e4n\u00e4 vastustaa toistuvasti s\u00e4\u00e4ntely\u00e4, jolla tilannetta on pyritty korjaamaan. T\u00e4m\u00e4 ei voi jatkua. Juhlapuheiden sijaan mets\u00e4teollisuudelta tarvitaan aitoa sitoutumista sellaiseen toimintaan, joka mahtuu luonnon reunaehtoihin\u201d, sanoo Greenpeacen apulaismaajohtaja <strong>Juha Aromaa<\/strong>.<\/p>\n\n<p>\u201cSamaan aikaan kun hallitus on tieteenvastaisesti heikent\u00e4m\u00e4ss\u00e4 vanhojen metsien suojelukriteerej\u00e4, mets\u00e4teollisuus kokoontuu Kemiin juhlimaan tehdasta, joka kiihdytt\u00e4\u00e4 metsiemme liikahakkuita entisest\u00e4\u00e4n. Suomen t\u00e4ytyy pysty\u00e4 parempaan\u201d, Aromaa sanoo.<\/p>\n\n<p>Rauhanomaisessa mielenilmauksessa Greenpeacen vapaaehtoiset seisoivat kylttien ja banderollin kanssa lentokoneiden pys\u00e4htymisalueen v\u00e4litt\u00f6m\u00e4ss\u00e4 l\u00e4heisyydess\u00e4, kun vieraat poistuivat tilauslennolta linja-autoihin.<\/p>\n\n<p>Mets\u00e4 Groupin uusi tehdas lis\u00e4\u00e4 hakkuita sek\u00e4 Suomen ett\u00e4 Ruotsin pohjoisissa metsiss\u00e4. Tehdas on koko <a href=\"https:\/\/www.metsagroup.com\/news-and-publications\/news\/2024\/metsa-group-and-andritz-start-pioneering-investigation-on-capturing-wood-based-carbon-dioxide\/\">pohjoisen pallonpuoliskon suurin sellutehdas<\/a>, joka t\u00e4ydell\u00e4 teholla toimiessaan k\u00e4ytt\u00e4\u00e4 7,6 miljoonaa kuutiota puuta vuosittain. T\u00e4ll\u00f6in tehtaalle tuodaan joka p\u00e4iv\u00e4 keskim\u00e4\u00e4rin <a href=\"https:\/\/yle.fi\/a\/74-20050598\">243 junavaunullista ja 180 rekkalastillista puuta<\/a>. Tutkijoiden mukaan hakkuita pit\u00e4isi luonnon ja ilmaston suojelemiseksi v\u00e4hent\u00e4\u00e4 nykyisest\u00e4, sill\u00e4 <a href=\"https:\/\/punainenkirja.laji.fi\/\">liikahakkuut ovat k\u00f6yhdytt\u00e4neet Suomen luontoa<\/a> ja <a href=\"https:\/\/www.luke.fi\/fi\/seurannat\/maatalous-ja-lulucfsektorin-kasvihuonekaasuinventaario\/kasvihuonekaasuinventaarion-ennakkotiedot-vahvistavat-maankayttosektori-paastolahde-vuonna-2021-metsat-pysyivat-edelleen-nettonieluna\">romahduttaneet metsien hiilinielun<\/a>.<\/p>\n\n<h2 class=\"wp-block-heading\">Mets\u00e4luonnon turvaaminen vaatii vahvempaa s\u00e4\u00e4ntely\u00e4<\/h2>\n\n<p>Greenpeace vaatii mets\u00e4luonnon turvaamiseksi vahvempaa lains\u00e4\u00e4d\u00e4nt\u00f6\u00e4 ja valvontaa. Nykyisell\u00e4\u00e4n mets\u00e4-, vesi- ja luonnosuojelulaki eiv\u00e4t aseta mets\u00e4teollisuudelle sellaisia rajoja, jotka takaisivat metsien vastuullisen k\u00e4yt\u00f6n. Vapaaehtoisista mets\u00e4sertifikaateista huolimatta uhanalaisten lajien elinymp\u00e4rist\u00f6j\u00e4, pienvesi\u00e4 ja suoluontoa turmellaan, eiv\u00e4tk\u00e4 edes vanhat mets\u00e4t ole turvassa hakkuilta. Jos Orpon hallitus suunnitelmiensa mukaisesti hyv\u00e4ksyy aiempaa huomattavasti ahtaammat, tieteenvastaiset kriteerit vanhoille metsille, heikkenee suojelun ulkopuolella olevien vanhojen metsien tilanne entisest\u00e4\u00e4n.<br><br>\u201cMets\u00e4teollisuuden omavalvonta ei toimi, ja siksi suojelua t\u00e4ytyy vahvistaa, ei heikent\u00e4\u00e4, kuten nyt on tapahtumassa. Mets\u00e4teollisuuden toiminta aiheuttaa luontokatoa jatkuvasti ilman, ett\u00e4 yritykset joutuvat siit\u00e4 vastuuseen. Nykyisell\u00e4\u00e4n mik\u00e4\u00e4n ei est\u00e4 luonnonmets\u00e4\u00e4 p\u00e4\u00e4tym\u00e4st\u00e4 t\u00e4m\u00e4nkin tehtaan kautta vessapaperiksi. Itse asiassa Orpon hallitus tekee siit\u00e4 parhaillaan aiempaa helpompaa rajaamalla vanhoja ja luonnontilaisia metsi\u00e4 suojelun ulkopuolelle\u201d, Aromaa sanoo.&nbsp;<\/p>\n\n<p>Greenpeace <a href=\"https:\/\/www.greenpeace.org\/finland\/tiedotteet\/metsat\/sallassa-hakataan-monisatavuotiasta-ikimetsaa-polttoon-greenpeacen-vapaaehtoiset-selvittivat-mihin-puut-menevat\/\">paljasti vanhojen luonnonmetsien hakkuita Lapissa<\/a> viimeksi syyskuussa. Suurista mets\u00e4yhti\u00f6ist\u00e4 Mets\u00e4 Groupilla ja Stora Ensolla oli alueella edelleen voimassa olevia, j\u00e4\u00e4dytettyj\u00e4 puukauppoja.&nbsp;<\/p>\n\n<p>Viimeksi lauantaina <a href=\"https:\/\/www.mtvuutiset.fi\/artikkeli\/suuret-metsayhtiot-aikoivat-hakata-metsaa-jota-ei-saa-kaataa\/9029384#gs.gyrppc\">STT uutisoi useista tapauksista<\/a>, joissa suuret mets\u00e4yhti\u00f6t aikovat hakata mets\u00e4\u00e4, jota ei niiden omien sertifiointij\u00e4rjestelmien mukaan saisi hakata.<\/p>\n\n<p>Greenpeace vaatii, ett\u00e4 mets\u00e4yhti\u00f6t suojelevat pysyv\u00e4sti kaikki <a href=\"https:\/\/metsonpolku.fi\/millainen-metsa-sopii-suojeluun-\">METSO-ohjelman<\/a> luonnontieteelliset valintaperusteet t\u00e4ytt\u00e4v\u00e4t arvomets\u00e4t ja uhanalaisten lajien elinymp\u00e4rist\u00f6t omilla maillaan ja lopettavat puun ostamisen vanhoista ja luonnontilaisista metsist\u00e4. Mets\u00e4teollisuuden puunk\u00e4ytt\u00f6 on kohtuullistettava luonnon ja ilmaston rajoihin.&nbsp;<\/p>\n\n<p>Kuvia mielenosoituksesta median k\u00e4ytt\u00f6\u00f6n p\u00e4ivittyy\u00a0<a href=\"https:\/\/drive.google.com\/drive\/folders\/1sQR4amsbb5twqJ-sfTFcA1lsQOut6AB-?usp=share_link\">Google Driveen t\u00e4h\u00e4n kansioon<\/a>.\u00a0Kuvia k\u00e4ytett\u00e4ess\u00e4 mainittava Sami Sorasalmi \/ Greenpeace.<\/p>\n\n<p><strong>Lis\u00e4tiedot:<\/strong><\/p>\n\n<p><strong>Juha Aromaa<\/strong>, apulaismaajohtaja, Greenpeace<br>Puh. 050 3696 202<\/p>\n\n<p><strong>Muut mediatiedustelut:<\/strong><\/p>\n\n<p><strong>Sanni Lahtinen<\/strong>, tiedottaja, Greenpeace<br>Puh. 040 751 7957<\/p>\n","protected":false},"excerpt":{"rendered":"<p>Greenpeacen aktivistit ovat Kemi-Tornion lentoasemalla vastaanottamassa Mets\u00e4 Groupin uuden sellutehtaan vihki\u00e4isvieraita. Aktivistit vaativat vahvempaa s\u00e4\u00e4ntely\u00e4 mets\u00e4teollisuuden aiheuttaman luontokadon pys\u00e4ytt\u00e4miseksi.<\/p>\n","protected":false},"author":33,"featured_media":57705,"comment_status":"closed","ping_status":"closed","sticky":false,"template":"","format":"standard","meta":{"_improvement_type_select":"improve_an_existing","_thumb_yes_seoaic":false,"_frame_yes_seoaic":false,"seoaic_generate_description":"","seoaic_improve_instructions_prompt":"","seoaic_rollback_content_improvement":"","seoaic_idea_thumbnail_generator":"","thumbnail_generated":false,"thumbnail_generate_prompt":"","seoaic_article_description":"","ep_exclude_from_search":false,"seoaic_article_subtitles":[],"p4_og_title":"","p4_og_description":"","p4_og_image":"","p4_og_image_id":"","p4_seo_canonical_url":"","p4_campaign_name":"","p4_local_project":"","p4_basket_name":"","p4_department":"","footnotes":""},"categories":[3],"tags":[70,71,75],"p4-page-type":[14],"class_list":["post-57700","post","type-post","status-publish","format-standard","has-post-thumbnail","hentry","category-metsat","tag-luontokato","tag-suojellaanmetsat","tag-metsateollisuus","p4-page-type-tiedotteet"],"_links":{"self":[{"href":"https:\/\/www.greenpeace.org\/finland\/wp-json\/wp\/v2\/posts\/57700","targetHints":{"allow":["GET"]}}],"collection":[{"href":"https:\/\/www.greenpeace.org\/finland\/wp-json\/wp\/v2\/posts"}],"about":[{"href":"https:\/\/www.greenpeace.org\/finland\/wp-json\/wp\/v2\/types\/post"}],"author":[{"embeddable":true,"href":"https:\/\/www.greenpeace.org\/finland\/wp-json\/wp\/v2\/users\/33"}],"replies":[{"embeddable":true,"href":"https:\/\/www.greenpeace.org\/finland\/wp-json\/wp\/v2\/comments?post=57700"}],"version-history":[{"count":4,"href":"https:\/\/www.greenpeace.org\/finland\/wp-json\/wp\/v2\/posts\/57700\/revisions"}],"predecessor-version":[{"id":57709,"href":"https:\/\/www.greenpeace.org\/finland\/wp-json\/wp\/v2\/posts\/57700\/revisions\/57709"}],"wp:featuredmedia":[{"embeddable":true,"href":"https:\/\/www.greenpeace.org\/finland\/wp-json\/wp\/v2\/media\/57705"}],"wp:attachment":[{"href":"https:\/\/www.greenpeace.org\/finland\/wp-json\/wp\/v2\/media?parent=57700"}],"wp:term":[{"taxonomy":"category","embeddable":true,"href":"https:\/\/www.greenpeace.org\/finland\/wp-json\/wp\/v2\/categories?post=57700"},{"taxonomy":"post_tag","embeddable":true,"href":"https:\/\/www.greenpeace.org\/finland\/wp-json\/wp\/v2\/tags?post=57700"},{"taxonomy":"p4-page-type","embeddable":true,"href":"https:\/\/www.greenpeace.org\/finland\/wp-json\/wp\/v2\/p4-page-type?post=57700"}],"curies":[{"name":"wp","href":"https:\/\/api.w.org\/{rel}","templated":true}]}}