{"id":57904,"date":"2024-11-25T21:28:39","date_gmt":"2024-11-25T18:28:39","guid":{"rendered":"https:\/\/www.greenpeace.org\/finland\/?p=57904"},"modified":"2024-11-25T21:59:23","modified_gmt":"2024-11-25T18:59:23","slug":"ilmastokokous-deja-vu","status":"publish","type":"post","link":"https:\/\/www.greenpeace.org\/finland\/blogit\/ilmastonmuutos\/ilmastokokous-deja-vu\/","title":{"rendered":"Ilmastokokous d\u00e9j\u00e0-vu?"},"content":{"rendered":"\n<p>&#8221;Bakun ilmastokokous p\u00e4\u00e4ttyi pettymykseen ja riitoihin&#8221;, kirkuvat otsikot. <br><br>No niinp\u00e4 tietysti. Kuinkas muutenkaan. Eik\u00f6s se aina mene n\u00e4in? <br><br>Ei se ihan aina mene n\u00e4in. On my\u00f6s parempia aikoja ja helpommin sovittavia asioita. Silloin kansainv\u00e4liset ilmastokokoukset p\u00e4\u00e4ttyv\u00e4t toiveikkaampiin tunnelmiin. Ja siksi niit\u00e4 on kannattanut yh\u00e4 j\u00e4rjest\u00e4\u00e4. Ilman niit\u00e4 maailman tilanne ja tulevaisuus n\u00e4ytt\u00e4isi viel\u00e4 synkemm\u00e4lt\u00e4 kuin se nyt on. <br><br>Mutta muutama homma t\u00e4ss\u00e4 olisi nyt hyv\u00e4 tunnistaa.<\/p>\n\n<h2 class=\"wp-block-heading\">1. YK ei ole taikalaatikko<\/h2>\n\n<p>Jos joku viel\u00e4 kuvittelee, ett\u00e4 YK:n kokoukset ovat jotain taikalaatikoita, joista putkahtaa ulos ihan eri tuloksia, kuin millaisilla kannoilla ja rajoitteilla maat menee niihin sis\u00e4\u00e4n, niin on korkea aika her\u00e4t\u00e4. Taikalaatikkoa ei ole. <br><br>Eip\u00e4 Suomenkaan omat leikkaukset ilmastorahoitukseen kieli siit\u00e4, ett\u00e4 globaalin yhteisty\u00f6n suhteen oltaisiin tosissaan, vaan p\u00e4in vastoin. Ett\u00e4 ihan voi Suomenkin hallitus nyt katsoa peiliin.<\/p>\n\n<h2 class=\"wp-block-heading\">2. Muutos tai jarru olemme me<\/h2>\n\n<p>T\u00e4ss\u00e4 sit\u00e4 ollaan, n\u00e4ill\u00e4 ev\u00e4ill\u00e4. Ja t\u00e4st\u00e4 p\u00e4\u00e4st\u00e4\u00e4n eteenp\u00e4in vain ajamalla muutosta kaikilla tasoilla. <strong><em>Ilmastokriisi\u00e4 ratkaistaan tai kiihdytet\u00e4\u00e4n joka p\u00e4iv\u00e4<\/em><\/strong> pienill\u00e4 ja isoilla p\u00e4\u00e4t\u00f6ksill\u00e4 yrityksiss\u00e4, kunnissa, rahoituslaitoksissa ja arjessa, eik\u00e4 kenenk\u00e4\u00e4n kannata j\u00e4\u00e4d\u00e4 odottelemaan ulkopuolelta tulevaa pakkoa, vaan luoda sit\u00e4 pakkoa, painetta itse, omalla tekemisell\u00e4. P\u00e4\u00e4tt\u00e4j\u00e4t tekev\u00e4t erilaisia p\u00e4\u00e4t\u00f6ksi\u00e4 vasta, kun tuki ja vaatimus niille on omilta tukijoukoilta riitt\u00e4v\u00e4n suurta.<\/p>\n\n<h2 class=\"wp-block-heading\">3. Pienest\u00e4 voi tulla suurta<\/h2>\n\n<p>Joskus maailmaa mullistavat kehityskulut saavat alkunsa hyvinkin pienest\u00e4, mist\u00e4 innostava esimerkki on pienen Tanskan rooli globaalin tuulivoimateollisuuden synnytt\u00e4misess\u00e4. Se <a href=\"https:\/\/en.wikipedia.org\/wiki\/Wind_power_in_Denmark\" data-type=\"link\" data-id=\"https:\/\/en.wikipedia.org\/wiki\/Wind_power_in_Denmark\">tarina l\u00e4hti<\/a> tavallisten tanskalaisten takapihoilta, osuuskunnista! Suomella puolestaan on verrattain vahva ilmastolaki, joka on innostanut kansainv\u00e4lisesti. Eli ollaan nyt se esimerkki, joka ei luovuta ensimm\u00e4isten haasteiden edess\u00e4, vaan vie tavoitteensa my\u00f6s maaliin. T\u00e4llaisia esimerkkej\u00e4 maailma nyt kipe\u00e4sti kaipaa. Siksi <a href=\"https:\/\/www.greenpeace.org\/finland\/blogit\/ilmastonmuutos\/defending-finlands-net-zero-2035-climate-law-in-court\/\" data-type=\"link\" data-id=\"https:\/\/www.greenpeace.org\/finland\/blogit\/ilmastonmuutos\/defending-finlands-net-zero-2035-climate-law-in-court\/\">puolustamme parhaillaan<\/a> Suomen ilmastolakia oikeudessa.<\/p>\n\n<h2 class=\"wp-block-heading\">4. Mahdoton mahdolliseksi<\/h2>\n\n<p>Maailma on samaan aikaan sek\u00e4 ennenn\u00e4kem\u00e4tt\u00f6mien haasteiden ett\u00e4 mahdollisuuksien edess\u00e4. Puhtaan energian l\u00e4pimurto <a href=\"https:\/\/rmi.org\/wp-content\/uploads\/dlm_uploads\/2023\/06\/rmi_renewable_revolution.pdf\" data-type=\"link\" data-id=\"https:\/\/rmi.org\/wp-content\/uploads\/dlm_uploads\/2023\/06\/rmi_renewable_revolution.pdf\">etenee nyt vauhdilla<\/a>, jollaista moni ei osannut ennustaa. Se tekee fossiilisista polttoaineista luopumisen mahdolliseksi. Mutta itsest\u00e4\u00e4n se ei tapahdu, vaan vaatii p\u00e4\u00e4tt\u00e4jilt\u00e4 rohkeutta ja kyky\u00e4 puskea fossiilitaloutta paljon nopeammin pois tielt\u00e4. Siin\u00e4 tuleva vuosi tulee olemaan keskeinen, kun maiden kansallisia tavoitteita, my\u00f6s EU:n osalta p\u00e4ivitet\u00e4\u00e4n.<\/p>\n\n<p>Ei kannata masentua. Vaan sisuuntua. <\/p>\n\n<p><strong><em>Keep calm and carry on!<\/em><\/strong><\/p>\n\n<p><\/p>\n","protected":false},"excerpt":{"rendered":"<p>\ud83e\ude84 Jos joku viel\u00e4 kuvittelee, ett\u00e4 YK:n kokoukset on jotain taikalaatikoita, joista putkahtaa ulos ihan eri tuloksia, kuin millaisilla kannoilla ja rajoitteilla maat menee niihin sis\u00e4\u00e4n, niin on korkea aika&hellip;<\/p>\n","protected":false},"author":40,"featured_media":57905,"comment_status":"closed","ping_status":"closed","sticky":false,"template":"","format":"standard","meta":{"_improvement_type_select":"improve_an_existing","_thumb_yes_seoaic":false,"_frame_yes_seoaic":false,"seoaic_generate_description":"","seoaic_improve_instructions_prompt":"","seoaic_rollback_content_improvement":"","seoaic_idea_thumbnail_generator":"","thumbnail_generated":false,"thumbnail_generate_prompt":"","seoaic_article_description":"","ep_exclude_from_search":false,"seoaic_article_subtitles":[],"p4_og_title":"Ilmastokokous d\u00e9j\u00e0-vu?","p4_og_description":"Ilmastokokous p\u00e4\u00e4ttyi pettymykseen. No niinp\u00e4 tietysti. Eik\u00f6s se aina? Ei se ihan aina. Mutta muutama homma t\u00e4ss\u00e4 olisi nyt hyv\u00e4 tunnistaa.","p4_og_image":"","p4_og_image_id":"","p4_seo_canonical_url":"","p4_campaign_name":"Make Polluters Pay","p4_local_project":"","p4_basket_name":"Climate &amp; Energy","p4_department":"","footnotes":""},"categories":[1],"tags":[79,58,59,61,63,60],"p4-page-type":[16],"class_list":["post-57904","post","type-post","status-publish","format-standard","has-post-thumbnail","hentry","category-ilmastonmuutos","tag-hiilinielu","tag-ilmastokriisinsyyt","tag-ilmastokriisinvaikutukset","tag-fossiiliset","tag-uusiutuvat","tag-ilmastopolitiikka","p4-page-type-blogit"],"_links":{"self":[{"href":"https:\/\/www.greenpeace.org\/finland\/wp-json\/wp\/v2\/posts\/57904","targetHints":{"allow":["GET"]}}],"collection":[{"href":"https:\/\/www.greenpeace.org\/finland\/wp-json\/wp\/v2\/posts"}],"about":[{"href":"https:\/\/www.greenpeace.org\/finland\/wp-json\/wp\/v2\/types\/post"}],"author":[{"embeddable":true,"href":"https:\/\/www.greenpeace.org\/finland\/wp-json\/wp\/v2\/users\/40"}],"replies":[{"embeddable":true,"href":"https:\/\/www.greenpeace.org\/finland\/wp-json\/wp\/v2\/comments?post=57904"}],"version-history":[{"count":2,"href":"https:\/\/www.greenpeace.org\/finland\/wp-json\/wp\/v2\/posts\/57904\/revisions"}],"predecessor-version":[{"id":57908,"href":"https:\/\/www.greenpeace.org\/finland\/wp-json\/wp\/v2\/posts\/57904\/revisions\/57908"}],"wp:featuredmedia":[{"embeddable":true,"href":"https:\/\/www.greenpeace.org\/finland\/wp-json\/wp\/v2\/media\/57905"}],"wp:attachment":[{"href":"https:\/\/www.greenpeace.org\/finland\/wp-json\/wp\/v2\/media?parent=57904"}],"wp:term":[{"taxonomy":"category","embeddable":true,"href":"https:\/\/www.greenpeace.org\/finland\/wp-json\/wp\/v2\/categories?post=57904"},{"taxonomy":"post_tag","embeddable":true,"href":"https:\/\/www.greenpeace.org\/finland\/wp-json\/wp\/v2\/tags?post=57904"},{"taxonomy":"p4-page-type","embeddable":true,"href":"https:\/\/www.greenpeace.org\/finland\/wp-json\/wp\/v2\/p4-page-type?post=57904"}],"curies":[{"name":"wp","href":"https:\/\/api.w.org\/{rel}","templated":true}]}}