{"id":58231,"date":"2025-01-22T12:23:44","date_gmt":"2025-01-22T09:23:44","guid":{"rendered":"https:\/\/www.greenpeace.org\/finland\/?p=58231"},"modified":"2025-01-23T17:29:02","modified_gmt":"2025-01-23T14:29:02","slug":"voitto-vuosi-lisaaikaa-valtion-luonnonmetsille-mutta-vaara-ei-ole-ohi","status":"publish","type":"post","link":"https:\/\/www.greenpeace.org\/finland\/blogit\/metsat\/voitto-vuosi-lisaaikaa-valtion-luonnonmetsille-mutta-vaara-ei-ole-ohi\/","title":{"rendered":"Voitto! Vuosi lis\u00e4aikaa valtion luonnonmetsille \u2013 mutta vaara ei ole ohi"},"content":{"rendered":"\n<figure class=\"wp-block-image\"><img decoding=\"async\" src=\"https:\/\/lh7-rt.googleusercontent.com\/docsz\/AD_4nXc51Iyv_rRNCaXqPvg9BIhel48YS2_wXw7tQHlYYW1pLrHIpc17n6SfqjSG8K1Xm2Q2cYJ5Ah6h8aEfeW446A5oBW1ZaFlP_yBUR4o6jE5TmyLBhyeUIj_1SvlwJcNhpcylPkMJTA?key=CQVHzldtW_YCW-guLxHTXshz\" alt=\"Aktivisteja kylttien kanssa UPM:n p\u00e4\u00e4konttorin ulkopuolella. Taustalla n\u00e4kyy telttasauna. Osa aktivisteista on pukeutunut uimapukuihin. Etualalla aktivisti pitelee kyltti\u00e4, jossa on kuva UPM:n toimitusjohtajasta ja teksti &quot;H\u00e4n voi p\u00e4\u00e4tt\u00e4\u00e4, hakataanko luonnonmetsi\u00e4&quot;.\"\/><figcaption class=\"wp-element-caption\"><em>Greenpeacen, Luontoliiton, Mets\u00e4liikkeen ja Elokapinan aktivistit osoittivat mielt\u00e4 Stora Enson, Mets\u00e4 Groupin ja UPM:n p\u00e4\u00e4konttoreilla helmikuussa 2024. Mielenosoittajat kutsuivat yhti\u00f6iden ty\u00f6ntekij\u00e4t telttasaunaan keskustelemaan luonnonmetsien h\u00e4t\u00e4tilasta.\u00a0 Kuva: Jonne Sippola<\/em><br><\/figcaption><\/figure>\n\n<p><strong>Vuosi sitten julistimme Suomeen luonnonmets\u00e4h\u00e4lytyksen. Mets\u00e4hallitus oli aikeissa hakata yli 20 arvokasta valtion luonnonmets\u00e4\u00e4. Se ei suostunut per\u00e4\u00e4ntym\u00e4\u00e4n hakkuista, vaikka mets\u00e4t oli kartoitettu ja niiden poikkeukselliset luontoarvot olivat tiedossa.<\/strong><\/p>\n\n<p>Mets\u00e4liikkeen, Greenpeacen, Elokapinan ja Luontoliiton yhteiskampanja toimi: luonnonmets\u00e4h\u00e4lytyksen <a href=\"https:\/\/www.greenpeace.org\/finland\/blogit\/metsat\/luontohakkuita-valtionmailla\/\">21 kohteesta<\/a> 19 on edelleen pystyss\u00e4. Se on vapaaehtoisten mets\u00e4vahtien, aktivistien ja tukijoidemme ansiota.&nbsp;<\/p>\n\n<p>Mutta arvokkaat mets\u00e4mme eiv\u00e4t ole viel\u00e4 turvassa. Mets\u00e4hallituksella on edelleen voimassa hakkuuilmoituksia valtion luonnonmetsiss\u00e4 \u2013 ja lis\u00e4\u00e4 tulee. Eiv\u00e4tk\u00e4 mets\u00e4yhti\u00f6t ole edelleenk\u00e4\u00e4n suostuneet lopettamaan puun ostamista luonnonmetsist\u00e4.&nbsp;<\/p>\n\n<h2 class=\"wp-block-heading\">Vastuullinen mets\u00e4yhti\u00f6 ei keit\u00e4 luonnonmets\u00e4\u00e4 selluksi<\/h2>\n\n<p>Ratkaisu on yksinkertainen: arvokkaita luonnonmetsi\u00e4mme ei kaadeta, jos niiden puuta ei osteta. Suurimmilla mets\u00e4yhti\u00f6ill\u00e4mme Mets\u00e4 Groupilla, Stora Ensolla ja UPM:ll\u00e4 on siis valta p\u00e4\u00e4tt\u00e4\u00e4, hakataanko uhanalaisten lajiemme viimeiset elinymp\u00e4rist\u00f6t vai ei.&nbsp;<\/p>\n\n<p>Mik\u00e4li mets\u00e4yhti\u00f6t haluavat kehua raaka-aineitaan vastuullisesti tuotetuiksi, ne eiv\u00e4t voi ostaa puuta <a href=\"https:\/\/koneensaatio.fi\/tarinat-ja-julkaisut\/luonnonmetsatutkimuksen-loppusuoralla\/\">selkein kriteerein<\/a> m\u00e4\u00e4ritellyist\u00e4 luonnonmetsist\u00e4.&nbsp;<\/p>\n\n<h2 class=\"wp-block-heading\">Stora Enso, UPM ja Mets\u00e4 Group, lopettakaa puun ostaminen luonnonmetsist\u00e4!<\/h2>\n\n<p>Juuri nyt metsiemme tila on huolestuttava. Olemme juuri saaneet lukea, miten mets\u00e4teollisuus on kasvattanut hakkuum\u00e4\u00e4r\u00e4t niin korkeiksi, ett\u00e4 <a href=\"https:\/\/www.hs.fi\/suomi\/art-2000010964469.html\">suomalainen mets\u00e4 ei itse asiassa ole en\u00e4\u00e4 hiilinielu vaan p\u00e4\u00e4st\u00f6l\u00e4hde<\/a>. Suomen hallitus on jyr\u00e4\u00e4m\u00e4ss\u00e4 l\u00e4pi sellaiset vanhojen ja luonnontilaisten metsien kriteerit, jotka toteutuessaan heikent\u00e4v\u00e4t mets\u00e4luontomme suojelun tilaa.<\/p>\n\n<p>Luonnonmetsien j\u00e4tt\u00e4minen rauhaan on v\u00e4hint\u00e4, mit\u00e4 mets\u00e4yhti\u00f6t voivat tehd\u00e4, mik\u00e4li ne haluavat v\u00e4itt\u00e4\u00e4 toimintansa olevan likimainkaan vastuullista. Yhti\u00f6ill\u00e4 olisi t\u00e4h\u00e4n kyll\u00e4 varaa.&nbsp;<\/p>\n\n<p><strong>Vaaditaan yhdess\u00e4 yhti\u00f6ilt\u00e4, ett\u00e4 niiden on sitouduttava lopettamaan luonnonmetsien ostaminen nyt!<\/strong><br><\/p>\n\t\t\t<section\n\t\t\tclass=\"boxout post-55166 \"\n\t\t\t\n\t\t>\n\t\t\t<a\n\t\t\t\tdata-ga-category=\"Take Action Boxout\"\n\t\t\t\tdata-ga-action=\"Image\"\n\t\t\t\tdata-ga-label=\"n\/a\"\n\t\t\t\tclass=\"cover-card-overlay\"\n\t\t\t\thref=\"https:\/\/www.greenpeace.org\/finland\/toimi\/metsayhtiot-vastuuseen\/\" \n\t\t\t><\/a>\n\t\t\t\t\t\t\t<img\n\t\t\t\t\t\tsrc=\"https:\/\/www.greenpeace.org\/static\/planet4-finland-stateless\/2023\/09\/9f0c3136-metsat-puuterminaali-rovaniemi190918-11-1024x768.jpg\"\n\t\t\t\t\t\tsrcset=\"https:\/\/www.greenpeace.org\/static\/planet4-finland-stateless\/2023\/09\/9f0c3136-metsat-puuterminaali-rovaniemi190918-11-300x225.jpg 300w, https:\/\/www.greenpeace.org\/static\/planet4-finland-stateless\/2023\/09\/9f0c3136-metsat-puuterminaali-rovaniemi190918-11-1024x768.jpg 1024w, https:\/\/www.greenpeace.org\/static\/planet4-finland-stateless\/2023\/09\/9f0c3136-metsat-puuterminaali-rovaniemi190918-11-768x576.jpg 768w, https:\/\/www.greenpeace.org\/static\/planet4-finland-stateless\/2023\/09\/9f0c3136-metsat-puuterminaali-rovaniemi190918-11-1536x1152.jpg 1536w, https:\/\/www.greenpeace.org\/static\/planet4-finland-stateless\/2023\/09\/9f0c3136-metsat-puuterminaali-rovaniemi190918-11-2048x1536.jpg 2048w, https:\/\/www.greenpeace.org\/static\/planet4-finland-stateless\/2023\/09\/9f0c3136-metsat-puuterminaali-rovaniemi190918-11-1821x1366.jpg 1821w, https:\/\/www.greenpeace.org\/static\/planet4-finland-stateless\/2023\/09\/9f0c3136-metsat-puuterminaali-rovaniemi190918-11-453x340.jpg 453w\"\n\t\t\t\t\t\tsizes=\"(min-width: 1000px) 358px, (min-width: 780px) 313px, 88px\"\n\t\t\t\t\t\talt=\"Pinottuja puunrunkoja.\" title=\"Pinottuja puunrunkoja.\"\n\t\t\t\t\/>\n            \t\t\t<div class=\"boxout-content\">\n\t\t\t\t\t\t\t\t\t<a\n\t\t\t\t\t\tclass=\"boxout-heading medium\"\n\t\t\t\t\t\tdata-ga-category=\"Take Action Boxout\"\n\t\t\t\t\t\tdata-ga-action=\"Title\"\n\t\t\t\t\t\tdata-ga-label=\"n\/a\"\n\t\t\t\t\t\thref=\"https:\/\/www.greenpeace.org\/finland\/toimi\/metsayhtiot-vastuuseen\/\"\n\t\t\t\t\t\t\n\t\t\t\t\t>\n\t\t\t\t\t\tMets\u00e4yhti\u00f6t vastuuseen! Suomen luonto ei ole kertak\u00e4ytt\u00f6tuote\n\t\t\t\t\t<\/a>\n\t\t\t\t\t\t\t\t\t\t\t\t\t<p class=\"boxout-excerpt\">Luontokato kiihtyy, hiilinielut romahtavat, mutta mets\u00e4yhti\u00f6t jatkavat samaan malliin. Jotain rajaa! Allekirjoita vetoomus.<\/p>\n\t\t\t\t                                    <a\n                        class=\"btn btn-primary\"\n                        data-ga-category=\"Take Action Boxout\"\n                        data-ga-action=\"Call to Action\"\n                        data-ga-label=\"n\/a\"\n                        href=\"https:\/\/www.greenpeace.org\/finland\/toimi\/metsayhtiot-vastuuseen\/\"\n                        \n                    >\n                        Tule mukaan\n                    <\/a>\n                \t\t\t<\/div>\n\t\t\t\t\t<\/section>\n\t","protected":false},"excerpt":{"rendered":"<p>Vuosi sitten julistimme Suomeen luonnonmets\u00e4h\u00e4lytyksen. Mets\u00e4hallitus oli aikeissa hakata yli 20 arvokasta valtion luonnonmets\u00e4\u00e4. Se ei suostunut per\u00e4\u00e4ntym\u00e4\u00e4n hakkuista, vaikka mets\u00e4t oli kartoitettu ja niiden poikkeukselliset luontoarvot olivat tiedossa.<\/p>\n","protected":false},"author":99,"featured_media":58232,"comment_status":"closed","ping_status":"closed","sticky":false,"template":"","format":"standard","meta":{"_improvement_type_select":"improve_an_existing","_thumb_yes_seoaic":false,"_frame_yes_seoaic":false,"seoaic_generate_description":"","seoaic_improve_instructions_prompt":"","seoaic_rollback_content_improvement":"","seoaic_idea_thumbnail_generator":"","thumbnail_generated":false,"thumbnail_generate_prompt":"","seoaic_article_description":"","ep_exclude_from_search":false,"seoaic_article_subtitles":[],"p4_og_title":"","p4_og_description":"","p4_og_image":"","p4_og_image_id":"","p4_seo_canonical_url":"","p4_campaign_name":"","p4_local_project":"","p4_basket_name":"","p4_department":"","footnotes":""},"categories":[3],"tags":[79,6,70,75,71,82],"p4-page-type":[16],"class_list":["post-58231","post","type-post","status-publish","format-standard","has-post-thumbnail","hentry","category-metsat","tag-hiilinielu","tag-luonnonmetsa","tag-luontokato","tag-metsateollisuus","tag-suojellaanmetsat","tag-voitto","p4-page-type-blogit"],"_links":{"self":[{"href":"https:\/\/www.greenpeace.org\/finland\/wp-json\/wp\/v2\/posts\/58231","targetHints":{"allow":["GET"]}}],"collection":[{"href":"https:\/\/www.greenpeace.org\/finland\/wp-json\/wp\/v2\/posts"}],"about":[{"href":"https:\/\/www.greenpeace.org\/finland\/wp-json\/wp\/v2\/types\/post"}],"author":[{"embeddable":true,"href":"https:\/\/www.greenpeace.org\/finland\/wp-json\/wp\/v2\/users\/99"}],"replies":[{"embeddable":true,"href":"https:\/\/www.greenpeace.org\/finland\/wp-json\/wp\/v2\/comments?post=58231"}],"version-history":[{"count":3,"href":"https:\/\/www.greenpeace.org\/finland\/wp-json\/wp\/v2\/posts\/58231\/revisions"}],"predecessor-version":[{"id":58236,"href":"https:\/\/www.greenpeace.org\/finland\/wp-json\/wp\/v2\/posts\/58231\/revisions\/58236"}],"wp:featuredmedia":[{"embeddable":true,"href":"https:\/\/www.greenpeace.org\/finland\/wp-json\/wp\/v2\/media\/58232"}],"wp:attachment":[{"href":"https:\/\/www.greenpeace.org\/finland\/wp-json\/wp\/v2\/media?parent=58231"}],"wp:term":[{"taxonomy":"category","embeddable":true,"href":"https:\/\/www.greenpeace.org\/finland\/wp-json\/wp\/v2\/categories?post=58231"},{"taxonomy":"post_tag","embeddable":true,"href":"https:\/\/www.greenpeace.org\/finland\/wp-json\/wp\/v2\/tags?post=58231"},{"taxonomy":"p4-page-type","embeddable":true,"href":"https:\/\/www.greenpeace.org\/finland\/wp-json\/wp\/v2\/p4-page-type?post=58231"}],"curies":[{"name":"wp","href":"https:\/\/api.w.org\/{rel}","templated":true}]}}