{"id":5862,"date":"2020-10-05T15:08:32","date_gmt":"2020-10-05T12:08:32","guid":{"rendered":"https:\/\/www.greenpeace.org\/finland\/?p=5862"},"modified":"2025-01-07T10:55:25","modified_gmt":"2025-01-07T07:55:25","slug":"maailman-suurin-kosteikkoalue-on-tulessa-brasialiassa-villielaimilla-on-hata","status":"publish","type":"post","link":"https:\/\/www.greenpeace.org\/finland\/blogit\/metsat\/maailman-suurin-kosteikkoalue-on-tulessa-brasialiassa-villielaimilla-on-hata\/","title":{"rendered":"Maailman suurin kosteikkoalue on tulessa &#8211; villiel\u00e4imill\u00e4 on h\u00e4t\u00e4"},"content":{"rendered":"\n<p>Amazonin mets\u00e4paloista ei ole uutisoitu t\u00e4n\u00e4 vuonna yht\u00e4 n\u00e4ytt\u00e4v\u00e4sti kuin viime syksyn\u00e4, vaikka tilanne on viimevuotistakin pahempi. Tilanne Amazonin sademetsiss\u00e4 on katastrofaalinen, mutta mets\u00e4palot eiv\u00e4t valitettavasti rajoitu vain sinne. Nyt tulessa on my\u00f6s maailman suurin trooppinen kosteikkoalue Pantanalin suisto. Palopes\u00e4kkeit\u00e4 suistosta on l\u00f6ytynyt 200 % enemm\u00e4n, kuin viime vuonna.<\/p>\n\n<p>Tulipalot ovat tuhonneet t\u00e4h\u00e4n menness\u00e4 25 000 neli\u00f6kilometri\u00e4 korvaamatomman arvokasta luontoa.<a href=\"https:\/\/www.cbc.ca\/news\/world\/brazil-fires-threaten-pantanal-1.5728682\"> Alue on nelj\u00e4 kertaa suurempi kuin Kalifornian paloissa tuhoutunut alue. <\/a>Suomen mittakaavassa paloalue on yli kaksi kertaa Uudenmaan kokoinen. Elokuun loppuun menness\u00e4 todettiin, ett\u00e4 kymmenesosa Pantanalin suistosta on tuhoutunut. Tilanteella on katastrofaaliset seuraukset herk\u00e4lle ekosysteemille ja <a href=\"https:\/\/www.cbc.ca\/news\/world\/brazil-fires-threaten-pantanal-1.5728682\">villiel\u00e4imet ovat k\u00e4rsineet tilanteesta eniten.<\/a><\/p>\n\n<h2 class=\"wp-block-heading\">Villiel\u00e4inten ahdinko on valtava<\/h2>\n\n<p>Ihmisvahingoilta on v\u00e4ltytty, mutta palomiesten mukaan villiel\u00e4inten ahdinko on valtava. Pantanalin suisto on koti noin 1200 selk\u00e4rankaiselle, joista 36 lajia ovat uhanalaisia. Elokuun lopussa joukko el\u00e4inl\u00e4\u00e4k\u00e4reit\u00e4, biologeja ja paikallisia oppaita kartoitti, miten mets\u00e4palot ovat vaikuttaneet villiel\u00e4imiin. Ryhm\u00e4\u00e4 odotti j\u00e4rkytt\u00e4v\u00e4 n\u00e4ky.<\/p>\n\n<p>Jaguaarit vaelsivat keskell\u00e4 palaneita alueita etsien ruokaa ja vett\u00e4, selke\u00e4sti aliravittuina ja nestehukkaisina. Tassut olivat palaneet luuhun asti ja keuhkot olivat pikimustat savusta. Kuolleiden kaimaanien leuat olivat juuttuneet auki, niiden yritt\u00e4ess\u00e4 ep\u00e4toivoisesti viilent\u00e4\u00e4 itse\u00e4\u00e4n ennen kuin liekit saavuttivat ne. Tyhji\u00e4, palaneita kilpikonnan kuoria. Karrelle palaneita k\u00e4\u00e4rmeit\u00e4, jotka ovat biologien mukaan purreet omaa h\u00e4nt\u00e4\u00e4ns\u00e4 todenn\u00e4k\u00f6isesti p\u00e4\u00e4st\u00e4kseen tuskistaan.<\/p>\n\n<figure class=\"wp-block-image size-large  caption-style-blue-overlay caption-alignment-center\"><img loading=\"lazy\" decoding=\"async\" width=\"1024\" height=\"576\" src=\"https:\/\/www.greenpeace.org\/static\/planet4-finland-stateless\/2020\/10\/5439f45e-gp04unc_high_res-1024x576.jpg\" title=\"Jacarenkaimaani\" alt=\"Jacarenkaimaani\" class=\"wp-image-5863\" srcset=\"https:\/\/www.greenpeace.org\/static\/planet4-finland-stateless\/2020\/10\/5439f45e-gp04unc_high_res-1024x576.jpg 1024w, https:\/\/www.greenpeace.org\/static\/planet4-finland-stateless\/2020\/10\/5439f45e-gp04unc_high_res-300x169.jpg 300w, https:\/\/www.greenpeace.org\/static\/planet4-finland-stateless\/2020\/10\/5439f45e-gp04unc_high_res-768x432.jpg 768w, https:\/\/www.greenpeace.org\/static\/planet4-finland-stateless\/2020\/10\/5439f45e-gp04unc_high_res-1536x863.jpg 1536w, https:\/\/www.greenpeace.org\/static\/planet4-finland-stateless\/2020\/10\/5439f45e-gp04unc_high_res-2048x1151.jpg 2048w, https:\/\/www.greenpeace.org\/static\/planet4-finland-stateless\/2020\/10\/5439f45e-gp04unc_high_res-510x287.jpg 510w\" sizes=\"auto, (max-width: 1024px) 100vw, 1024px\" \/><figcaption>Jacarenkaimaani. Kuva: Markus Mauthe \/ Greenpeace<div class=\"credit icon-left\"> \u00a9 Markus Mauthe \/ Greenpeace<\/div><\/figcaption><\/figure>\n\n<h2 class=\"wp-block-heading\">Brasilian hallitus v\u00e4h\u00e4ttelee Pantanalin kriisi\u00e4<\/h2>\n\n<p>Pantanalin paloissa kuolleiden el\u00e4inten m\u00e4\u00e4r\u00e4\u00e4 on WWF:n mukaan vaikea arvioida, mutta tulipalojen vahingot ovat usein mittavia: esimerkiksi Australian vuoden 2020 paloissa on arvoitu kuolleen yli kolme miljardia el\u00e4int\u00e4.<\/p>\n\n<p>Kansainv\u00e4linen isojen kissojen suojeluj\u00e4rjest\u00f6<a href=\"https:\/\/apnews.com\/article\/environment-brazil-wildfires-fires-archive-949544b4f28905869bd77392c640a7ea\"> Panthera arvioi, ett\u00e4 200 jaguaaria on kuollut, loukkaantunut vakavasti tai joutunut pakenemaan elinalueeltaan.<\/a> Maailmassa oli vuonna 2017 j\u00e4ljell\u00e4 vain noin 15 000 jaguaaria. Laji on uhanalaisuusasteikolla silm\u00e4ll\u00e4pidett\u00e4v\u00e4 laji.<\/p>\n\n<p>Hallituksen ja presidentti Jair Bolsonaron reaktio paloihin on ollut odotetusti heikko. <a href=\"https:\/\/www.bbc.com\/news\/in-pictures-54189503\">Syyskuussa Bolsonaro sanoi,<\/a> ett\u00e4 kritiikki hallitusta kohtaan Pantanalin ja Amazonin sademetsien paloista on ollut \u201ckohtuutonta\u201d. Bolsonaron hallitus kielt\u00e4\u00e4 kerta toisensa j\u00e4lkeen tieteelliset tulokset ja kannustaa planeettamme selviytymisen kannalta t\u00e4rkeiden ekosysteemin tuhoamiseen.<\/p>\n\n<h2 class=\"wp-block-heading\">Mets\u00e4paloista k\u00e4rsivill\u00e4 el\u00e4imill\u00e4 ei ole omaa \u00e4\u00e4nt\u00e4<\/h2>\n\n<figure class=\"wp-block-image size-large  caption-style-blue-overlay caption-alignment-center\"><img decoding=\"async\" src=\"https:\/\/www.greenpeace.org\/static\/planet4-finland-stateless\/2020\/10\/02b3ef4e-gp0stt9ih-1024x680.jpg\" title=\"Pampakauris kuvattuna Pantanalin suistossa, Brasiliassa.<div class=\"credit icon-left\"> \u00a9 Scott Presnell \/ CC BY-SA 2.0<\/div>&#8221; alt=&#8221;Pampakauris kuvattuna Pantanalin suistossa, Brasiliassa.<div class=\"credit icon-left\"> \u00a9 Scott Presnell \/ CC BY-SA 2.0<\/div>&#8221; class=&#8221;wp-image-5864&#8243;\/><figcaption>Pampakauris kuvattuna Pantanalin suistossa, Brasiliassa.<div class=\"credit icon-left\"> \u00a9 Scott Presnell \/ CC BY-SA 2.0<\/div><\/figcaption><\/figure>\n\n<p>Ahdinko Amazonin sademetsiss\u00e4 ja Pantanalin suistossa pahenee: el\u00e4imill\u00e4 ei ole omaa \u00e4\u00e4nt\u00e4. Pahimmat kuvat Pantanalin alueelta kertovat hirvitt\u00e4v\u00e4\u00e4 tarinaa el\u00e4inten h\u00e4d\u00e4st\u00e4. Koin hetken toivottomuutta el\u00e4inten h\u00e4t\u00e4\u00e4 kuvaillessani. Kaikki ne uskomattoman kauniit el\u00e4imet, jotka jo tunnemme &#8211; ovatko ne kohta poissa? <\/p>\n\n<p>Tied\u00e4n my\u00f6s, ett\u00e4 Amazon on koti miljoonille lajeille ja yksi maailman monimuotoisimmista ekosysteemeist\u00e4. Sademets\u00e4n suojissa el\u00e4\u00e4 lajeja, joita emme viel\u00e4 edes tunne. L\u00e4hivuosien aikana Amazonilta on l\u00f6ydetty yli 600 uutta lajia. Viimeaikainen tuho on syd\u00e4nt\u00e4 s\u00e4rkev\u00e4\u00e4.<\/p>\n\n<p>Viimeisen kolmen vuoden aikana olen kuitenkin saanut n\u00e4hd\u00e4 l\u00e4helt\u00e4, mit\u00e4 Greenpeace tekee konkreettisesti maailman metsien, merten ja monimuotoisuuden suojelemiseksi ja ilmastonmuutoksen hidastamiseksi. Oma syd\u00e4meni sykkii metsille ja viimeisen vuoden aikana olen saanut olla mukana seuraamassa Amazonin sademetsien tilannetta ja tehd\u00e4 kaikkeni Amazonin sademetsien suojelemiseksi.<\/p>\n\n<figure class=\"wp-block-image size-large  caption-style-blue-overlay caption-alignment-center\"><img loading=\"lazy\" decoding=\"async\" width=\"800\" height=\"532\" src=\"https:\/\/www.greenpeace.org\/static\/planet4-finland-stateless\/2020\/10\/a6bc4169-gp1sucdk_web_size.jpg\" title=\"Palomies Pantanalin suiston mets\u00e4paloalueella syyskuussa 2020\" alt=\"Palomies Pantanalin suiston mets\u00e4paloalueella syyskuussa 2020\" class=\"wp-image-5866\" srcset=\"https:\/\/www.greenpeace.org\/static\/planet4-finland-stateless\/2020\/10\/a6bc4169-gp1sucdk_web_size.jpg 800w, https:\/\/www.greenpeace.org\/static\/planet4-finland-stateless\/2020\/10\/a6bc4169-gp1sucdk_web_size-300x200.jpg 300w, https:\/\/www.greenpeace.org\/static\/planet4-finland-stateless\/2020\/10\/a6bc4169-gp1sucdk_web_size-768x511.jpg 768w, https:\/\/www.greenpeace.org\/static\/planet4-finland-stateless\/2020\/10\/a6bc4169-gp1sucdk_web_size-510x340.jpg 510w\" sizes=\"auto, (max-width: 800px) 100vw, 800px\" \/><figcaption>Palomies Pantanalin suiston mets\u00e4paloalueella syyskuussa 2020.<\/figcaption><\/figure>\n\n<p>Vuonna 2019 Amazonin palot nousivat t\u00e4rkeimpien uutisten joukkoon ymp\u00e4ri maailman. Greenpeace ker\u00e4si pohjoismaissa yli 600 000 euroa muutaman viikon aikana Amazonin suojelemiseksi. Kiitos lahjoittajien, pystyimme my\u00f6s dokumentoimaan ja jakamaan tietoa tulipaloista maailmanlaajuisesti ja rikkomaan Bosonaron valheiden verkon. <\/p>\n\n<p><a href=\"https:\/\/www.greenpeace.org\/finland\/blogit\/2560\/7-tekoa-amazonin-pelastamiseksi\/\">Lahjoittajien tuella kartoitimme esimerkiksi Amazonin paloja lent\u00e4m\u00e4ll\u00e4 ja kuvaamalla. <\/a>K\u00e4ynnistimme my\u00f6s maailmanlaajuisen kampanjan pikaruokaketjuja vastaan saadaksemme heid\u00e4t lopettamaan sellaisten tuotteiden k\u00e4ytt\u00f6, mitk\u00e4 edist\u00e4v\u00e4t Brasilian mets\u00e4katoa.<\/p>\n\n<figure class=\"wp-block-image size-large  caption-style-blue-overlay caption-alignment-center\"><img loading=\"lazy\" decoding=\"async\" width=\"800\" height=\"483\" src=\"https:\/\/www.greenpeace.org\/static\/planet4-finland-stateless\/2020\/10\/428d5829-gp0stushj_web_size.jpg\" title=\"Wings of Emergency -projekti l\u00e4hett\u00e4\u00e4 h\u00e4t\u00e4apua Amazonin sademetsiin Brasiliassa 2020\" alt=\"Wings of Emergency -projekti l\u00e4hett\u00e4\u00e4 h\u00e4t\u00e4apua Amazonin sademetsiin Brasiliassa 2020\" class=\"wp-image-5867\" srcset=\"https:\/\/www.greenpeace.org\/static\/planet4-finland-stateless\/2020\/10\/428d5829-gp0stushj_web_size.jpg 800w, https:\/\/www.greenpeace.org\/static\/planet4-finland-stateless\/2020\/10\/428d5829-gp0stushj_web_size-300x181.jpg 300w, https:\/\/www.greenpeace.org\/static\/planet4-finland-stateless\/2020\/10\/428d5829-gp0stushj_web_size-768x464.jpg 768w, https:\/\/www.greenpeace.org\/static\/planet4-finland-stateless\/2020\/10\/428d5829-gp0stushj_web_size-510x308.jpg 510w\" sizes=\"auto, (max-width: 800px) 100vw, 800px\" \/><figcaption>Wings of Emergency -projekti l\u00e4hett\u00e4\u00e4 h\u00e4t\u00e4apua Amazonin sademetsiin Brasiliassa 2020.<\/figcaption><\/figure>\n\n<h2 class=\"wp-block-heading\">Mit\u00e4 voimme tehd\u00e4?<\/h2>\n\n<p>Villiel\u00e4imet ovat t\u00e4ysin ihmisten armoilla. Silti Amazonin sademetsien palot eiv\u00e4t t\u00e4yt\u00e4 lehtien palstoja. Vallitseva maailmantilanne k\u00e4\u00e4nt\u00e4\u00e4 huomion ymm\u00e4rrett\u00e4v\u00e4sti muualle. Mets\u00e4palot voivat my\u00f6s tuntua merkityksett\u00f6milt\u00e4 muiden ymp\u00e4rist\u00f6katastrofien rinnalla. <\/p>\n\n<p>Tilannetta ei kuitenkaan tule hyv\u00e4ksy\u00e4 \u201cuutena normaalina\u201d &#8211; Amazonin mets\u00e4palot ovat ymp\u00e4rist\u00f6katastrofi, jolla on kauaskantoiset ja tuhoisat seuraukset. Maailman mets\u00e4t ovat tulessa ihmisten toimien t\u00e4hden ja se pahentaa ilmastokriisi\u00e4!<\/p>\n\n<p>Yhdess\u00e4 voimme kuitenkin viel\u00e4 vaikuttaa tilanteeseen. Yksitt\u00e4isen ihmisen teko muuttuu voimaksi, jolla saamme muutoksen aikaan. Anna \u00e4\u00e4nesi \u00e4\u00e4nett\u00f6mille &#8211; sano EI v\u00e4\u00e4rydelle. Tule mukaan!<\/p>\n\n<ul class=\"wp-block-list\"><li><a href=\"https:\/\/www.greenpeace.org\/finland\/toimi\/pelasta-amazon\/allekirjoita-vetoomus\/\">Allekirjoita vetoomus, jotta ostoskoriisi ei en\u00e4\u00e4 eksy yht\u00e4\u00e4n tuotetta, joka tuhoaa metsi\u00e4.<\/a><\/li><li><a href=\"https:\/\/lahjoita.greenpeace.org\/d\/tee-lahjoitus-amazon\">Tee lahjoitus Amazonin sademetsien suojelemiseksi.<\/a><\/li><li><a href=\"https:\/\/www.facebook.com\/greenpeacesuomi\/fundraisers\/\">Luo oma ker\u00e4ys Amazonin sademetsien puolesta.<\/a><\/li><\/ul>\n\t\t\t<section\n\t\t\tclass=\"boxout  \"\n\t\t\t\n\t\t>\n\t\t\t<a\n\t\t\t\tdata-ga-category=\"Take Action Boxout\"\n\t\t\t\tdata-ga-action=\"Image\"\n\t\t\t\tdata-ga-label=\"n\/a\"\n\t\t\t\tclass=\"cover-card-overlay\"\n\t\t\t\thref=\"https:\/\/lahjoita.greenpeace.org\/d\/tee-lahjoitus-amazon\" target=\"_blank\"\n\t\t\t><\/a>\n\t\t\t\t\t\t\t<img\n\t\t\t\t\t\tsrc=\"https:\/\/www.greenpeace.org\/static\/planet4-finland-stateless\/2020\/08\/b46c0290-gp0stupv1_high_res-1024x683.jpg\"\n\t\t\t\t\t\tsrcset=\"https:\/\/www.greenpeace.org\/static\/planet4-finland-stateless\/2020\/08\/b46c0290-gp0stupv1_high_res-300x200.jpg 300w, https:\/\/www.greenpeace.org\/static\/planet4-finland-stateless\/2020\/08\/b46c0290-gp0stupv1_high_res-1024x683.jpg 1024w, https:\/\/www.greenpeace.org\/static\/planet4-finland-stateless\/2020\/08\/b46c0290-gp0stupv1_high_res-768x512.jpg 768w, https:\/\/www.greenpeace.org\/static\/planet4-finland-stateless\/2020\/08\/b46c0290-gp0stupv1_high_res-1536x1024.jpg 1536w, https:\/\/www.greenpeace.org\/static\/planet4-finland-stateless\/2020\/08\/b46c0290-gp0stupv1_high_res-2048x1366.jpg 2048w, https:\/\/www.greenpeace.org\/static\/planet4-finland-stateless\/2020\/08\/b46c0290-gp0stupv1_high_res-510x340.jpg 510w\"\n\t\t\t\t\t\tsizes=\"(min-width: 1000px) 358px, (min-width: 780px) 313px, 88px\"\n\t\t\t\t\t\talt=\"\" title=\"\"\n\t\t\t\t\/>\n            \t\t\t<div class=\"boxout-content\">\n\t\t\t\t\t\t\t\t\t<a\n\t\t\t\t\t\tclass=\"boxout-heading medium\"\n\t\t\t\t\t\tdata-ga-category=\"Take Action Boxout\"\n\t\t\t\t\t\tdata-ga-action=\"Title\"\n\t\t\t\t\t\tdata-ga-label=\"n\/a\"\n\t\t\t\t\t\thref=\"https:\/\/lahjoita.greenpeace.org\/d\/tee-lahjoitus-amazon\"\n\t\t\t\t\t\ttarget=\"_blank\"\n\t\t\t\t\t>\n\t\t\t\t\t\tLahjoita ja tue ty\u00f6t\u00e4 Amazonin suojelemiseksi.\n\t\t\t\t\t<\/a>\n\t\t\t\t\t\t\t\t                                    <a\n                        class=\"btn btn-primary\"\n                        data-ga-category=\"Take Action Boxout\"\n                        data-ga-action=\"Call to Action\"\n                        data-ga-label=\"n\/a\"\n                        href=\"https:\/\/lahjoita.greenpeace.org\/d\/tee-lahjoitus-amazon\"\n                        target=\"_blank\"\n                    >\n                        Tee lahjoitus\n                    <\/a>\n                \t\t\t<\/div>\n\t\t\t\t\t<\/section>\n\t\n<figure class=\"wp-block-embed-wordpress wp-block-embed is-type-wp-embed is-provider-greenpeace-suomi\"><div class=\"wp-block-embed__wrapper\">\n<blockquote class=\"wp-embedded-content\" data-secret=\"mcD3WgEhbB\"><a href=\"https:\/\/www.greenpeace.org\/finland\/blogit\/metsat\/kriisitilanne-amazonin-sademetsissa-pahenee-pandemian-seurauksena\/\">Kriisitilanne Amazonin sademetsiss\u00e4 pahenee pandemian seurauksena<\/a><\/blockquote><iframe loading=\"lazy\" class=\"wp-embedded-content\" sandbox=\"allow-scripts\" security=\"restricted\" style=\"position: absolute; visibility: hidden;\" title=\"&#8221;Kriisitilanne Amazonin sademetsiss\u00e4 pahenee pandemian seurauksena&#8221; &#8212; Greenpeace Suomi\" src=\"https:\/\/www.greenpeace.org\/finland\/blogit\/metsat\/kriisitilanne-amazonin-sademetsissa-pahenee-pandemian-seurauksena\/embed\/#?secret=2ZKYWFLR7v#?secret=mcD3WgEhbB\" data-secret=\"mcD3WgEhbB\" width=\"500\" height=\"282\" frameborder=\"0\" marginwidth=\"0\" marginheight=\"0\" scrolling=\"no\"><\/iframe>\n<\/div><\/figure>\n\n<p><\/p>\n","protected":false},"excerpt":{"rendered":"<p>El\u00e4imet k\u00e4rsiv\u00e4t Brasilian mets\u00e4paloissa. Maailman suurin kosteikkoalue on tulessa ja villiel\u00e4imill\u00e4 on h\u00e4t\u00e4. Lue lis\u00e4\u00e4.<\/p>\n","protected":false},"author":33,"featured_media":5866,"comment_status":"closed","ping_status":"open","sticky":false,"template":"","format":"standard","meta":{"_improvement_type_select":"improve_an_existing","_thumb_yes_seoaic":false,"_frame_yes_seoaic":false,"seoaic_generate_description":"","seoaic_improve_instructions_prompt":"","seoaic_rollback_content_improvement":"","seoaic_idea_thumbnail_generator":"","thumbnail_generated":false,"thumbnail_generate_prompt":"","seoaic_article_description":"","ep_exclude_from_search":false,"seoaic_article_subtitles":[],"p4_og_title":"El\u00e4imet k\u00e4rsiv\u00e4t Brasilian mets\u00e4paloissa","p4_og_description":"<p><span style=\"font-weight: 400\">El\u00e4imet k\u00e4rsiv\u00e4t Brasilian mets\u00e4paloissa. Maailman suurin kosteikkoalue on tulessa ja villiel\u00e4imill\u00e4 on h\u00e4t\u00e4. Lue lis\u00e4\u00e4 ja auta.<\/span><\/p>","p4_og_image":"https:\/\/www.greenpeace.org\/static\/planet4-finland-stateless\/2020\/10\/a6bc4169-gp1sucdk_web_size.jpg","p4_og_image_id":"5866","p4_seo_canonical_url":"","p4_campaign_name":"not set","p4_local_project":"not set","p4_basket_name":"not set","p4_department":"","footnotes":""},"categories":[3],"tags":[23,52,70],"p4-page-type":[16],"class_list":["post-5862","post","type-post","status-publish","format-standard","has-post-thumbnail","hentry","category-metsat","tag-sademetsat","tag-amazon","tag-luontokato","p4-page-type-blogit"],"_links":{"self":[{"href":"https:\/\/www.greenpeace.org\/finland\/wp-json\/wp\/v2\/posts\/5862","targetHints":{"allow":["GET"]}}],"collection":[{"href":"https:\/\/www.greenpeace.org\/finland\/wp-json\/wp\/v2\/posts"}],"about":[{"href":"https:\/\/www.greenpeace.org\/finland\/wp-json\/wp\/v2\/types\/post"}],"author":[{"embeddable":true,"href":"https:\/\/www.greenpeace.org\/finland\/wp-json\/wp\/v2\/users\/33"}],"replies":[{"embeddable":true,"href":"https:\/\/www.greenpeace.org\/finland\/wp-json\/wp\/v2\/comments?post=5862"}],"version-history":[{"count":2,"href":"https:\/\/www.greenpeace.org\/finland\/wp-json\/wp\/v2\/posts\/5862\/revisions"}],"predecessor-version":[{"id":5870,"href":"https:\/\/www.greenpeace.org\/finland\/wp-json\/wp\/v2\/posts\/5862\/revisions\/5870"}],"wp:featuredmedia":[{"embeddable":true,"href":"https:\/\/www.greenpeace.org\/finland\/wp-json\/wp\/v2\/media\/5866"}],"wp:attachment":[{"href":"https:\/\/www.greenpeace.org\/finland\/wp-json\/wp\/v2\/media?parent=5862"}],"wp:term":[{"taxonomy":"category","embeddable":true,"href":"https:\/\/www.greenpeace.org\/finland\/wp-json\/wp\/v2\/categories?post=5862"},{"taxonomy":"post_tag","embeddable":true,"href":"https:\/\/www.greenpeace.org\/finland\/wp-json\/wp\/v2\/tags?post=5862"},{"taxonomy":"p4-page-type","embeddable":true,"href":"https:\/\/www.greenpeace.org\/finland\/wp-json\/wp\/v2\/p4-page-type?post=5862"}],"curies":[{"name":"wp","href":"https:\/\/api.w.org\/{rel}","templated":true}]}}