{"id":58663,"date":"2025-02-25T17:09:15","date_gmt":"2025-02-25T14:09:15","guid":{"rendered":"https:\/\/www.greenpeace.org\/finland\/?p=58663"},"modified":"2025-02-26T11:58:14","modified_gmt":"2025-02-26T08:58:14","slug":"oljy-yhtio-uhkaa-greenpeacea-vahva-kansalaisyhteiskunta-on-meidan-kaikkien-turva","status":"publish","type":"post","link":"https:\/\/www.greenpeace.org\/finland\/blogit\/greenpeace\/oljy-yhtio-uhkaa-greenpeacea-vahva-kansalaisyhteiskunta-on-meidan-kaikkien-turva\/","title":{"rendered":"\u00d6ljy-yhti\u00f6 uhkaa Greenpeacea &#8211; vahva kansalaisyhteiskunta on meid\u00e4n kaikkien turva"},"content":{"rendered":"\n<p><a href=\"https:\/\/www.greenpeace.org\/finland\/tiedotteet\/ilmastonmuutos\/yhdysvalloissa-alkoi-merkittava-sananvapausoikeudenkaynti-greenpeace-puolustaa-kansalaisoikeuksia-energy-transferin-slapp-kannetta-vastaan\/\"><em>Greenpeacen historian karuin oikeusjuttu k\u00e4ynnistyi maanantaina 24. helmikuuta Yhdysvalloissa<\/em><\/a><em>. Energy Transfer \u2013 miljardien liikevaihdolla operoiva \u00f6ljy- ja kaasuyhti\u00f6 \u2013 uhkaa Greenpeace USA:ta\u00a0 300 miljoonan dollarin korvausvaatimuksilla rauhanomaisten mielenosoitusten takia. Oikeudenk\u00e4ynnin odotetaan kest\u00e4v\u00e4n monta viikkoa.<\/em><\/p>\n\n<figure class=\"wp-block-image size-large\"><img loading=\"lazy\" decoding=\"async\" width=\"1024\" height=\"683\" src=\"https:\/\/www.greenpeace.org\/static\/planet4-finland-stateless\/2025\/02\/65799a17-gp0su1ug5-1024x683.jpg\" alt=\"\" class=\"wp-image-58662\" srcset=\"https:\/\/www.greenpeace.org\/static\/planet4-finland-stateless\/2025\/02\/65799a17-gp0su1ug5-1024x683.jpg 1024w, https:\/\/www.greenpeace.org\/static\/planet4-finland-stateless\/2025\/02\/65799a17-gp0su1ug5-300x200.jpg 300w, https:\/\/www.greenpeace.org\/static\/planet4-finland-stateless\/2025\/02\/65799a17-gp0su1ug5-768x512.jpg 768w, https:\/\/www.greenpeace.org\/static\/planet4-finland-stateless\/2025\/02\/65799a17-gp0su1ug5-510x340.jpg 510w, https:\/\/www.greenpeace.org\/static\/planet4-finland-stateless\/2025\/02\/65799a17-gp0su1ug5.jpg 1200w\" sizes=\"auto, (max-width: 1024px) 100vw, 1024px\" \/><figcaption class=\"wp-element-caption\">Mielenosoitus sananvapauden puolesta.<\/figcaption><\/figure>\n\n<p>Vaakalaudalla on Greenpeace USA:n tulevaisuus. Greenpeacen lis\u00e4ksi uhattuna on sananvapaus ja oikeus osoittaa mielt\u00e4. Vaikka kanne on nostettu jo aiemmin, se sopii hyvin <strong>Donald Trumpin<\/strong> hallinnon yritykseen murtaa demokratian peruspilareita.<\/p>\n\n<p>Yksi Trumpin suurlahjoittajista on Energy Transferin hallituksen puheenjohtaja ja toimistusjohtaja <strong>Kelcy Warren<\/strong>, jonka mukaan luonnonsuojelijat <a href=\"https:\/\/www.theguardian.com\/us-news\/2025\/feb\/20\/greenpeace-energy-transfer-dakota-pipeline-trial\">\u201cpit\u00e4isi poistaa geenipoolista.\u201d<\/a> Oikeudenk\u00e4ynti on h\u00e4nelle kuin pyh\u00e4 teht\u00e4v\u00e4.<\/p>\n\n<p>Oikeusjuttu perustuu Energy Transferin aikeeseen rakentaa \u00f6ljyputki Pohjois-Dakotan Standing Rockiin, mik\u00e4 nosti alueen alkuper\u00e4iskansan vastarintaan. Solidaarisuus alkuper\u00e4iskansalle kasvatti vastarinnan suuriksi mielenosoituksiksi, jotka saivat julkisuutta laajalti. My\u00f6s Greenpeace USA tuki vastarintaa. Lyhyesti sanottuna Energy Transfer kuitenkin mit\u00e4t\u00f6i alkuper\u00e4iskansan kamppailun ja v\u00e4itt\u00e4\u00e4, ett\u00e4 Greenpeace j\u00e4rjesti mielenosoitukset.<\/p>\n\n<p>Koko per\u00e4t\u00f6n oikeusjuttu on vihamielinen yritys vaientaa kansalaisj\u00e4rjest\u00f6j\u00e4. L\u00e4pi menness\u00e4\u00e4n juttu olisi vaarallinen ennakkotapaus ja uhkaisi demokratiaan kuuluvaa oikeutta osoittaa mielt\u00e4. Sellainen p\u00e4\u00e4t\u00f6s voisi asettaa kenet tahansa mielenosoitukseen osallistuvan vastuulliseksi muiden mielenosoituksessa tekemist\u00e4 teoista. Me emme yksinkertaisesti voi antaa trumpistien onnistua.<\/p>\n\n<p><strong>Kansalaisyhteiskunta on turvamme<\/strong><\/p>\n\n<p>Ymp\u00e4ri maailmaa on j\u00e4lleen nousussa voimia, jotka yritt\u00e4v\u00e4t murentaa uskoa yhteis\u00f6llisyyteen ja oikeudenmukaisuuteen. N\u00e4iden voimien puhetorvet lietsovat pelkoa ja kaaosta. Heid\u00e4n taktiikkansa on uhkailun, kiristyksen ja tyhjien nostalgisten lupausten sekava yhdistelm\u00e4.<\/p>\n\n<p>Kun valta keskittyy ja harhaanjohtava tieto levi\u00e4\u00e4, on elint\u00e4rke\u00e4\u00e4, ett\u00e4 on heit\u00e4, jotka puuttuvat ep\u00e4kohtiin pelotta ja ilman sidonnaisuuksia. Me kuulumme heihin. Yhdess\u00e4 me voitamme trumpit ja warrenit.<\/p>\n\n<p>Toimiva ja rohkea kansalaisyhteiskunta on paras turvamme. Suurta joukkoa aktiivisia kansalaisia ei voi pelotella. Jos uhkailijat saavat yhden tien parempaan maailmaan tukittua, ihmiset l\u00f6yt\u00e4v\u00e4t aina uuden tien eteenp\u00e4in. T\u00e4m\u00e4 on toivomme: toiminta paremman ja kest\u00e4v\u00e4mm\u00e4n tulevaisuuden puolesta. Tule mukaan.<\/p>\n","protected":false},"excerpt":{"rendered":"<p>Greenpeacen historian karuin oikeusjuttu k\u00e4ynnistyi maanantaina 24. helmikuuta Yhdysvalloissa. <\/p>\n","protected":false},"author":25,"featured_media":58662,"comment_status":"closed","ping_status":"closed","sticky":false,"template":"","format":"standard","meta":{"_improvement_type_select":"improve_an_existing","_thumb_yes_seoaic":false,"_frame_yes_seoaic":false,"seoaic_generate_description":"","seoaic_improve_instructions_prompt":"","seoaic_rollback_content_improvement":"","seoaic_idea_thumbnail_generator":"","thumbnail_generated":false,"thumbnail_generate_prompt":"","seoaic_article_description":"","ep_exclude_from_search":false,"seoaic_article_subtitles":[],"p4_og_title":"","p4_og_description":"","p4_og_image":"","p4_og_image_id":"","p4_seo_canonical_url":"","p4_campaign_name":"","p4_local_project":"","p4_basket_name":"","p4_department":"","footnotes":""},"categories":[31],"tags":[72],"p4-page-type":[16],"class_list":["post-58663","post","type-post","status-publish","format-standard","has-post-thumbnail","hentry","category-greenpeace","tag-alkuperaiskansojenoikeudet","p4-page-type-blogit"],"_links":{"self":[{"href":"https:\/\/www.greenpeace.org\/finland\/wp-json\/wp\/v2\/posts\/58663","targetHints":{"allow":["GET"]}}],"collection":[{"href":"https:\/\/www.greenpeace.org\/finland\/wp-json\/wp\/v2\/posts"}],"about":[{"href":"https:\/\/www.greenpeace.org\/finland\/wp-json\/wp\/v2\/types\/post"}],"author":[{"embeddable":true,"href":"https:\/\/www.greenpeace.org\/finland\/wp-json\/wp\/v2\/users\/25"}],"replies":[{"embeddable":true,"href":"https:\/\/www.greenpeace.org\/finland\/wp-json\/wp\/v2\/comments?post=58663"}],"version-history":[{"count":4,"href":"https:\/\/www.greenpeace.org\/finland\/wp-json\/wp\/v2\/posts\/58663\/revisions"}],"predecessor-version":[{"id":58673,"href":"https:\/\/www.greenpeace.org\/finland\/wp-json\/wp\/v2\/posts\/58663\/revisions\/58673"}],"wp:featuredmedia":[{"embeddable":true,"href":"https:\/\/www.greenpeace.org\/finland\/wp-json\/wp\/v2\/media\/58662"}],"wp:attachment":[{"href":"https:\/\/www.greenpeace.org\/finland\/wp-json\/wp\/v2\/media?parent=58663"}],"wp:term":[{"taxonomy":"category","embeddable":true,"href":"https:\/\/www.greenpeace.org\/finland\/wp-json\/wp\/v2\/categories?post=58663"},{"taxonomy":"post_tag","embeddable":true,"href":"https:\/\/www.greenpeace.org\/finland\/wp-json\/wp\/v2\/tags?post=58663"},{"taxonomy":"p4-page-type","embeddable":true,"href":"https:\/\/www.greenpeace.org\/finland\/wp-json\/wp\/v2\/p4-page-type?post=58663"}],"curies":[{"name":"wp","href":"https:\/\/api.w.org\/{rel}","templated":true}]}}