{"id":59034,"date":"2025-03-20T14:43:00","date_gmt":"2025-03-20T11:43:00","guid":{"rendered":"https:\/\/www.greenpeace.org\/finland\/?p=59034"},"modified":"2025-03-20T14:43:03","modified_gmt":"2025-03-20T11:43:03","slug":"orpo-petti-lupauksensa-hallitus-siirtaa-vastuun-vanhojen-metsien-saastamisesta-yhtioille","status":"publish","type":"post","link":"https:\/\/www.greenpeace.org\/finland\/tiedotteet\/ilmastonmuutos\/orpo-petti-lupauksensa-hallitus-siirtaa-vastuun-vanhojen-metsien-saastamisesta-yhtioille\/","title":{"rendered":"Orpo petti lupauksensa \u2013 hallitus siirt\u00e4\u00e4 vastuun vanhojen metsien s\u00e4\u00e4st\u00e4misest\u00e4 yhti\u00f6ille"},"content":{"rendered":"\n<figure class=\"wp-block-image size-large\"><img loading=\"lazy\" decoding=\"async\" width=\"1024\" height=\"635\" src=\"https:\/\/www.greenpeace.org\/static\/planet4-finland-stateless\/2023\/12\/213cee3f-homotiainen_2_channu_siitonen-1024x635.jpg\" title=\"h\u00f6m\u00f6tiainen pit\u00e4\u00e4 suussaan puuainesta.\" alt=\"h\u00f6m\u00f6tiainen pit\u00e4\u00e4 suussaan puuainesta.\" class=\"wp-image-55799\" srcset=\"https:\/\/www.greenpeace.org\/static\/planet4-finland-stateless\/2023\/12\/213cee3f-homotiainen_2_channu_siitonen-1024x635.jpg 1024w, https:\/\/www.greenpeace.org\/static\/planet4-finland-stateless\/2023\/12\/213cee3f-homotiainen_2_channu_siitonen-300x186.jpg 300w, https:\/\/www.greenpeace.org\/static\/planet4-finland-stateless\/2023\/12\/213cee3f-homotiainen_2_channu_siitonen-768x476.jpg 768w, https:\/\/www.greenpeace.org\/static\/planet4-finland-stateless\/2023\/12\/213cee3f-homotiainen_2_channu_siitonen-1536x952.jpg 1536w, https:\/\/www.greenpeace.org\/static\/planet4-finland-stateless\/2023\/12\/213cee3f-homotiainen_2_channu_siitonen-510x316.jpg 510w, https:\/\/www.greenpeace.org\/static\/planet4-finland-stateless\/2023\/12\/213cee3f-homotiainen_2_channu_siitonen.jpg 2000w\" sizes=\"auto, (max-width: 1024px) 100vw, 1024px\" \/><figcaption class=\"wp-element-caption\">Monet uhanalaiset mets\u00e4lajit, kuten h\u00f6m\u00f6tiainen, tarvitsevat elinymp\u00e4rist\u00f6kseen vanhoja metsi\u00e4.<\/figcaption><\/figure>\n\n<p><em>Greenpeace tuomitsee jyrk\u00e4sti Petteri Orpon hallituksen t\u00e4n\u00e4\u00e4n tekem\u00e4n p\u00e4\u00e4t\u00f6ksen, joka j\u00e4tt\u00e4\u00e4 kiistattomasti suojelun arvoisia vanhoja metsi\u00e4 hakkuu-uhan alle. Tutkijoiden laajasti tuomitseman linjauksen my\u00f6t\u00e4 luonnonmetsien m\u00e4\u00e4r\u00e4 Suomessa uhkaa nyt huveta entisest\u00e4\u00e4n, kun hallitus j\u00e4tt\u00e4\u00e4 pysyv\u00e4\u00e4 suojelup\u00e4\u00e4t\u00f6st\u00e4 odottaneita vanhoja metsi\u00e4 suojelun ulkopuolelle.<\/em><\/p>\n\n<p>\u201cP\u00e4\u00e4t\u00f6s on totaalinen rimanalitus kaikilla mittareilla. Orpon hallitus rajaa tarkoituksella viimeisi\u00e4 arvokkaita metsi\u00e4mme suojelun ulkopuolelle v\u00e4\u00e4ristelem\u00e4ll\u00e4 tieteellist\u00e4 tietoa. Samalla hallitus pett\u00e4\u00e4 omat vaalilupauksensa, ohittaa tiedeyhteis\u00f6n ja viranomaisten n\u00e4kemykset ja pyrkii luistamaan kansainv\u00e4lisist\u00e4 velvoitteistaan\u201d, sanoo Greenpeacen Suomen maajohtaja <strong>Touko Sipil\u00e4inen<\/strong>.<\/p>\n\n<p>Orpon hallituksen esitt\u00e4m\u00e4t kriteerit ker\u00e4siv\u00e4t lausuntokierroksella laajaa<a href=\"https:\/\/api.hankeikkuna.fi\/asiakirjat\/b3a8d5eb-a7cf-4ba2-a1cc-b40a2abfcc6d\/68266366-e934-436f-bef7-960a3155cc97\/KIRJE_20240904074527.PDF\"> kritiikki\u00e4<\/a> tutkijoilta ja yliopistoilta, alueellisilta ymp\u00e4rist\u00f6viranomaisilta, maakuntaliitoilta, Kuntaliitolta ja Saamelaisk\u00e4r\u00e4jilt\u00e4. Suomen ymp\u00e4rist\u00f6keskuksen <a href=\"https:\/\/www.eduskunta.fi\/FI\/vaski\/JulkaisuMetatieto\/Documents\/EDK-2024-AK-33184.pdf\">mukaan<\/a> kriteerit ovat \u201ctieteellisen tiedon tarkoitushakuista v\u00e4\u00e4ristely\u00e4\u201d, jota vaikuttaa ohjanneen pyrkimys pit\u00e4\u00e4 valtion mets\u00e4t raskaan maank\u00e4yt\u00f6n piiriss\u00e4. Per\u00e4ti 430 tutkijaa <a href=\"https:\/\/koneensaatio.fi\/metsanpuolella\/tutkijavetoomus\/\">vetosi<\/a> Orpon hallitukseen avoimella kirjeell\u00e4, jotta kriteerit m\u00e4\u00e4ritelt\u00e4isiin uudelleen. N\u00e4in ei kuitenkaan tapahtunut.<\/p>\n\n<p>\u201cEp\u00e4onnistunut suojelup\u00e4\u00e4t\u00f6s luo ep\u00e4varmuutta my\u00f6s mets\u00e4yhti\u00f6ille. Kun hallitus ei ota vastuuta vanhojen metsien suojelusta, j\u00e4\u00e4 suojelun ulkopuolelle rajautuvien luonnonmetsien s\u00e4\u00e4st\u00e4minen yhti\u00f6iden omien toimien varaan. P\u00e4\u00e4ministeri Orpolla oli el\u00e4m\u00e4ns\u00e4 tilaisuus j\u00e4tt\u00e4\u00e4 pysyv\u00e4, upea perint\u00f6 turvaamalla Suomen j\u00e4ljell\u00e4 olevat valtion vanhat mets\u00e4t kattavasti ja pysyv\u00e4sti. Nyt vanhojen metsien valmiiksi pieni m\u00e4\u00e4r\u00e4 uhkaa huvata entisest\u00e4\u00e4n, kun niit\u00e4 j\u00e4tet\u00e4\u00e4n pysyv\u00e4n suojelun ulkopuolelle\u201d, Sipil\u00e4inen varoittaa.<br><br>Suomi on sitoutunut pys\u00e4ytt\u00e4m\u00e4\u00e4n luontokadon ja lis\u00e4\u00e4m\u00e4\u00e4n suojelupinta-alaa tuntuvasti. EU:n biodiversiteettistrategia edellytt\u00e4\u00e4 erityisesti kaikkien j\u00e4ljell\u00e4 olevien luonnontilaisten metsien ja vanhojen metsien tiukkaa suojelua. T\u00e4m\u00e4n velvoitteen Orpon hallitus pyrkii nyt v\u00e4ltt\u00e4m\u00e4\u00e4n muuttamalla vanhojen metsien m\u00e4\u00e4ritelm\u00e4\u00e4 huomattavasti aiemmin k\u00e4ytetty\u00e4 ahtaammaksi, jottei suojeltavaa juuri l\u00f6ytyisi.<\/p>\n\n<p>\u201cOrpon hallituksen tieteen v\u00e4\u00e4ristely yll\u00e4pit\u00e4\u00e4 suojelukiistoja ja on vakava uhka Suomen mets\u00e4teollisuuden maineelle. Mets\u00e4teollisuus ei voi luottaa hallituksen asettamiin suojelukriteereihin vaarantamatta mainettaan vientimarkkinoilla, sill\u00e4 sijoittajia ja mets\u00e4teollisuuden asiakkaita kyll\u00e4 kiinnostaa, mink\u00e4laista puuta suomalaisiin tuotteisiin p\u00e4\u00e4tyy. Kriteereill\u00e4 ei ole mink\u00e4\u00e4nlaista hyv\u00e4ksynt\u00e4\u00e4 Suomen tiedeyhteis\u00f6lt\u00e4, eik\u00e4 siksi mit\u00e4\u00e4n arvoa. Me jatkamme luonnonmetsien puolustamista vahvojen luonnontieteellisten kriteerien pohjalta\u201d, Sipil\u00e4inen sanoo.<\/p>\n\n<h4 class=\"wp-block-heading\"><strong>Lis\u00e4tiedot<\/strong><\/h4>\n\n<p><strong>Touko Sipil\u00e4inen<\/strong>, Greenpeacen Suomen maajohtaja<br>touko.sipilainen@greenpeace.org, 044 239 4404<\/p>\n\n<p><strong>Kaisa Kosonen<\/strong>, ilmasto- ja mets\u00e4asiantuntija<br>kaisa.kosonen@greenpeace.org, 050 368 8488<\/p>\n","protected":false},"excerpt":{"rendered":"<p>Greenpeace tuomitsee jyrk\u00e4sti Petteri Orpon hallituksen t\u00e4n\u00e4\u00e4n tekem\u00e4n p\u00e4\u00e4t\u00f6ksen, joka j\u00e4tt\u00e4\u00e4 kiistattomasti suojelun arvoisia vanhoja metsi\u00e4 hakkuu-uhan alle. Tutkijoiden laajasti tuomitseman linjauksen my\u00f6t\u00e4 luonnonmetsien m\u00e4\u00e4r\u00e4 Suomessa uhkaa nyt huveta entisest\u00e4\u00e4n,&hellip;<\/p>\n","protected":false},"author":33,"featured_media":55799,"comment_status":"closed","ping_status":"closed","sticky":false,"template":"","format":"standard","meta":{"_improvement_type_select":"improve_an_existing","_thumb_yes_seoaic":false,"_frame_yes_seoaic":false,"seoaic_generate_description":"","seoaic_improve_instructions_prompt":"","seoaic_rollback_content_improvement":"","seoaic_idea_thumbnail_generator":"","thumbnail_generated":false,"thumbnail_generate_prompt":"","seoaic_article_description":"","ep_exclude_from_search":false,"seoaic_article_subtitles":[],"p4_og_title":"","p4_og_description":"","p4_og_image":"","p4_og_image_id":"","p4_seo_canonical_url":"","p4_campaign_name":"","p4_local_project":"","p4_basket_name":"","p4_department":"","footnotes":""},"categories":[1],"tags":[6,70,71],"p4-page-type":[14],"class_list":["post-59034","post","type-post","status-publish","format-standard","has-post-thumbnail","hentry","category-ilmastonmuutos","tag-luonnonmetsa","tag-luontokato","tag-suojellaanmetsat","p4-page-type-tiedotteet"],"_links":{"self":[{"href":"https:\/\/www.greenpeace.org\/finland\/wp-json\/wp\/v2\/posts\/59034","targetHints":{"allow":["GET"]}}],"collection":[{"href":"https:\/\/www.greenpeace.org\/finland\/wp-json\/wp\/v2\/posts"}],"about":[{"href":"https:\/\/www.greenpeace.org\/finland\/wp-json\/wp\/v2\/types\/post"}],"author":[{"embeddable":true,"href":"https:\/\/www.greenpeace.org\/finland\/wp-json\/wp\/v2\/users\/33"}],"replies":[{"embeddable":true,"href":"https:\/\/www.greenpeace.org\/finland\/wp-json\/wp\/v2\/comments?post=59034"}],"version-history":[{"count":2,"href":"https:\/\/www.greenpeace.org\/finland\/wp-json\/wp\/v2\/posts\/59034\/revisions"}],"predecessor-version":[{"id":59038,"href":"https:\/\/www.greenpeace.org\/finland\/wp-json\/wp\/v2\/posts\/59034\/revisions\/59038"}],"wp:featuredmedia":[{"embeddable":true,"href":"https:\/\/www.greenpeace.org\/finland\/wp-json\/wp\/v2\/media\/55799"}],"wp:attachment":[{"href":"https:\/\/www.greenpeace.org\/finland\/wp-json\/wp\/v2\/media?parent=59034"}],"wp:term":[{"taxonomy":"category","embeddable":true,"href":"https:\/\/www.greenpeace.org\/finland\/wp-json\/wp\/v2\/categories?post=59034"},{"taxonomy":"post_tag","embeddable":true,"href":"https:\/\/www.greenpeace.org\/finland\/wp-json\/wp\/v2\/tags?post=59034"},{"taxonomy":"p4-page-type","embeddable":true,"href":"https:\/\/www.greenpeace.org\/finland\/wp-json\/wp\/v2\/p4-page-type?post=59034"}],"curies":[{"name":"wp","href":"https:\/\/api.w.org\/{rel}","templated":true}]}}