{"id":59044,"date":"2025-03-20T14:22:47","date_gmt":"2025-03-20T11:22:47","guid":{"rendered":"https:\/\/www.greenpeace.org\/finland\/?p=59044"},"modified":"2025-03-20T14:22:51","modified_gmt":"2025-03-20T11:22:51","slug":"greenpeacen-aktivistit-osoittavat-mieltaan-metsa-boardin-yhtiokokouksessa-metsayhtioiden-on-sitouduttava-jattamaan-luonnonmetsat-rauhaan-nyt","status":"publish","type":"post","link":"https:\/\/www.greenpeace.org\/finland\/tiedotteet\/metsat\/greenpeacen-aktivistit-osoittavat-mieltaan-metsa-boardin-yhtiokokouksessa-metsayhtioiden-on-sitouduttava-jattamaan-luonnonmetsat-rauhaan-nyt\/","title":{"rendered":"Greenpeacen aktivistit osoittavat mielt\u00e4\u00e4n Mets\u00e4 Boardin yhti\u00f6kokouksessa: \u201cMets\u00e4yhti\u00f6iden on sitouduttava j\u00e4tt\u00e4m\u00e4\u00e4n luonnonmets\u00e4t rauhaan nyt!\u201d"},"content":{"rendered":"\n<p><strong>Greenpeacen aktivistit osoittavat mielt\u00e4\u00e4n Finlandia-talolla, miss\u00e4 on alkamassa mets\u00e4yhti\u00f6 Mets\u00e4 Boardin yhti\u00f6kokous. Aktivistit vaativat yhti\u00f6t\u00e4 sitoutumaan luontoarvoiltaan merkitt\u00e4vien luonnonmetsien suojeluun.<\/strong><\/p>\n\n<figure class=\"wp-block-image size-large\"><img loading=\"lazy\" decoding=\"async\" width=\"1024\" height=\"683\" src=\"https:\/\/www.greenpeace.org\/static\/planet4-finland-stateless\/2025\/03\/cd0ecd74-2025_metsaboard-03-jonne-sippola-1024x683.jpg\" alt=\"\" class=\"wp-image-59051\" srcset=\"https:\/\/www.greenpeace.org\/static\/planet4-finland-stateless\/2025\/03\/cd0ecd74-2025_metsaboard-03-jonne-sippola-1024x683.jpg 1024w, https:\/\/www.greenpeace.org\/static\/planet4-finland-stateless\/2025\/03\/cd0ecd74-2025_metsaboard-03-jonne-sippola-300x200.jpg 300w, https:\/\/www.greenpeace.org\/static\/planet4-finland-stateless\/2025\/03\/cd0ecd74-2025_metsaboard-03-jonne-sippola-768x512.jpg 768w, https:\/\/www.greenpeace.org\/static\/planet4-finland-stateless\/2025\/03\/cd0ecd74-2025_metsaboard-03-jonne-sippola-1536x1024.jpg 1536w, https:\/\/www.greenpeace.org\/static\/planet4-finland-stateless\/2025\/03\/cd0ecd74-2025_metsaboard-03-jonne-sippola-2048x1366.jpg 2048w, https:\/\/www.greenpeace.org\/static\/planet4-finland-stateless\/2025\/03\/cd0ecd74-2025_metsaboard-03-jonne-sippola-510x340.jpg 510w\" sizes=\"auto, (max-width: 1024px) 100vw, 1024px\" \/><figcaption class=\"wp-element-caption\">Greenpeace Nordenin aktivistit vaativat koko Mets\u00e4 Group -konsernilta v\u00e4lit\u00f6nt\u00e4 julkista sitoutumista siihen, ett\u00e4 niiden tuotteisiin ei p\u00e4\u00e4dy puuta luonnonmetsist\u00e4. Mielenosoitukseen osallistuu my\u00f6s Greenpeace Nordenin p\u00e4\u00e4sihteeri Sini Harkki (keskell\u00e4).<\/figcaption><\/figure>\n\n<p><em>Greenpeace Nordenin aktivistit vaativat koko Mets\u00e4 Group -konsernilta v\u00e4lit\u00f6nt\u00e4 julkista sitoutumista siihen, ett\u00e4 niiden tuotteisiin ei p\u00e4\u00e4dy puuta luonnonmetsist\u00e4. <\/em><\/p>\n\n<p>\u201cHallituksen ep\u00e4onnistunut suojelup\u00e4\u00e4t\u00f6s siirt\u00e4\u00e4 vastuun vanhojen metsien s\u00e4ilymisest\u00e4 mets\u00e4yhti\u00f6ille. Me vaadimme Mets\u00e4 Boardilta uskottavaa julkista sitoutumista siihen, ett\u00e4 sen tuotteisiin ei p\u00e4\u00e4dy puuta luonnonmetsist\u00e4\u201d, sanoo Greenpeace Nordenin p\u00e4\u00e4sihteeri <strong>Sini Harkki<\/strong>.<\/p>\n\n<p>Petteri Orpon hallitus on t\u00e4n\u00e4\u00e4n nuijinut l\u00e4pi laajasti kritisoidun p\u00e4\u00e4t\u00f6ksen, joka j\u00e4tt\u00e4\u00e4 runsaasti suojelun arvoisia vanhoja metsi\u00e4 suojelukriteerien ulkopuolelle. Yli 430 tutkijaa on <a href=\"https:\/\/koneensaatio.fi\/uutiset\/jo-yli-350-ymparistoalan-tutkijaa-vetoaa-hallitukseen-vanhojen-metsien-kriteerit-on-maariteltava-uudelleen\/\">tuominnut<\/a> Orpon hallituksen mets\u00e4kriteerit. Uhkana on, ett\u00e4 vanhoja metsi\u00e4 hakataan, mik\u00e4 kiihdytt\u00e4isi luontokatoa. Katseet k\u00e4\u00e4ntyv\u00e4tkin nyt mets\u00e4yhti\u00f6ihin ja niiden puunhankintaan.<\/p>\n\n<p>\u201cSuomen mets\u00e4luonto on ahtaalla. Suojelua tarvitaan lis\u00e4\u00e4, hakkuita v\u00e4hemm\u00e4n. Yksik\u00e4\u00e4n vastuullisesti toimiva yritys ei voi ostaa puuta vanhoista tai luonnontilaisista metsist\u00e4. Mets\u00e4yhti\u00f6iden on sitouduttava j\u00e4tt\u00e4m\u00e4\u00e4n luonnonmets\u00e4t rauhaan nojaten uskottaviin, tieteen mukaisiin kriteereihin\u201d, Greenpeacen mets\u00e4asiantuntija <strong>Matti <\/strong><strong>Liimatainen <\/strong>sanoo.<\/p>\n\n<p>Mets\u00e4 Group, johon Mets\u00e4 Board kuuluu, v\u00e4itt\u00e4\u00e4, ettei yhti\u00f6 hanki puuta vanhoista, luonnontilaisista tai muuten suojelunarvoisista metsist\u00e4. Silti Mets\u00e4 Group on j\u00e4\u00e4nyt kiinni hakkuusuunnitelmista, jotka kohdistuvat t\u00e4llaisiin metsiin <a href=\"https:\/\/www.greenpeace.org\/finland\/blogit\/metsat\/sallassa-hakataan-monisatavuotiaita-luonnonmetsia\/\">esimerkiksi Sallassa<\/a> [<a href=\"https:\/\/maps.greenpeace.org\/maps\/gpfi\/forest_crimes\/?id=2\">2<\/a>, <a href=\"https:\/\/maps.greenpeace.org\/maps\/gpfi\/forest_crimes\/?id=1\">3<\/a>, <a href=\"https:\/\/maps.greenpeace.org\/maps\/gpfi\/forest_crimes\/?id=8\">4<\/a>].<\/p>\n\n<p>\u201cMets\u00e4 Group puhuu kauniita, mutta ei pysty kertomaan, voiko sen tuotteisiin p\u00e4\u00e4ty\u00e4 puuta esimerkiksi Luonnonmets\u00e4ty\u00f6ryhm\u00e4n kartoittamista luonnonmetsist\u00e4, joita tutkijat ovat esitt\u00e4neet suojeluun. Riski luonnonmetsien puun p\u00e4\u00e4tymisest\u00e4 my\u00f6s Mets\u00e4 Boardin tuotteisiin s\u00e4ilyy niin kauan, kun yhti\u00f6n linjaukset ovat ymp\u00e4ripy\u00f6reit\u00e4 eik\u00e4 selkeit\u00e4 vastauksia saada\u201d, sanoo Liimatainen.<\/p>\n\n<p>Luonnonmets\u00e4-ty\u00f6ryhm\u00e4 on <a href=\"https:\/\/koneensaatio.fi\/tarinat-ja-julkaisut\/luonnonmetsatutkimuksen-loppusuoralla\/\">kartoittanut<\/a> luonnonmetsi\u00e4 valtion mailla vuosina 2020-2023 kriteerein, jotka Syken ja Luken <a href=\"https:\/\/helda.helsinki.fi\/items\/0dab79c5-dc5d-43d4-9a0f-b59a96c52589\">arvion mukaan<\/a> vastaavat vanhojen metsien EU:n ohjeistusta varsin hyvin. Luontopaneeli onkin <a href=\"https:\/\/luontopaneeli.fi\/ajankohtaista\/luontokato-jatkuu-ilman-merkittavaa-suojelupinta-alan-lisaysta-suomen-luontotavoitteisiin-tarvitaan-konkretiaa-ja-selkeat-mittarit\/\">esitt\u00e4nyt<\/a> n\u00e4iden arvokkaiden metsien suojelua, mutta niiden s\u00e4\u00e4styminen on nyt kiinni my\u00f6s Mets\u00e4hallituksen asiakkaista, kuten Mets\u00e4 Groupista. Kuvia ja karttoja Luonnonmets\u00e4ty\u00f6ryhm\u00e4n kartoittamista kohteista <a href=\"https:\/\/metsat.greenpeace.fi\/pages\/201_metsaa\">t\u00e4\u00e4ll\u00e4<\/a>.<\/p>\n\n<p><strong>Lis\u00e4tiedot ja haastattelut:<\/strong><br><br><strong>Matti Liimatainen<\/strong> (paikalla Finlandia-talolla)<br>Mets\u00e4asiantuntija, Greenpeace<br>Puh. 0400 346 329<\/p>\n\n<p><strong>Sanni Lahtinen<\/strong> (paikalla Finlandia-talolla)<br>Tiedottaja, Greenpeace<br>Puh. 040 751 7957<\/p>\n\n<p><a href=\"https:\/\/drive.google.com\/drive\/folders\/1HLgyRkk9CZkm-r6JDAbOc7p5JBLx_PqZ?usp=sharing\">Kuvia median k\u00e4ytt\u00f6\u00f6n p\u00e4ivittyy t\u00e4h\u00e4n Google Drive -kansioon.&nbsp;<\/a><\/p>\n","protected":false},"excerpt":{"rendered":"<p>Greenpeacen aktivistit osoittavat mielt\u00e4\u00e4n Finlandia-talolla, miss\u00e4 on alkamassa mets\u00e4yhti\u00f6 Mets\u00e4 Boardin yhti\u00f6kokous. Aktivistit vaativat yhti\u00f6t\u00e4 sitoutumaan luontoarvoiltaan merkitt\u00e4vien luonnonmetsien suojeluun.<\/p>\n","protected":false},"author":33,"featured_media":59051,"comment_status":"closed","ping_status":"closed","sticky":false,"template":"","format":"standard","meta":{"_improvement_type_select":"improve_an_existing","_thumb_yes_seoaic":false,"_frame_yes_seoaic":false,"seoaic_generate_description":"","seoaic_improve_instructions_prompt":"","seoaic_rollback_content_improvement":"","seoaic_idea_thumbnail_generator":"","thumbnail_generated":false,"thumbnail_generate_prompt":"","seoaic_article_description":"","ep_exclude_from_search":false,"seoaic_article_subtitles":[],"p4_og_title":"","p4_og_description":"","p4_og_image":"","p4_og_image_id":"","p4_seo_canonical_url":"","p4_campaign_name":"","p4_local_project":"","p4_basket_name":"","p4_department":"","footnotes":""},"categories":[3],"tags":[70,75,71,29],"p4-page-type":[14],"class_list":["post-59044","post","type-post","status-publish","format-standard","has-post-thumbnail","hentry","category-metsat","tag-luontokato","tag-metsateollisuus","tag-suojellaanmetsat","tag-vapaaehtoiset","p4-page-type-tiedotteet"],"_links":{"self":[{"href":"https:\/\/www.greenpeace.org\/finland\/wp-json\/wp\/v2\/posts\/59044","targetHints":{"allow":["GET"]}}],"collection":[{"href":"https:\/\/www.greenpeace.org\/finland\/wp-json\/wp\/v2\/posts"}],"about":[{"href":"https:\/\/www.greenpeace.org\/finland\/wp-json\/wp\/v2\/types\/post"}],"author":[{"embeddable":true,"href":"https:\/\/www.greenpeace.org\/finland\/wp-json\/wp\/v2\/users\/33"}],"replies":[{"embeddable":true,"href":"https:\/\/www.greenpeace.org\/finland\/wp-json\/wp\/v2\/comments?post=59044"}],"version-history":[{"count":3,"href":"https:\/\/www.greenpeace.org\/finland\/wp-json\/wp\/v2\/posts\/59044\/revisions"}],"predecessor-version":[{"id":59053,"href":"https:\/\/www.greenpeace.org\/finland\/wp-json\/wp\/v2\/posts\/59044\/revisions\/59053"}],"wp:featuredmedia":[{"embeddable":true,"href":"https:\/\/www.greenpeace.org\/finland\/wp-json\/wp\/v2\/media\/59051"}],"wp:attachment":[{"href":"https:\/\/www.greenpeace.org\/finland\/wp-json\/wp\/v2\/media?parent=59044"}],"wp:term":[{"taxonomy":"category","embeddable":true,"href":"https:\/\/www.greenpeace.org\/finland\/wp-json\/wp\/v2\/categories?post=59044"},{"taxonomy":"post_tag","embeddable":true,"href":"https:\/\/www.greenpeace.org\/finland\/wp-json\/wp\/v2\/tags?post=59044"},{"taxonomy":"p4-page-type","embeddable":true,"href":"https:\/\/www.greenpeace.org\/finland\/wp-json\/wp\/v2\/p4-page-type?post=59044"}],"curies":[{"name":"wp","href":"https:\/\/api.w.org\/{rel}","templated":true}]}}