{"id":59047,"date":"2025-03-20T15:33:25","date_gmt":"2025-03-20T12:33:25","guid":{"rendered":"https:\/\/www.greenpeace.org\/finland\/?p=59047"},"modified":"2025-03-20T15:33:31","modified_gmt":"2025-03-20T12:33:31","slug":"greenpeacen-aktivistit-myos-stora-enson-yhtiokokouksessa-vaativat-yhtiota-linjaamaan-ettei-se-hanki-puuta-luonnonmetsista","status":"publish","type":"post","link":"https:\/\/www.greenpeace.org\/finland\/tiedotteet\/metsat\/greenpeacen-aktivistit-myos-stora-enson-yhtiokokouksessa-vaativat-yhtiota-linjaamaan-ettei-se-hanki-puuta-luonnonmetsista\/","title":{"rendered":"Greenpeacen aktivistit my\u00f6s Stora Enson yhti\u00f6kokouksessa: vaativat yhti\u00f6t\u00e4 linjaamaan, ettei se hanki puuta luonnonmetsist\u00e4"},"content":{"rendered":"\n<p><strong>Greenpeacen aktivistit osoittavat mielt\u00e4\u00e4n my\u00f6s Stora Enson yhti\u00f6kokouspaikalla&nbsp; Katajanokalla Helsingiss\u00e4. J\u00e4rjest\u00f6 on j\u00e4tt\u00e4nyt Stora Ensolle aloitteen, jossa se esitt\u00e4\u00e4, ett\u00e4 yhti\u00f6 laatii uskottavan ja l\u00e4pin\u00e4kyv\u00e4n ohjeistuksen puunhankinnan est\u00e4miseksi luontoarvoiltaan merkitt\u00e4vist\u00e4 metsist\u00e4.&nbsp;<\/strong><\/p>\n\n<figure class=\"wp-block-image size-large\"><img loading=\"lazy\" decoding=\"async\" width=\"1024\" height=\"683\" src=\"https:\/\/www.greenpeace.org\/static\/planet4-finland-stateless\/2025\/03\/f3322f79-2025-stora-enso-pyry-kantonen002-1024x683.jpg\" alt=\"\" class=\"wp-image-59054\" srcset=\"https:\/\/www.greenpeace.org\/static\/planet4-finland-stateless\/2025\/03\/f3322f79-2025-stora-enso-pyry-kantonen002-1024x683.jpg 1024w, https:\/\/www.greenpeace.org\/static\/planet4-finland-stateless\/2025\/03\/f3322f79-2025-stora-enso-pyry-kantonen002-300x200.jpg 300w, https:\/\/www.greenpeace.org\/static\/planet4-finland-stateless\/2025\/03\/f3322f79-2025-stora-enso-pyry-kantonen002-768x512.jpg 768w, https:\/\/www.greenpeace.org\/static\/planet4-finland-stateless\/2025\/03\/f3322f79-2025-stora-enso-pyry-kantonen002-1536x1024.jpg 1536w, https:\/\/www.greenpeace.org\/static\/planet4-finland-stateless\/2025\/03\/f3322f79-2025-stora-enso-pyry-kantonen002-2048x1366.jpg 2048w, https:\/\/www.greenpeace.org\/static\/planet4-finland-stateless\/2025\/03\/f3322f79-2025-stora-enso-pyry-kantonen002-510x340.jpg 510w\" sizes=\"auto, (max-width: 1024px) 100vw, 1024px\" \/><figcaption class=\"wp-element-caption\">Pahvilaatikot sis\u00e4\u00e4nk\u00e4ynnin edess\u00e4 muistuttavat, ett\u00e4 Orpon hallituksen ep\u00e4onnistuneen suojelulinjauksen my\u00f6t\u00e4 todistusvastuu luonnonmetsien s\u00e4\u00e4st\u00e4misest\u00e4 on nyt mets\u00e4yhti\u00f6ill\u00e4. Ilman yhti\u00f6iden omia, uskottavia ja l\u00e4pin\u00e4kyvi\u00e4 linjauksia luonnonmetsien s\u00e4\u00e4st\u00e4misest\u00e4 suomalaisten tuotteiden yll\u00e4 leijuu nyt ep\u00e4ilys: \u201cSaattaa sis\u00e4lt\u00e4\u00e4 luonnonmets\u00e4\u00e4.\u201d<\/figcaption><\/figure>\n\n<p>\u201cSuomen viimeiset luonnonmets\u00e4t ovat korvaamattoman arvokkaita juuri luonnonmetsin\u00e4, eiv\u00e4t kertak\u00e4ytt\u00f6isen\u00e4 selluna tai pahvilaatikoina. Stora Enson ja muiden mets\u00e4yhti\u00f6iden on selv\u00e4sanaisesti luvattava, ettei niiden tuotteista l\u00f6ydy luonnonmetsi\u00e4 tai vanhoja metsi\u00e4 nyt tai tulevaisuudessa\u201d, sanoo Greenpeace Nordenin aktivisti <strong>Helka Julin<\/strong>.&nbsp;<\/p>\n\n<p>Orpon hallituksen t\u00e4n\u00e4\u00e4n tekem\u00e4, tutkijoilta t\u00e4ystyrm\u00e4yksen saanut p\u00e4\u00e4t\u00f6s rajaa suuren osan viel\u00e4 suojelun tarpeessa olevista vanhoista metsist\u00e4 suojelun ulkopuolelle. Hallituksen haluttomuus saattaa metsi\u00e4 kattavasti ja pysyv\u00e4sti suojelun siirt\u00e4\u00e4 vastuun vanhojen metsien s\u00e4ilytt\u00e4misest\u00e4 yh\u00e4 voimakkaammin puun ostajille.<\/p>\n\n<p>\u201cMets\u00e4yhti\u00f6iden vastuullisuuspuheista huolimatta luontokato ei ole pys\u00e4htynyt ja metsi\u00e4 on hakattu niin, ett\u00e4 ne ovat muuttuneet p\u00e4\u00e4st\u00f6l\u00e4hteeksi. Yhti\u00f6ilt\u00e4 tarvitaan nyt tekoja. Luonnonmetsien rauhaan j\u00e4tt\u00e4minen on helppo ensiaskel vastuullisuuteen. Vaadimme Stora Ensolta selv\u00e4\u00e4 ja julkista lupausta noudattaa puunhankinnassa tieteeseen pohjautuvia kriteerej\u00e4 vanhoille metsille ja j\u00e4tt\u00e4\u00e4 rauhaan ne luonnonmets\u00e4t, joita tutkijat ovat jo suositelleen suojeltaviksi\u201d, sanoo Greenpeace Nordenin Suomen apulaismaajohtaja <strong>Juha Aromaa<\/strong>.<\/p>\n\n<p>Greenpeace Norden teki asiasta <a href=\"https:\/\/www.greenpeace.org\/static\/planet4-finland-stateless\/2025\/03\/c459229d-stora-enso-yhtiokokousaloite-2025-01-15.pdf\">aloitteen Stora Enson yhti\u00f6kokoukselle<\/a>. Aloitetta ei otettu yhti\u00f6kokouksen asialistalle.<\/p>\n\n<p>Greenpeacen aktivisteja on osoittamassa mielt\u00e4 my\u00f6s Mets\u00e4 Boardin yhti\u00f6kokouksessa Finlandia-talolla.&nbsp;<\/p>\n\n<p><strong>Lis\u00e4tiedot:<\/strong><\/p>\n\n<p><strong>Juha Aromaa<\/strong>, apulaismaajohtaja, Greenpeace Norden (paikalla yhti\u00f6kokouksessa)<br>p. 050 3696202&nbsp;<\/p>\n\n<p><strong>Kaisa Kosonen<\/strong>, ilmastoasiantuntija, Greenpeace Norden (paikalla yhti\u00f6kokouksessa)<br>p. 050 368 8488&nbsp;<\/p>\n\n<p><a href=\"https:\/\/drive.google.com\/drive\/folders\/1Kqn5flIewtVrmyqs0BRCrrlU2JAa6c7U?usp=sharing\">Valokuvia median k\u00e4ytt\u00f6\u00f6n p\u00e4ivittyy t\u00e4h\u00e4n Google Drive -kansioon.&nbsp;<\/a><\/p>\n","protected":false},"excerpt":{"rendered":"<p>Greenpeacen aktivistit my\u00f6s Stora Enson yhti\u00f6kokouksessa: vaativat yhti\u00f6t\u00e4 linjaamaan, ettei se hanki puuta luonnonmetsist\u00e4<\/p>\n","protected":false},"author":33,"featured_media":59054,"comment_status":"closed","ping_status":"closed","sticky":false,"template":"","format":"standard","meta":{"_improvement_type_select":"improve_an_existing","_thumb_yes_seoaic":false,"_frame_yes_seoaic":false,"seoaic_generate_description":"","seoaic_improve_instructions_prompt":"","seoaic_rollback_content_improvement":"","seoaic_idea_thumbnail_generator":"","thumbnail_generated":false,"thumbnail_generate_prompt":"","seoaic_article_description":"","ep_exclude_from_search":false,"seoaic_article_subtitles":[],"p4_og_title":"","p4_og_description":"","p4_og_image":"","p4_og_image_id":"","p4_seo_canonical_url":"","p4_campaign_name":"","p4_local_project":"","p4_basket_name":"","p4_department":"","footnotes":""},"categories":[3],"tags":[6,70,75,78,29,71],"p4-page-type":[14],"class_list":["post-59047","post","type-post","status-publish","format-standard","has-post-thumbnail","hentry","category-metsat","tag-luonnonmetsa","tag-luontokato","tag-metsateollisuus","tag-monimuotoisuus","tag-vapaaehtoiset","tag-suojellaanmetsat","p4-page-type-tiedotteet"],"_links":{"self":[{"href":"https:\/\/www.greenpeace.org\/finland\/wp-json\/wp\/v2\/posts\/59047","targetHints":{"allow":["GET"]}}],"collection":[{"href":"https:\/\/www.greenpeace.org\/finland\/wp-json\/wp\/v2\/posts"}],"about":[{"href":"https:\/\/www.greenpeace.org\/finland\/wp-json\/wp\/v2\/types\/post"}],"author":[{"embeddable":true,"href":"https:\/\/www.greenpeace.org\/finland\/wp-json\/wp\/v2\/users\/33"}],"replies":[{"embeddable":true,"href":"https:\/\/www.greenpeace.org\/finland\/wp-json\/wp\/v2\/comments?post=59047"}],"version-history":[{"count":2,"href":"https:\/\/www.greenpeace.org\/finland\/wp-json\/wp\/v2\/posts\/59047\/revisions"}],"predecessor-version":[{"id":59056,"href":"https:\/\/www.greenpeace.org\/finland\/wp-json\/wp\/v2\/posts\/59047\/revisions\/59056"}],"wp:featuredmedia":[{"embeddable":true,"href":"https:\/\/www.greenpeace.org\/finland\/wp-json\/wp\/v2\/media\/59054"}],"wp:attachment":[{"href":"https:\/\/www.greenpeace.org\/finland\/wp-json\/wp\/v2\/media?parent=59047"}],"wp:term":[{"taxonomy":"category","embeddable":true,"href":"https:\/\/www.greenpeace.org\/finland\/wp-json\/wp\/v2\/categories?post=59047"},{"taxonomy":"post_tag","embeddable":true,"href":"https:\/\/www.greenpeace.org\/finland\/wp-json\/wp\/v2\/tags?post=59047"},{"taxonomy":"p4-page-type","embeddable":true,"href":"https:\/\/www.greenpeace.org\/finland\/wp-json\/wp\/v2\/p4-page-type?post=59047"}],"curies":[{"name":"wp","href":"https:\/\/api.w.org\/{rel}","templated":true}]}}